{"id":111,"date":"2016-09-29T15:18:02","date_gmt":"2016-09-29T18:18:02","guid":{"rendered":"https:\/\/motoculturasite.wordpress.com\/?p=111"},"modified":"2017-03-19T14:50:49","modified_gmt":"2017-03-19T17:50:49","slug":"mv-augusta-f4z","status":"publish","type":"post","link":"https:\/\/www.motocultura.com.br\/home\/mv-augusta-f4z\/","title":{"rendered":"MV Augusta F4Z"},"content":{"rendered":"<p>A MV Augusta, famosa por suas motos esportivas que apostam no design e performance, surpreende mais uma vez e, em parceria com o est\u00fadio de design automotivo italiano <a href=\"http:\/\/www.zagato.it\/\" target=\"_blank\">Zagato<\/a>, criou uma vers\u00e3o exclusiv\u00edssima da sua super esportiva F4. Motor, quadro e suspens\u00f5es originais foram mantidos mas a F4 ganhou uma roupa nova pra l\u00e1 de chamativa parecendo que a motocicleta saiu de algum filme de fic\u00e7\u00e3o cient\u00edfica sobre um futuro pr\u00f3ximo.<!--more--><\/p>\n<figure id=\"attachment_130\" aria-describedby=\"caption-attachment-130\" style=\"width: 1500px\" class=\"wp-caption aligncenter\"><img decoding=\"async\" loading=\"lazy\" class=\"wp-image-130 size-full\" src=\"https:\/\/www.motocultura.com.br\/home\/wp-content\/uploads\/2017\/01\/mv-agusta-f4z-superbike-01.jpg\" alt=\"mv-agusta-f4z-superbike-01\" width=\"1500\" height=\"1000\" srcset=\"https:\/\/www.motocultura.com.br\/home\/wp-content\/uploads\/2017\/01\/mv-agusta-f4z-superbike-01.jpg 1500w, https:\/\/www.motocultura.com.br\/home\/wp-content\/uploads\/2017\/01\/mv-agusta-f4z-superbike-01-300x200.jpg 300w, https:\/\/www.motocultura.com.br\/home\/wp-content\/uploads\/2017\/01\/mv-agusta-f4z-superbike-01-768x512.jpg 768w, https:\/\/www.motocultura.com.br\/home\/wp-content\/uploads\/2017\/01\/mv-agusta-f4z-superbike-01-1024x683.jpg 1024w\" sizes=\"(max-width: 1500px) 100vw, 1500px\" \/><figcaption id=\"caption-attachment-130\" class=\"wp-caption-text\">MV Augusta F4Z<\/figcaption><\/figure>\n<p>O modelo base\u00a0tem um motor de\u00a0998 cilindradas, 4 cilindros, 16 v\u00e1lvulas radiais e coletor de admiss\u00e3o vari\u00e1vel, alcan\u00e7ando\u00a0137 cavalos\u00a0de pot\u00eancia m\u00e1xima a 12.900 rpm.<\/p>\n<p>As linhas lembram bastante muitos desenhos conceituais de ve\u00edculos futuristas que vemos por a\u00ed. O banco \u00e9 inteiri\u00e7o e integrado ao desenho da moto. A carenagem integram abra\u00e7a completamente a moto e conta com uma pequena bolha e um \u00fanico farol redondo em destaque na frente de moto.<\/p>\n<figure id=\"attachment_143\" aria-describedby=\"caption-attachment-143\" style=\"width: 2014px\" class=\"wp-caption aligncenter\"><img decoding=\"async\" loading=\"lazy\" class=\"alignnone size-full wp-image-143\" src=\"https:\/\/motoculturasite.files.wordpress.com\/2017\/01\/2014-mv-agustaf4b.jpg\" alt=\"2014-mv-agustaf4b\" width=\"2014\" height=\"1344\" srcset=\"https:\/\/www.motocultura.com.br\/home\/wp-content\/uploads\/2017\/01\/2014-mv-agustaf4b.jpg 2014w, https:\/\/www.motocultura.com.br\/home\/wp-content\/uploads\/2017\/01\/2014-mv-agustaf4b-300x200.jpg 300w, https:\/\/www.motocultura.com.br\/home\/wp-content\/uploads\/2017\/01\/2014-mv-agustaf4b-768x513.jpg 768w, https:\/\/www.motocultura.com.br\/home\/wp-content\/uploads\/2017\/01\/2014-mv-agustaf4b-1024x683.jpg 1024w\" sizes=\"(max-width: 2014px) 100vw, 2014px\" \/><figcaption id=\"caption-attachment-143\" class=\"wp-caption-text\">A motocicleta base para o projeto: MV Augusta F4<\/figcaption><\/figure>\n<p>Confira as fotos e v\u00eddeos da mo\u00e7a.<\/p>\n<p><img decoding=\"async\" loading=\"lazy\" class=\"size-full wp-image-134 aligncenter\" src=\"https:\/\/motoculturasite.files.wordpress.com\/2017\/01\/mv-agusta-f4z-zagato-custom-superbike-2.jpg\" alt=\"Autodesk VRED Design 2016\" width=\"2826\" height=\"1700\" srcset=\"https:\/\/www.motocultura.com.br\/home\/wp-content\/uploads\/2017\/01\/mv-agusta-f4z-zagato-custom-superbike-2.jpg 2826w, https:\/\/www.motocultura.com.br\/home\/wp-content\/uploads\/2017\/01\/mv-agusta-f4z-zagato-custom-superbike-2-300x180.jpg 300w, https:\/\/www.motocultura.com.br\/home\/wp-content\/uploads\/2017\/01\/mv-agusta-f4z-zagato-custom-superbike-2-768x462.jpg 768w, https:\/\/www.motocultura.com.br\/home\/wp-content\/uploads\/2017\/01\/mv-agusta-f4z-zagato-custom-superbike-2-1024x616.jpg 1024w\" sizes=\"(max-width: 2826px) 100vw, 2826px\" \/><img decoding=\"async\" loading=\"lazy\" class=\"size-full wp-image-135 aligncenter\" src=\"https:\/\/motoculturasite.files.wordpress.com\/2017\/01\/mv-agusta-f4z-one-off-5.jpg\" alt=\"mv-agusta-f4z-one-off-5\" width=\"921\" height=\"1067\" srcset=\"https:\/\/www.motocultura.com.br\/home\/wp-content\/uploads\/2017\/01\/mv-agusta-f4z-one-off-5.jpg 921w, https:\/\/www.motocultura.com.br\/home\/wp-content\/uploads\/2017\/01\/mv-agusta-f4z-one-off-5-259x300.jpg 259w, https:\/\/www.motocultura.com.br\/home\/wp-content\/uploads\/2017\/01\/mv-agusta-f4z-one-off-5-768x890.jpg 768w, https:\/\/www.motocultura.com.br\/home\/wp-content\/uploads\/2017\/01\/mv-agusta-f4z-one-off-5-884x1024.jpg 884w\" sizes=\"(max-width: 921px) 100vw, 921px\" \/><img decoding=\"async\" loading=\"lazy\" class=\"size-full wp-image-133 aligncenter\" src=\"https:\/\/motoculturasite.files.wordpress.com\/2017\/01\/mv-agusta-f4z-one-off-7.jpg\" alt=\"mv-agusta-f4z-one-off-7\" width=\"1600\" height=\"1006\" srcset=\"https:\/\/www.motocultura.com.br\/home\/wp-content\/uploads\/2017\/01\/mv-agusta-f4z-one-off-7.jpg 1600w, https:\/\/www.motocultura.com.br\/home\/wp-content\/uploads\/2017\/01\/mv-agusta-f4z-one-off-7-300x189.jpg 300w, https:\/\/www.motocultura.com.br\/home\/wp-content\/uploads\/2017\/01\/mv-agusta-f4z-one-off-7-768x483.jpg 768w, https:\/\/www.motocultura.com.br\/home\/wp-content\/uploads\/2017\/01\/mv-agusta-f4z-one-off-7-1024x644.jpg 1024w\" sizes=\"(max-width: 1600px) 100vw, 1600px\" \/><\/p>\n<figure id=\"attachment_136\" aria-describedby=\"caption-attachment-136\" style=\"width: 1020px\" class=\"wp-caption aligncenter\"><img decoding=\"async\" loading=\"lazy\" class=\"alignnone size-full wp-image-136\" src=\"https:\/\/motoculturasite.files.wordpress.com\/2017\/01\/mv-agusta-f4z-one-off-3.jpg\" alt=\"mv-agusta-f4z-one-off-3\" width=\"1020\" height=\"1067\" srcset=\"https:\/\/www.motocultura.com.br\/home\/wp-content\/uploads\/2017\/01\/mv-agusta-f4z-one-off-3.jpg 1020w, https:\/\/www.motocultura.com.br\/home\/wp-content\/uploads\/2017\/01\/mv-agusta-f4z-one-off-3-287x300.jpg 287w, https:\/\/www.motocultura.com.br\/home\/wp-content\/uploads\/2017\/01\/mv-agusta-f4z-one-off-3-768x803.jpg 768w, https:\/\/www.motocultura.com.br\/home\/wp-content\/uploads\/2017\/01\/mv-agusta-f4z-one-off-3-979x1024.jpg 979w\" sizes=\"(max-width: 1020px) 100vw, 1020px\" \/><figcaption id=\"caption-attachment-136\" class=\"wp-caption-text\">O destaque do \u00fanico e pequeno farol redondo na frente<\/figcaption><\/figure>\n<p>Tamb\u00e9m d\u00e1 pra ter uma no\u00e7\u00e3o do conjunto com os teasers sobre a m\u00e1quina:<\/p>\n<p><iframe loading=\"lazy\" width=\"1200\" height=\"675\" src=\"https:\/\/www.youtube.com\/embed\/Gjo_veyVVUY?feature=oembed\" frameborder=\"0\" allowfullscreen><\/iframe><\/p>\n<p><iframe loading=\"lazy\" width=\"1200\" height=\"675\" src=\"https:\/\/www.youtube.com\/embed\/vwmUDNtLk0Q?feature=oembed\" frameborder=\"0\" allowfullscreen><\/iframe><\/p>\n","protected":false},"excerpt":{"rendered":"<p>A MV Augusta, famosa por suas motos esportivas que apostam no design e performance, surpreende mais uma vez e, em parceria com o est\u00fadio de design automotivo italiano Zagato, criou uma vers\u00e3o exclusiv\u00edssima da sua super esportiva F4. Motor, quadro e suspens\u00f5es originais foram mantidos mas a F4 ganhou uma roupa nova pra l\u00e1 de [&hellip;]<\/p>\n","protected":false},"author":1,"featured_media":642,"comment_status":"open","ping_status":"open","sticky":false,"template":"","format":"standard","meta":[],"categories":[5],"tags":[28],"jetpack_featured_media_url":"https:\/\/www.motocultura.com.br\/home\/wp-content\/uploads\/2016\/09\/mv-agusta-f4z-superbike-01.jpg","jetpack-related-posts":[{"id":1194,"url":"https:\/\/www.motocultura.com.br\/home\/cagiva-mito-125-a-historia-de-uma-classica-moderna\/","url_meta":{"origin":111,"position":0},"title":"Cagiva Mito 125 &#8211; A hist\u00f3ria de uma cl\u00e1ssica moderna","author":"Guilhes Damian","date":"6 de maio de 2017","format":false,"excerpt":"Nem s\u00f3 de super esportivas de quatro cilindros e\u00a01000cc vive o homem. Existem\u00a0pequenas j\u00f3ias de 125 cilindradas que, em termos de design, tecnologia e acabamento n\u00e3o devem absolutamente nada para ningu\u00e9m. Um bel\u00edssimo exemplar desta categoria e que tornou-se um cl\u00e1ssico moderno \u00e9 a Cagiva Mito. Uma pequena fant\u00e1stica que,\u2026","rel":"","context":"Em &quot;MOTOCICLETAS&quot;","block_context":{"text":"MOTOCICLETAS","link":"https:\/\/www.motocultura.com.br\/home\/category\/motocicletas\/"},"img":{"alt_text":"","src":"https:\/\/i0.wp.com\/www.motocultura.com.br\/home\/wp-content\/uploads\/2017\/05\/POST-MOTOCULTURA.png?resize=350%2C200&ssl=1","width":350,"height":200},"classes":[]},{"id":1119,"url":"https:\/\/www.motocultura.com.br\/home\/as-motos-de-ayrton-senna\/","url_meta":{"origin":111,"position":1},"title":"As motos de Ayrton Senna","author":"Guilhes Damian","date":"1 de maio de 2017","format":false,"excerpt":"O feriado do dia primeiro de maio, dia do trabalho, no Brasil tamb\u00e9m tem outro significado. Foi em primeiro de maio de 1994, em \u00cdmola, na It\u00e1lia, \u00a0que o\u00a0pa\u00eds perdeu um de seus maiores atletas em um acidente pol\u00eamico e debatido at\u00e9 hoje e que tirou a vida do tricampe\u00e3o\u2026","rel":"","context":"Em &quot;CULTURA&quot;","block_context":{"text":"CULTURA","link":"https:\/\/www.motocultura.com.br\/home\/category\/cultura\/"},"img":{"alt_text":"","src":"https:\/\/i0.wp.com\/www.motocultura.com.br\/home\/wp-content\/uploads\/2017\/05\/POST-MOTOCULTURA-temp.png?resize=350%2C200&ssl=1","width":350,"height":200},"classes":[]},{"id":2116,"url":"https:\/\/www.motocultura.com.br\/home\/suzuki-katana-a-historia-da-motocicleta-que-definiu-o-design-das-motos-esportivas\/","url_meta":{"origin":111,"position":2},"title":"Suzuki Katana &#8211;  a hist\u00f3ria da motocicleta que definiu o design das motos esportivas","author":"Guilhes Damian","date":"7 de outubro de 2018","format":false,"excerpt":"No final dos anos 70 e in\u00edcio dos anos 80 a f\u00f3rmula de sucesso das chamadas Universal Japanese Motorcycle, mesmo com pouco tempo de vida (10 anos), j\u00e1 mostrava sinais de cansa\u00e7o. O termo referia-se ao padr\u00e3o de motocicleta japonesa introduzido em 1969 pela ic\u00f4nica Honda CB750 e seguido \u00e0\u2026","rel":"","context":"Em &quot;CULTURA&quot;","block_context":{"text":"CULTURA","link":"https:\/\/www.motocultura.com.br\/home\/category\/cultura\/"},"img":{"alt_text":"","src":"https:\/\/i0.wp.com\/www.motocultura.com.br\/home\/wp-content\/uploads\/2018\/10\/chamada.png?resize=350%2C200&ssl=1","width":350,"height":200},"classes":[]},{"id":3444,"url":"https:\/\/www.motocultura.com.br\/home\/moto-do-filme-as-estrelas-e-coadjuvantes-de-duas-rodas-no-cinema\/","url_meta":{"origin":111,"position":3},"title":"Moto do filme: as estrelas e coadjuvantes de duas rodas no cinema","author":"Guilhes Damian","date":"26 de abril de 2020","format":false,"excerpt":"Em geral, por ser algo muito mais universal, os autom\u00f3veis tem uma voca\u00e7\u00e3o natural para se transformarem em \u00edcones da cultura pop por interm\u00e9dio do cinema e de s\u00e9ries de televis\u00e3o. Muitos deles acabaram tornando-se um personagem chave na trama. Coloque nessa conta, por exemplo, a ic\u00f4nica m\u00e1quina do tempo\u2026","rel":"","context":"Em &quot;CULTURA&quot;","block_context":{"text":"CULTURA","link":"https:\/\/www.motocultura.com.br\/home\/category\/cultura\/"},"img":{"alt_text":"","src":"https:\/\/i0.wp.com\/www.motocultura.com.br\/home\/wp-content\/uploads\/2020\/04\/chama-motos-do-cinema.jpg?resize=350%2C200&ssl=1","width":350,"height":200,"srcset":"https:\/\/i0.wp.com\/www.motocultura.com.br\/home\/wp-content\/uploads\/2020\/04\/chama-motos-do-cinema.jpg?resize=350%2C200&ssl=1 1x, https:\/\/i0.wp.com\/www.motocultura.com.br\/home\/wp-content\/uploads\/2020\/04\/chama-motos-do-cinema.jpg?resize=700%2C400&ssl=1 2x"},"classes":[]},{"id":4046,"url":"https:\/\/www.motocultura.com.br\/home\/moto-honda-cg-125-cafe-racer-por-santiago-cafe\/","url_meta":{"origin":111,"position":4},"title":"Moto Honda CG 125 cafe racer por Santiago Cafe","author":"Guilhes Damian","date":"9 de julho de 2022","format":false,"excerpt":"O chamado objeto de desejo nem sempre diz respeito a algum bem material car\u00edssimo, provavelmente acess\u00edvel a poucos com saldo banc\u00e1rio suficiente para tornar realidade um sonho de consumo em particular. Objeto de desejo, muitas vezes, tem rela\u00e7\u00e3o com identidade e, principalmente, em transformar algo ordin\u00e1rio, comum, em um objeto\u2026","rel":"","context":"Em &quot;CUSTOMIZA\u00c7\u00c3O&quot;","block_context":{"text":"CUSTOMIZA\u00c7\u00c3O","link":"https:\/\/www.motocultura.com.br\/home\/category\/customizacao\/"},"img":{"alt_text":"","src":"https:\/\/i0.wp.com\/www.motocultura.com.br\/home\/wp-content\/uploads\/2022\/07\/honda-cg-125-cafe-racer-001.jpg?resize=350%2C200&ssl=1","width":350,"height":200,"srcset":"https:\/\/i0.wp.com\/www.motocultura.com.br\/home\/wp-content\/uploads\/2022\/07\/honda-cg-125-cafe-racer-001.jpg?resize=350%2C200&ssl=1 1x, https:\/\/i0.wp.com\/www.motocultura.com.br\/home\/wp-content\/uploads\/2022\/07\/honda-cg-125-cafe-racer-001.jpg?resize=700%2C400&ssl=1 2x, https:\/\/i0.wp.com\/www.motocultura.com.br\/home\/wp-content\/uploads\/2022\/07\/honda-cg-125-cafe-racer-001.jpg?resize=1050%2C600&ssl=1 3x"},"classes":[]},{"id":3812,"url":"https:\/\/www.motocultura.com.br\/home\/ducati-916-cafe-racer-sr-corse\/","url_meta":{"origin":111,"position":5},"title":"Ducati 916 Cafe Racer da SR Corse","author":"Guilhes Damian","date":"7 de setembro de 2020","format":false,"excerpt":"Imagine a responsabilidade imensa em modificar uma motocicleta considerada uma da mais belas e exclusivas j\u00e1 constru\u00eddas pela fabricante que comumente \u00e9 chamada de Ferrari das duas rodas. E como se n\u00e3o bastasse, projetada por Massimo Tamburini, considerado uma esp\u00e9cie de Michelangelo (em refer\u00eancia ao famoso artista italiano) da arte\u2026","rel":"","context":"Em &quot;CUSTOMIZA\u00c7\u00c3O&quot;","block_context":{"text":"CUSTOMIZA\u00c7\u00c3O","link":"https:\/\/www.motocultura.com.br\/home\/category\/customizacao\/"},"img":{"alt_text":"","src":"https:\/\/i0.wp.com\/www.motocultura.com.br\/home\/wp-content\/uploads\/2020\/09\/abre-materia.jpg?resize=350%2C200&ssl=1","width":350,"height":200,"srcset":"https:\/\/i0.wp.com\/www.motocultura.com.br\/home\/wp-content\/uploads\/2020\/09\/abre-materia.jpg?resize=350%2C200&ssl=1 1x, https:\/\/i0.wp.com\/www.motocultura.com.br\/home\/wp-content\/uploads\/2020\/09\/abre-materia.jpg?resize=700%2C400&ssl=1 2x"},"classes":[]}],"jetpack_sharing_enabled":true,"_links":{"self":[{"href":"https:\/\/www.motocultura.com.br\/home\/wp-json\/wp\/v2\/posts\/111"}],"collection":[{"href":"https:\/\/www.motocultura.com.br\/home\/wp-json\/wp\/v2\/posts"}],"about":[{"href":"https:\/\/www.motocultura.com.br\/home\/wp-json\/wp\/v2\/types\/post"}],"author":[{"embeddable":true,"href":"https:\/\/www.motocultura.com.br\/home\/wp-json\/wp\/v2\/users\/1"}],"replies":[{"embeddable":true,"href":"https:\/\/www.motocultura.com.br\/home\/wp-json\/wp\/v2\/comments?post=111"}],"version-history":[{"count":0,"href":"https:\/\/www.motocultura.com.br\/home\/wp-json\/wp\/v2\/posts\/111\/revisions"}],"wp:featuredmedia":[{"embeddable":true,"href":"https:\/\/www.motocultura.com.br\/home\/wp-json\/wp\/v2\/media\/642"}],"wp:attachment":[{"href":"https:\/\/www.motocultura.com.br\/home\/wp-json\/wp\/v2\/media?parent=111"}],"wp:term":[{"taxonomy":"category","embeddable":true,"href":"https:\/\/www.motocultura.com.br\/home\/wp-json\/wp\/v2\/categories?post=111"},{"taxonomy":"post_tag","embeddable":true,"href":"https:\/\/www.motocultura.com.br\/home\/wp-json\/wp\/v2\/tags?post=111"}],"curies":[{"name":"wp","href":"https:\/\/api.w.org\/{rel}","templated":true}]}}