{"id":1441,"date":"2017-08-12T22:02:54","date_gmt":"2017-08-13T01:02:54","guid":{"rendered":"https:\/\/www.motocultura.com.br\/home\/?p=1441"},"modified":"2017-08-12T22:36:10","modified_gmt":"2017-08-13T01:36:10","slug":"moto-customizada-do-ano-motocultura-terceira-finalista-suzuki-intruder-125","status":"publish","type":"post","link":"https:\/\/www.motocultura.com.br\/home\/moto-customizada-do-ano-motocultura-terceira-finalista-suzuki-intruder-125\/","title":{"rendered":"Moto Customizada do Ano Motocultura \u2013 Terceira Finalista: Suzuki Intruder 125"},"content":{"rendered":"<p>Dia 8 de agosto aconteceu a terceira etapa do Concurso\u00a0<strong><a href=\"https:\/\/www.motocultura.com.br\/home\/moto-do-ano-motocultura\/\" target=\"_blank\" rel=\"noopener\">Moto Customizada do Ano Motocultura<\/a>\u00a0<\/strong>no\u00a0<a href=\"http:\/\/www.deliriumcafe.com.br\/delirium-cafe-sp\/\" target=\"_blank\" rel=\"noopener\"><strong>Delirium Caf\u00e9 S\u00e3o Paulo<\/strong><\/a>. Depois da escolha da\u00a0<a href=\"https:\/\/www.motocultura.com.br\/home\/customizacao\/moto-customizada-do-ano-motocultura-primeira-finalista-yamaha-xt600e\/\">primeira<\/a> e <a href=\"https:\/\/www.motocultura.com.br\/home\/customizacao\/moto-customizada-do-ano-motocultura-segunda-finalista-suzuki-freewind-650\/\">segunda<\/a> finalistas, mais 4 motocicletas foram a vota\u00e7\u00e3o popular para eleger mais uma para a grande final em novembro. Conhe\u00e7a as quatro participantes e a motocicleta eleita!<span id=\"more-1390\"><\/span><\/p>\n<p><!--more--><\/p>\n<p>Com a presen\u00e7a da\u00a0<strong>Ducati Campinas\u00a0<\/strong>como apoiadora oficial do evento e a convidada de honra\u00a0<strong>Ducati Scrambler,<\/strong>\u00a0para o p\u00fablico ver de perto a bela moto, a noite teve motos incr\u00edveis na disputa. A vota\u00e7\u00e3o popular que elegeu a moto finalista aconteceu como de costume pelo <a href=\"https:\/\/www.instagram.com\/motocultura_duc\/\" target=\"_blank\" rel=\"noopener\">Instagram do Motocultura<\/a>. Al\u00e9m disso, foi escolhido o primeiro grafismo vencedor do concurso de grafismo\u00a0<a href=\"https:\/\/www.motocultura.com.br\/home\/cultura\/concurso-de-grafismo-a-sua-ducati-dos-sonhos\/\" target=\"_blank\" rel=\"noopener\"><strong>A Sua Ducati dos Sonhos<\/strong><\/a>, convidando entusiastas e artistas a desenharem um grafismo exclusivo para a Scrambler!\u00a0<a href=\"https:\/\/www.motocultura.com.br\/home\/cultura\/concurso-de-grafismo-a-sua-ducati-dos-sonhos\/\">Voc\u00ea pode saber mais sobre o concurso de grafismo aqui<\/a>.<\/p>\n<h3>As eleitas<\/h3>\n<p>As quatro presentes no evento (infelizmente, um participante n\u00e3o conseguiu levar sua moto), para o p\u00fablico ver todas de perto, foram aquelas que obtiveram a maior pontua\u00e7\u00e3o na escolha dos jurados.<\/p>\n<h4>Honda CB400 de Adri\u00e1n Hernandez<\/h4>\n<p>Uma constru\u00e7\u00e3o impec\u00e1vel projetada pelo mexicano Adri\u00e1n e executada pela oficina <a href=\"http:\/\/retroridesbylourenco.wixsite.com\/brasil\" target=\"_blank\" rel=\"noopener\">Retro Rides<\/a> chamou a aten\u00e7\u00e3o de todos. A moto, inclusive, j\u00e1 rodou o mundo por conta do projeto impec\u00e1vel tendo at\u00e9 um v\u00eddeo dedicado a ela no canal <strong><em>Racer TV<\/em><\/strong> (<a href=\"https:\/\/www.youtube.com\/watch?v=DZ39HRlNs2M\" target=\"_blank\" rel=\"noopener\">assista aqui<\/a>)<\/p>\n<p><a href=\"https:\/\/www.motocultura.com.br\/home\/wp-content\/uploads\/2017\/08\/cb400-adrian.jpg\"><img decoding=\"async\" loading=\"lazy\" class=\"aligncenter size-full wp-image-1444\" src=\"https:\/\/www.motocultura.com.br\/home\/wp-content\/uploads\/2017\/08\/cb400-adrian.jpg\" alt=\"\" width=\"600\" height=\"600\" srcset=\"https:\/\/www.motocultura.com.br\/home\/wp-content\/uploads\/2017\/08\/cb400-adrian.jpg 600w, https:\/\/www.motocultura.com.br\/home\/wp-content\/uploads\/2017\/08\/cb400-adrian-150x150.jpg 150w, https:\/\/www.motocultura.com.br\/home\/wp-content\/uploads\/2017\/08\/cb400-adrian-300x300.jpg 300w, https:\/\/www.motocultura.com.br\/home\/wp-content\/uploads\/2017\/08\/cb400-adrian-365x365.jpg 365w, https:\/\/www.motocultura.com.br\/home\/wp-content\/uploads\/2017\/08\/cb400-adrian-500x500.jpg 500w\" sizes=\"(max-width: 600px) 100vw, 600px\" \/><\/a><\/p>\n<h4><\/h4>\n<h4>Suzuki Intruder 125 de Eduardo Alves<\/h4>\n<p>Uma moto customizada pelo pr\u00f3prio propriet\u00e1rio que queria fazer algo exatamente como imaginou, sem dores de cabe\u00e7a e sem custo exorbitante. Destaque para a criativa frente projetado a partir de um para lama.<\/p>\n<p><a href=\"https:\/\/www.motocultura.com.br\/home\/wp-content\/uploads\/2017\/08\/suzuki-intruder-eduardo.jpg\"><img decoding=\"async\" loading=\"lazy\" class=\"aligncenter size-full wp-image-1445\" src=\"https:\/\/www.motocultura.com.br\/home\/wp-content\/uploads\/2017\/08\/suzuki-intruder-eduardo.jpg\" alt=\"\" width=\"600\" height=\"600\" srcset=\"https:\/\/www.motocultura.com.br\/home\/wp-content\/uploads\/2017\/08\/suzuki-intruder-eduardo.jpg 600w, https:\/\/www.motocultura.com.br\/home\/wp-content\/uploads\/2017\/08\/suzuki-intruder-eduardo-150x150.jpg 150w, https:\/\/www.motocultura.com.br\/home\/wp-content\/uploads\/2017\/08\/suzuki-intruder-eduardo-300x300.jpg 300w, https:\/\/www.motocultura.com.br\/home\/wp-content\/uploads\/2017\/08\/suzuki-intruder-eduardo-365x365.jpg 365w, https:\/\/www.motocultura.com.br\/home\/wp-content\/uploads\/2017\/08\/suzuki-intruder-eduardo-500x500.jpg 500w\" sizes=\"(max-width: 600px) 100vw, 600px\" \/><\/a><\/p>\n<h4><\/h4>\n<h4>Honda CBX750F de Elias Sampaio<\/h4>\n<p>Imponente e bel\u00edssima, a CBX tamb\u00e9m arrancou suspiros dos convidados.<\/p>\n<p><a href=\"https:\/\/www.motocultura.com.br\/home\/wp-content\/uploads\/2017\/08\/cbx750elias.jpg\"><img decoding=\"async\" loading=\"lazy\" class=\"aligncenter size-full wp-image-1446\" src=\"https:\/\/www.motocultura.com.br\/home\/wp-content\/uploads\/2017\/08\/cbx750elias.jpg\" alt=\"\" width=\"600\" height=\"600\" srcset=\"https:\/\/www.motocultura.com.br\/home\/wp-content\/uploads\/2017\/08\/cbx750elias.jpg 600w, https:\/\/www.motocultura.com.br\/home\/wp-content\/uploads\/2017\/08\/cbx750elias-150x150.jpg 150w, https:\/\/www.motocultura.com.br\/home\/wp-content\/uploads\/2017\/08\/cbx750elias-300x300.jpg 300w, https:\/\/www.motocultura.com.br\/home\/wp-content\/uploads\/2017\/08\/cbx750elias-365x365.jpg 365w, https:\/\/www.motocultura.com.br\/home\/wp-content\/uploads\/2017\/08\/cbx750elias-500x500.jpg 500w\" sizes=\"(max-width: 600px) 100vw, 600px\" \/><\/a><\/p>\n<h4><\/h4>\n<h4>Yamaha Fazer 250 de Daniel Costa<\/h4>\n<p>Uma scrambler clean e super bacana, com pintura bicolor e detalhes bem interessantes.<\/p>\n<p><a href=\"https:\/\/www.motocultura.com.br\/home\/wp-content\/uploads\/2017\/08\/fazer250-daniel.jpg\"><img decoding=\"async\" loading=\"lazy\" class=\"aligncenter size-full wp-image-1447\" src=\"https:\/\/www.motocultura.com.br\/home\/wp-content\/uploads\/2017\/08\/fazer250-daniel.jpg\" alt=\"\" width=\"600\" height=\"600\" srcset=\"https:\/\/www.motocultura.com.br\/home\/wp-content\/uploads\/2017\/08\/fazer250-daniel.jpg 600w, https:\/\/www.motocultura.com.br\/home\/wp-content\/uploads\/2017\/08\/fazer250-daniel-150x150.jpg 150w, https:\/\/www.motocultura.com.br\/home\/wp-content\/uploads\/2017\/08\/fazer250-daniel-300x300.jpg 300w, https:\/\/www.motocultura.com.br\/home\/wp-content\/uploads\/2017\/08\/fazer250-daniel-365x365.jpg 365w, https:\/\/www.motocultura.com.br\/home\/wp-content\/uploads\/2017\/08\/fazer250-daniel-500x500.jpg 500w\" sizes=\"(max-width: 600px) 100vw, 600px\" \/><\/a><\/p>\n<p>&nbsp;<\/p>\n<p>O p\u00fablico pode ver de perto todas as motos e a vota\u00e7\u00e3o aconteceu em um intervalo de aproximadamente duas horas onde as motos concorrentes foram escolhidas pela quantidade de likes no\u00a0<a href=\"https:\/\/www.instagram.com\/motocultura_duc\/\" target=\"_blank\" rel=\"noopener\"><strong>Instagram de Motocultura<\/strong><\/a>.<\/p>\n<p>&nbsp;<\/p>\n<p>Na opini\u00e3o da internet, a mais bacana de todas foi a pequena scrambler\u00a0<strong>Suzuki Intruder 125<\/strong>\u00a0de Eduardo Alves, trabalho executado pelo pr\u00f3prio nas horas vagas.<\/p>\n<h4>A vencedora, moto do m\u00eas e terceira finalista do concurso<\/h4>\n<figure id=\"attachment_1456\" aria-describedby=\"caption-attachment-1456\" style=\"width: 800px\" class=\"wp-caption aligncenter\"><a href=\"https:\/\/www.motocultura.com.br\/home\/wp-content\/uploads\/2017\/08\/vencedora-terceira-etapa.jpg\"><img decoding=\"async\" loading=\"lazy\" class=\"size-full wp-image-1456\" src=\"https:\/\/www.motocultura.com.br\/home\/wp-content\/uploads\/2017\/08\/vencedora-terceira-etapa.jpg\" alt=\"\" width=\"800\" height=\"533\" srcset=\"https:\/\/www.motocultura.com.br\/home\/wp-content\/uploads\/2017\/08\/vencedora-terceira-etapa.jpg 800w, https:\/\/www.motocultura.com.br\/home\/wp-content\/uploads\/2017\/08\/vencedora-terceira-etapa-300x200.jpg 300w, https:\/\/www.motocultura.com.br\/home\/wp-content\/uploads\/2017\/08\/vencedora-terceira-etapa-768x512.jpg 768w\" sizes=\"(max-width: 800px) 100vw, 800px\" \/><\/a><figcaption id=\"caption-attachment-1456\" class=\"wp-caption-text\">Intruder 125 e seu criador, Eduardo Alves: a grande vencedora na vota\u00e7\u00e3o do Instagram<\/figcaption><\/figure>\n<p>A Suzuki Intruder ganhou um ensaio exclusivo e mat\u00e9ria completa em v\u00eddeo no Motocultura. Em breve aqui no site!<\/p>\n<h4>Confira algumas fotos do evento<\/h4>\n<figure id=\"attachment_1453\" aria-describedby=\"caption-attachment-1453\" style=\"width: 800px\" class=\"wp-caption aligncenter\"><a href=\"https:\/\/www.motocultura.com.br\/home\/wp-content\/uploads\/2017\/08\/srambler-expo.jpg\"><img decoding=\"async\" loading=\"lazy\" class=\"size-full wp-image-1453\" src=\"https:\/\/www.motocultura.com.br\/home\/wp-content\/uploads\/2017\/08\/srambler-expo.jpg\" alt=\"\" width=\"800\" height=\"533\" srcset=\"https:\/\/www.motocultura.com.br\/home\/wp-content\/uploads\/2017\/08\/srambler-expo.jpg 800w, https:\/\/www.motocultura.com.br\/home\/wp-content\/uploads\/2017\/08\/srambler-expo-300x200.jpg 300w, https:\/\/www.motocultura.com.br\/home\/wp-content\/uploads\/2017\/08\/srambler-expo-768x512.jpg 768w\" sizes=\"(max-width: 800px) 100vw, 800px\" \/><\/a><figcaption id=\"caption-attachment-1453\" class=\"wp-caption-text\">A Ducati Scrambler recebendo todos os presentes<\/figcaption><\/figure>\n<p>&nbsp;<\/p>\n<figure id=\"attachment_1454\" aria-describedby=\"caption-attachment-1454\" style=\"width: 800px\" class=\"wp-caption aligncenter\"><a href=\"https:\/\/www.motocultura.com.br\/home\/wp-content\/uploads\/2017\/08\/motos-juntas.jpg\"><img decoding=\"async\" loading=\"lazy\" class=\"size-full wp-image-1454\" src=\"https:\/\/www.motocultura.com.br\/home\/wp-content\/uploads\/2017\/08\/motos-juntas.jpg\" alt=\"\" width=\"800\" height=\"533\" srcset=\"https:\/\/www.motocultura.com.br\/home\/wp-content\/uploads\/2017\/08\/motos-juntas.jpg 800w, https:\/\/www.motocultura.com.br\/home\/wp-content\/uploads\/2017\/08\/motos-juntas-300x200.jpg 300w, https:\/\/www.motocultura.com.br\/home\/wp-content\/uploads\/2017\/08\/motos-juntas-768x512.jpg 768w\" sizes=\"(max-width: 800px) 100vw, 800px\" \/><\/a><figcaption id=\"caption-attachment-1454\" class=\"wp-caption-text\">O p\u00fablico conferindo de perto as concorrentes<\/figcaption><\/figure>\n<p>&nbsp;<\/p>\n<figure id=\"attachment_1455\" aria-describedby=\"caption-attachment-1455\" style=\"width: 800px\" class=\"wp-caption aligncenter\"><a href=\"https:\/\/www.motocultura.com.br\/home\/wp-content\/uploads\/2017\/08\/bar-e-motos.jpg\"><img decoding=\"async\" loading=\"lazy\" class=\"size-full wp-image-1455\" src=\"https:\/\/www.motocultura.com.br\/home\/wp-content\/uploads\/2017\/08\/bar-e-motos.jpg\" alt=\"\" width=\"800\" height=\"534\" srcset=\"https:\/\/www.motocultura.com.br\/home\/wp-content\/uploads\/2017\/08\/bar-e-motos.jpg 800w, https:\/\/www.motocultura.com.br\/home\/wp-content\/uploads\/2017\/08\/bar-e-motos-300x200.jpg 300w, https:\/\/www.motocultura.com.br\/home\/wp-content\/uploads\/2017\/08\/bar-e-motos-768x513.jpg 768w\" sizes=\"(max-width: 800px) 100vw, 800px\" \/><\/a><figcaption id=\"caption-attachment-1455\" class=\"wp-caption-text\">Cerveja de todo tipo e motos no Delirium Cafe<\/figcaption><\/figure>\n<p>&nbsp;<\/p>\n<figure id=\"attachment_1449\" aria-describedby=\"caption-attachment-1449\" style=\"width: 800px\" class=\"wp-caption aligncenter\"><a href=\"https:\/\/www.motocultura.com.br\/home\/wp-content\/uploads\/2017\/08\/adrian.jpg\"><img decoding=\"async\" loading=\"lazy\" class=\"size-full wp-image-1449\" src=\"https:\/\/www.motocultura.com.br\/home\/wp-content\/uploads\/2017\/08\/adrian.jpg\" alt=\"\" width=\"800\" height=\"533\" srcset=\"https:\/\/www.motocultura.com.br\/home\/wp-content\/uploads\/2017\/08\/adrian.jpg 800w, https:\/\/www.motocultura.com.br\/home\/wp-content\/uploads\/2017\/08\/adrian-300x200.jpg 300w, https:\/\/www.motocultura.com.br\/home\/wp-content\/uploads\/2017\/08\/adrian-768x512.jpg 768w\" sizes=\"(max-width: 800px) 100vw, 800px\" \/><\/a><figcaption id=\"caption-attachment-1449\" class=\"wp-caption-text\">Adri\u00e1n, propriet\u00e1rio da famosa CB400, feliz\u00e3o recebendo seu certificado.<\/figcaption><\/figure>\n<p>&nbsp;<\/p>\n<figure id=\"attachment_1450\" aria-describedby=\"caption-attachment-1450\" style=\"width: 800px\" class=\"wp-caption aligncenter\"><a href=\"https:\/\/www.motocultura.com.br\/home\/wp-content\/uploads\/2017\/08\/elias.jpg\"><img decoding=\"async\" loading=\"lazy\" class=\"size-full wp-image-1450\" src=\"https:\/\/www.motocultura.com.br\/home\/wp-content\/uploads\/2017\/08\/elias.jpg\" alt=\"\" width=\"800\" height=\"533\" srcset=\"https:\/\/www.motocultura.com.br\/home\/wp-content\/uploads\/2017\/08\/elias.jpg 800w, https:\/\/www.motocultura.com.br\/home\/wp-content\/uploads\/2017\/08\/elias-300x200.jpg 300w, https:\/\/www.motocultura.com.br\/home\/wp-content\/uploads\/2017\/08\/elias-768x512.jpg 768w\" sizes=\"(max-width: 800px) 100vw, 800px\" \/><\/a><figcaption id=\"caption-attachment-1450\" class=\"wp-caption-text\">Elias Sampaio recebendo seu certificado de participa\u00e7\u00e3o. Disse que vai inscrever sua moto outra vez!<\/figcaption><\/figure>\n<p>&nbsp;<\/p>\n<figure id=\"attachment_1451\" aria-describedby=\"caption-attachment-1451\" style=\"width: 800px\" class=\"wp-caption aligncenter\"><a href=\"https:\/\/www.motocultura.com.br\/home\/wp-content\/uploads\/2017\/08\/vendecor.jpg\"><img decoding=\"async\" loading=\"lazy\" class=\"size-full wp-image-1451\" src=\"https:\/\/www.motocultura.com.br\/home\/wp-content\/uploads\/2017\/08\/vendecor.jpg\" alt=\"\" width=\"800\" height=\"533\" srcset=\"https:\/\/www.motocultura.com.br\/home\/wp-content\/uploads\/2017\/08\/vendecor.jpg 800w, https:\/\/www.motocultura.com.br\/home\/wp-content\/uploads\/2017\/08\/vendecor-300x200.jpg 300w, https:\/\/www.motocultura.com.br\/home\/wp-content\/uploads\/2017\/08\/vendecor-768x512.jpg 768w\" sizes=\"(max-width: 800px) 100vw, 800px\" \/><\/a><figcaption id=\"caption-attachment-1451\" class=\"wp-caption-text\">Eduardo Alves, o grande vencedor e um sorriso que n\u00e3o cabia no rosto.<\/figcaption><\/figure>\n<p>&nbsp;<\/p>\n<figure id=\"attachment_1452\" aria-describedby=\"caption-attachment-1452\" style=\"width: 800px\" class=\"wp-caption aligncenter\"><a href=\"https:\/\/www.motocultura.com.br\/home\/wp-content\/uploads\/2017\/08\/daniel.jpg\"><img decoding=\"async\" loading=\"lazy\" class=\"size-full wp-image-1452\" src=\"https:\/\/www.motocultura.com.br\/home\/wp-content\/uploads\/2017\/08\/daniel.jpg\" alt=\"\" width=\"800\" height=\"533\" srcset=\"https:\/\/www.motocultura.com.br\/home\/wp-content\/uploads\/2017\/08\/daniel.jpg 800w, https:\/\/www.motocultura.com.br\/home\/wp-content\/uploads\/2017\/08\/daniel-300x200.jpg 300w, https:\/\/www.motocultura.com.br\/home\/wp-content\/uploads\/2017\/08\/daniel-768x512.jpg 768w\" sizes=\"(max-width: 800px) 100vw, 800px\" \/><\/a><figcaption id=\"caption-attachment-1452\" class=\"wp-caption-text\">Daniel Costa recebendo seu certificado de participa\u00e7\u00e3o dos organizadores<\/figcaption><\/figure>\n<h4>Participe voc\u00ea tamb\u00e9m<\/h4>\n<p>Agora come\u00e7a a pr\u00f3xima fase do concurso! As <a href=\"https:\/\/docs.google.com\/forms\/d\/e\/1FAIpQLSfSncCf2PUk1gHfV-PJ4tBqC4yTpR-IjRnQE28OgOW5ISF2DQ\/viewform\" target=\"_blank\" rel=\"noopener\">inscri\u00e7\u00f5es j\u00e3 est\u00e3o abertas<\/a> e o evento para escolha da segunda finalista acontece no dia <strong>12 de Setembro<\/strong>\u00a0tamb\u00e9m no Delirium Cafe S\u00e3o Paulo. Ser\u00e3o mais dois eventos para escolher mais duas motos e dentre as cinco finalistas sair\u00e1 a moto do ano! Para participar basta <a href=\"https:\/\/docs.google.com\/forms\/d\/e\/1FAIpQLSfSncCf2PUk1gHfV-PJ4tBqC4yTpR-IjRnQE28OgOW5ISF2DQ\/viewform\" target=\"_blank\" rel=\"noopener\">preencher o formul\u00e1rio online de inscri\u00e7\u00e3o<\/a> para enviar informa\u00e7\u00f5es e fotos do projeto.<\/p>\n","protected":false},"excerpt":{"rendered":"<p>Dia 8 de agosto aconteceu a terceira etapa do Concurso\u00a0Moto Customizada do Ano Motocultura\u00a0no\u00a0Delirium Caf\u00e9 S\u00e3o Paulo. Depois da escolha da\u00a0primeira e segunda finalistas, mais 4 motocicletas foram a vota\u00e7\u00e3o popular para eleger mais uma para a grande final em novembro. Conhe\u00e7a as quatro participantes e a motocicleta eleita!<\/p>\n","protected":false},"author":2,"featured_media":1457,"comment_status":"open","ping_status":"closed","sticky":false,"template":"","format":"standard","meta":[],"categories":[5,6],"tags":[63,13,26,14],"jetpack_featured_media_url":"https:\/\/www.motocultura.com.br\/home\/wp-content\/uploads\/2017\/08\/terceira-etapa-destaque.png","jetpack-related-posts":[{"id":1390,"url":"https:\/\/www.motocultura.com.br\/home\/moto-customizada-do-ano-motocultura-segunda-finalista-suzuki-freewind-650\/","url_meta":{"origin":1441,"position":0},"title":"Moto Customizada do Ano Motocultura \u2013 Segunda Finalista: Suzuki Freewind 650","author":"Guilhes Damian","date":"17 de julho de 2017","format":false,"excerpt":"Dia 12 de julho aconteceu a segunda etapa do Concurso Moto Customizada do Ano Motocultura, mais uma vez no Delirium Caf\u00e9 S\u00e3o Paulo. Depois da escolha da primeira finalista na primeira edi\u00e7\u00e3o, novamente 8 jurados escolheram 5 motocicletas entre as quais foi eleita mais uma finalista para concorrer a grande\u2026","rel":"","context":"Em &quot;CUSTOMIZA\u00c7\u00c3O&quot;","block_context":{"text":"CUSTOMIZA\u00c7\u00c3O","link":"https:\/\/www.motocultura.com.br\/home\/category\/customizacao\/"},"img":{"alt_text":"","src":"https:\/\/i0.wp.com\/www.motocultura.com.br\/home\/wp-content\/uploads\/2017\/07\/destaque.png?resize=350%2C200&ssl=1","width":350,"height":200},"classes":[]},{"id":4170,"url":"https:\/\/www.motocultura.com.br\/home\/concurso-de-motos-customizadas-motocultura-2022\/","url_meta":{"origin":1441,"position":1},"title":"Concurso de Motos Customizadas Motocultura 2022","author":"Motocultura","date":"22 de fevereiro de 2023","format":false,"excerpt":"Em sua sexta edi\u00e7\u00e3o, o tradicional concurso de motocicletas customizadas Motocultura aconteceu em dezembro de 2022 no Johnnie Wash, em S\u00e3o Paulo. Desde a \u00faltima edi\u00e7\u00e3o o concurso acontece de forma virtual e aceita inscri\u00e7\u00f5es de qualquer lugar do mundo. O an\u00fancio das motos vencedoras foi feito no dia 6\u2026","rel":"","context":"Em &quot;CUSTOMIZA\u00c7\u00c3O&quot;","block_context":{"text":"CUSTOMIZA\u00c7\u00c3O","link":"https:\/\/www.motocultura.com.br\/home\/category\/customizacao\/"},"img":{"alt_text":"","src":"https:\/\/i0.wp.com\/www.motocultura.com.br\/home\/wp-content\/uploads\/2023\/02\/abre-concurso-motocultura-2022.jpg?resize=350%2C200&ssl=1","width":350,"height":200,"srcset":"https:\/\/i0.wp.com\/www.motocultura.com.br\/home\/wp-content\/uploads\/2023\/02\/abre-concurso-motocultura-2022.jpg?resize=350%2C200&ssl=1 1x, https:\/\/i0.wp.com\/www.motocultura.com.br\/home\/wp-content\/uploads\/2023\/02\/abre-concurso-motocultura-2022.jpg?resize=700%2C400&ssl=1 2x, https:\/\/i0.wp.com\/www.motocultura.com.br\/home\/wp-content\/uploads\/2023\/02\/abre-concurso-motocultura-2022.jpg?resize=1050%2C600&ssl=1 3x"},"classes":[]},{"id":1599,"url":"https:\/\/www.motocultura.com.br\/home\/moto-customizada-do-ano-motocultura-quinta-finalista-ducati-monster-900\/","url_meta":{"origin":1441,"position":2},"title":"Moto Customizada do Ano Motocultura \u2013 Quinta Finalista: Ducati Monster 900","author":"Guilhes Damian","date":"15 de outubro de 2017","format":false,"excerpt":"Foi escolhida a \u00faltima motocicleta que vai concorrer ao t\u00edtulo de Moto Customizada do Ano no concurso promovido por Motocultura com o apoio da Ducati Campinas. Ao longo do ano foram cinco etapas para escolher cinco motocicletas. Est\u00e1 na hora de conferir a \u00faltima grande classificada que arrancou suspiros por\u2026","rel":"","context":"Em &quot;CUSTOMIZA\u00c7\u00c3O&quot;","block_context":{"text":"CUSTOMIZA\u00c7\u00c3O","link":"https:\/\/www.motocultura.com.br\/home\/category\/customizacao\/"},"img":{"alt_text":"","src":"https:\/\/i0.wp.com\/www.motocultura.com.br\/home\/wp-content\/uploads\/2017\/10\/POST-MOTOCULTURA.png?resize=350%2C200&ssl=1","width":350,"height":200},"classes":[]},{"id":1648,"url":"https:\/\/www.motocultura.com.br\/home\/moto-customizada-do-ano-motocultura\/","url_meta":{"origin":1441,"position":3},"title":"Moto customizada do ano Motocultura","author":"Guilhes Damian","date":"13 de novembro de 2017","format":false,"excerpt":"Em novembro de 2016 iniciou-se uma s\u00e9rie de conversas sobre o futuro do site Motocultura. Destas conversas, acabou nascendo a segunda vers\u00e3o do que \u00e9 hoje o trabalho atual de Motocultura, n\u00e3o s\u00f3 em termos de identidade visual e gr\u00e1fica mas tamb\u00e9m no que dizia respeito \u00e0 linha editorial. Entre\u2026","rel":"","context":"Em &quot;CUSTOMIZA\u00c7\u00c3O&quot;","block_context":{"text":"CUSTOMIZA\u00c7\u00c3O","link":"https:\/\/www.motocultura.com.br\/home\/category\/customizacao\/"},"img":{"alt_text":"","src":"https:\/\/i0.wp.com\/www.motocultura.com.br\/home\/wp-content\/uploads\/2017\/11\/POST-MOTOCULTURA.png?resize=350%2C200&ssl=1","width":350,"height":200},"classes":[]},{"id":3909,"url":"https:\/\/www.motocultura.com.br\/home\/concurso-moto-customizada-do-ano-2020-brasil-custom-motorcycle-of-the-year-2020-brazil-contest\/","url_meta":{"origin":1441,"position":4},"title":"Concurso Moto Customizada do Ano 2020 Brasil &#8211; Custom motorcycle of the year 2020 Brazil contest","author":"Guilhes Damian","date":"31 de dezembro de 2020","format":false,"excerpt":"Desde 2017, Motocultura tomou como miss\u00e3o divulgar os grandes trabalhos dos customizadores brasileiros. Para isso criamos o Concurso Motocultura de Customiza\u00e7\u00e3o onde escolhemos a dedo os projetos mais interessantes no cen\u00e1rio brasileiro e elencamos as motocicletas em suas respectivas categorias. 2020 acabou trazendo uma surpresa n\u00e3o t\u00e3o agrad\u00e1vel para todos\u2026","rel":"","context":"Em &quot;CUSTOMIZA\u00c7\u00c3O&quot;","block_context":{"text":"CUSTOMIZA\u00c7\u00c3O","link":"https:\/\/www.motocultura.com.br\/home\/category\/customizacao\/"},"img":{"alt_text":"","src":"https:\/\/i0.wp.com\/www.motocultura.com.br\/home\/wp-content\/uploads\/2020\/12\/abre-materia.jpg?resize=350%2C200&ssl=1","width":350,"height":200,"srcset":"https:\/\/i0.wp.com\/www.motocultura.com.br\/home\/wp-content\/uploads\/2020\/12\/abre-materia.jpg?resize=350%2C200&ssl=1 1x, https:\/\/i0.wp.com\/www.motocultura.com.br\/home\/wp-content\/uploads\/2020\/12\/abre-materia.jpg?resize=700%2C400&ssl=1 2x"},"classes":[]},{"id":2008,"url":"https:\/\/www.motocultura.com.br\/home\/moto-customizada-do-ano-etapa-cafe-racer\/","url_meta":{"origin":1441,"position":5},"title":"Moto customizada do ano &#8211; Etapa cafe racer","author":"Guilhes Damian","date":"4 de agosto de 2018","format":false,"excerpt":"No dia 11 de julho de 2018 o grupo Cafe Racer Brasil, Motocultura, Bratstyle Brasil e Garagem Cafe Racer reuniram 7 motocicletas super legais, customizadas como cafe racers, para concorrerem ao t\u00edtulo de moto cafe racer customizada do ano. A iniciativa surgiu em 2017 (voc\u00ea pode conferir como foi a\u2026","rel":"","context":"Em &quot;CUSTOMIZA\u00c7\u00c3O&quot;","block_context":{"text":"CUSTOMIZA\u00c7\u00c3O","link":"https:\/\/www.motocultura.com.br\/home\/category\/customizacao\/"},"img":{"alt_text":"","src":"https:\/\/i0.wp.com\/www.motocultura.com.br\/home\/wp-content\/uploads\/2018\/08\/abre.png?resize=350%2C200&ssl=1","width":350,"height":200},"classes":[]}],"jetpack_sharing_enabled":true,"_links":{"self":[{"href":"https:\/\/www.motocultura.com.br\/home\/wp-json\/wp\/v2\/posts\/1441"}],"collection":[{"href":"https:\/\/www.motocultura.com.br\/home\/wp-json\/wp\/v2\/posts"}],"about":[{"href":"https:\/\/www.motocultura.com.br\/home\/wp-json\/wp\/v2\/types\/post"}],"author":[{"embeddable":true,"href":"https:\/\/www.motocultura.com.br\/home\/wp-json\/wp\/v2\/users\/2"}],"replies":[{"embeddable":true,"href":"https:\/\/www.motocultura.com.br\/home\/wp-json\/wp\/v2\/comments?post=1441"}],"version-history":[{"count":0,"href":"https:\/\/www.motocultura.com.br\/home\/wp-json\/wp\/v2\/posts\/1441\/revisions"}],"wp:featuredmedia":[{"embeddable":true,"href":"https:\/\/www.motocultura.com.br\/home\/wp-json\/wp\/v2\/media\/1457"}],"wp:attachment":[{"href":"https:\/\/www.motocultura.com.br\/home\/wp-json\/wp\/v2\/media?parent=1441"}],"wp:term":[{"taxonomy":"category","embeddable":true,"href":"https:\/\/www.motocultura.com.br\/home\/wp-json\/wp\/v2\/categories?post=1441"},{"taxonomy":"post_tag","embeddable":true,"href":"https:\/\/www.motocultura.com.br\/home\/wp-json\/wp\/v2\/tags?post=1441"}],"curies":[{"name":"wp","href":"https:\/\/api.w.org\/{rel}","templated":true}]}}