{"id":1558,"date":"2017-09-18T20:46:46","date_gmt":"2017-09-18T23:46:46","guid":{"rendered":"https:\/\/www.motocultura.com.br\/home\/?p=1558"},"modified":"2017-09-18T20:46:46","modified_gmt":"2017-09-18T23:46:46","slug":"moto-customizada-do-ano-motocultura-quarta-finalista-kawasaki-ninja-250","status":"publish","type":"post","link":"https:\/\/www.motocultura.com.br\/home\/moto-customizada-do-ano-motocultura-quarta-finalista-kawasaki-ninja-250\/","title":{"rendered":"Moto Customizada do Ano Motocultura &#8211; Quarta Finalista: Kawasaki Ninja 250"},"content":{"rendered":"<p>No dia 14 de setembro aconteceu a quarta e pen\u00faltima etapa do Concurso <em><strong>Moto Customizada do Ano Motocultura<\/strong><\/em>. A iniciativa de movimentar a cena da customiza\u00e7\u00e3o na cidade de S\u00e3o Paulo e fugir dos clich\u00eas j\u00e1 escolheu 4 motocicletas para disputarem em novembro o t\u00edtulo de Moto Customizada do Ano. Foram cinco motos escolhidas pelos jurados que foram \u00e0 vota\u00e7\u00e3o popular pelo <a href=\"https:\/\/www.instagram.com\/motocultura_duc\/\" target=\"_blank\" rel=\"noopener\">Instagram<\/a>.<\/p>\n<p><!--more--><\/p>\n<p>A\u00a0<strong>Ducati Campinas,\u00a0<\/strong>apoiadora oficial do evento, como de costume, levou a convidada de honra,\u00a0<strong>Ducati Scrambler,<\/strong>\u00a0para o p\u00fablico ver de perto a motoca.<\/p>\n<p><a href=\"https:\/\/www.motocultura.com.br\/home\/cultura\/concurso-de-grafismo-a-sua-ducati-dos-sonhos\/\">Voc\u00ea pode saber mais sobre o concurso de grafismo aqui<\/a>.<\/p>\n<h4>As eleitas<\/h4>\n<p>As cinco presentes no evento, para o p\u00fablico ver todas de perto, foram aquelas que obtiveram a maior pontua\u00e7\u00e3o na escolha dos jurados.<\/p>\n<h5>Honda CB400 de Alexandre Porto<\/h5>\n<p><a href=\"https:\/\/www.motocultura.com.br\/home\/wp-content\/uploads\/2017\/09\/hondacb400.jpg\"><img decoding=\"async\" loading=\"lazy\" class=\"aligncenter size-large wp-image-1562\" src=\"https:\/\/www.motocultura.com.br\/home\/wp-content\/uploads\/2017\/09\/hondacb400-1024x512.jpg\" alt=\"\" width=\"1024\" height=\"512\" srcset=\"https:\/\/www.motocultura.com.br\/home\/wp-content\/uploads\/2017\/09\/hondacb400-1024x512.jpg 1024w, https:\/\/www.motocultura.com.br\/home\/wp-content\/uploads\/2017\/09\/hondacb400-300x150.jpg 300w, https:\/\/www.motocultura.com.br\/home\/wp-content\/uploads\/2017\/09\/hondacb400-768x384.jpg 768w, https:\/\/www.motocultura.com.br\/home\/wp-content\/uploads\/2017\/09\/hondacb400.jpg 1201w\" sizes=\"(max-width: 1024px) 100vw, 1024px\" \/><\/a><\/p>\n<p>Uma constru\u00e7\u00e3o feita em maior parte pelo pr\u00f3prio dono e que preservou a estrutura da moto com um resultado limpo, simples e que chama a aten\u00e7\u00e3o.<\/p>\n<h5>Honda CBX250 Twister de Calos Pazetto<\/h5>\n<p><a href=\"https:\/\/www.motocultura.com.br\/home\/wp-content\/uploads\/2017\/09\/cb250twister.jpg\"><img decoding=\"async\" loading=\"lazy\" class=\"aligncenter size-large wp-image-1561\" src=\"https:\/\/www.motocultura.com.br\/home\/wp-content\/uploads\/2017\/09\/cb250twister-1024x512.jpg\" alt=\"\" width=\"1024\" height=\"512\" srcset=\"https:\/\/www.motocultura.com.br\/home\/wp-content\/uploads\/2017\/09\/cb250twister-1024x512.jpg 1024w, https:\/\/www.motocultura.com.br\/home\/wp-content\/uploads\/2017\/09\/cb250twister-300x150.jpg 300w, https:\/\/www.motocultura.com.br\/home\/wp-content\/uploads\/2017\/09\/cb250twister-768x384.jpg 768w, https:\/\/www.motocultura.com.br\/home\/wp-content\/uploads\/2017\/09\/cb250twister.jpg 1201w\" sizes=\"(max-width: 1024px) 100vw, 1024px\" \/><\/a><\/p>\n<p>Carlos, campe\u00e3o de simpatia da noite, fez \u00a0a moto inteira praticamente sozinho e na sala de sua casa. Um exemplo de projeto de custo baixo fa\u00e7a voc\u00ea mesmo pra provar que com vontade sempre d\u00e1 pra fazer.<\/p>\n<h5>Kawasaki Ninja 250 de Flavio Viana<\/h5>\n<p><a href=\"https:\/\/www.motocultura.com.br\/home\/wp-content\/uploads\/2017\/09\/kawasakininja250.jpg\"><img decoding=\"async\" loading=\"lazy\" class=\"aligncenter size-large wp-image-1563\" src=\"https:\/\/www.motocultura.com.br\/home\/wp-content\/uploads\/2017\/09\/kawasakininja250-1024x512.jpg\" alt=\"\" width=\"1024\" height=\"512\" srcset=\"https:\/\/www.motocultura.com.br\/home\/wp-content\/uploads\/2017\/09\/kawasakininja250-1024x512.jpg 1024w, https:\/\/www.motocultura.com.br\/home\/wp-content\/uploads\/2017\/09\/kawasakininja250-300x150.jpg 300w, https:\/\/www.motocultura.com.br\/home\/wp-content\/uploads\/2017\/09\/kawasakininja250-768x384.jpg 768w, https:\/\/www.motocultura.com.br\/home\/wp-content\/uploads\/2017\/09\/kawasakininja250.jpg 1201w\" sizes=\"(max-width: 1024px) 100vw, 1024px\" \/><\/a><\/p>\n<p>Uma transforma\u00e7\u00e3o incr\u00edvel sobre uma plataforma moderna com profundas modifica\u00e7\u00f5es visuais.<\/p>\n<h5>Honda CG125 de Henrique Mattos<\/h5>\n<p><a href=\"https:\/\/www.motocultura.com.br\/home\/wp-content\/uploads\/2017\/09\/cg125.jpg\"><img decoding=\"async\" loading=\"lazy\" class=\"aligncenter size-large wp-image-1564\" src=\"https:\/\/www.motocultura.com.br\/home\/wp-content\/uploads\/2017\/09\/cg125-1024x512.jpg\" alt=\"\" width=\"1024\" height=\"512\" srcset=\"https:\/\/www.motocultura.com.br\/home\/wp-content\/uploads\/2017\/09\/cg125-1024x512.jpg 1024w, https:\/\/www.motocultura.com.br\/home\/wp-content\/uploads\/2017\/09\/cg125-300x150.jpg 300w, https:\/\/www.motocultura.com.br\/home\/wp-content\/uploads\/2017\/09\/cg125-768x384.jpg 768w, https:\/\/www.motocultura.com.br\/home\/wp-content\/uploads\/2017\/09\/cg125.jpg 1201w\" sizes=\"(max-width: 1024px) 100vw, 1024px\" \/><\/a><\/p>\n<p>Uma pequena not\u00e1vel que chamou muita aten\u00e7\u00e3o. Um estilo hibrido entre brat (banco reto) e cafe (semi-guid\u00e3o) muito harmonioso e bem constru\u00eddo.<\/p>\n<h5>Triumph Bonneville de Ricardo Ramires<\/h5>\n<p><a href=\"https:\/\/www.motocultura.com.br\/home\/wp-content\/uploads\/2017\/09\/triumph-bonneville.jpg\"><img decoding=\"async\" loading=\"lazy\" class=\"aligncenter size-large wp-image-1560\" src=\"https:\/\/www.motocultura.com.br\/home\/wp-content\/uploads\/2017\/09\/triumph-bonneville-1024x512.jpg\" alt=\"\" width=\"1024\" height=\"512\" srcset=\"https:\/\/www.motocultura.com.br\/home\/wp-content\/uploads\/2017\/09\/triumph-bonneville-1024x512.jpg 1024w, https:\/\/www.motocultura.com.br\/home\/wp-content\/uploads\/2017\/09\/triumph-bonneville-300x150.jpg 300w, https:\/\/www.motocultura.com.br\/home\/wp-content\/uploads\/2017\/09\/triumph-bonneville-768x384.jpg 768w, https:\/\/www.motocultura.com.br\/home\/wp-content\/uploads\/2017\/09\/triumph-bonneville.jpg 1201w\" sizes=\"(max-width: 1024px) 100vw, 1024px\" \/><\/a><\/p>\n<p>Uma constru\u00e7\u00e3o impec\u00e1vel e de extremo bom gosto realizada com paci\u00eancia e tempo por Ricardo Ramires.<\/p>\n<p>Na opini\u00e3o do p\u00fablico votante (pelo instagram) a moto mais interessante da noite foi a Kawasaki Ninja 250, provavelmente pela transforma\u00e7\u00e3o radical pela qual passou a motocicleta e o \u00f3timo resultado.<\/p>\n<h5>A vencedora do m\u00eas e quarta finalista do concurso<\/h5>\n<figure id=\"attachment_1565\" aria-describedby=\"caption-attachment-1565\" style=\"width: 1024px\" class=\"wp-caption aligncenter\"><a href=\"https:\/\/www.motocultura.com.br\/home\/wp-content\/uploads\/2017\/09\/kawasakicaferacer.jpg\"><img decoding=\"async\" loading=\"lazy\" class=\"size-large wp-image-1565\" src=\"https:\/\/www.motocultura.com.br\/home\/wp-content\/uploads\/2017\/09\/kawasakicaferacer-1024x665.jpg\" alt=\"\" width=\"1024\" height=\"665\" srcset=\"https:\/\/www.motocultura.com.br\/home\/wp-content\/uploads\/2017\/09\/kawasakicaferacer-1024x665.jpg 1024w, https:\/\/www.motocultura.com.br\/home\/wp-content\/uploads\/2017\/09\/kawasakicaferacer-300x195.jpg 300w, https:\/\/www.motocultura.com.br\/home\/wp-content\/uploads\/2017\/09\/kawasakicaferacer-768x499.jpg 768w, https:\/\/www.motocultura.com.br\/home\/wp-content\/uploads\/2017\/09\/kawasakicaferacer.jpg 1200w\" sizes=\"(max-width: 1024px) 100vw, 1024px\" \/><\/a><figcaption id=\"caption-attachment-1565\" class=\"wp-caption-text\">Kawasaki Ninja 250: transforma\u00e7\u00e3o radical (foto: Andr\u00e9 Santos)<\/figcaption><\/figure>\n<h5>Confira algumas fotos do evento<\/h5>\n<figure id=\"attachment_1567\" aria-describedby=\"caption-attachment-1567\" style=\"width: 1024px\" class=\"wp-caption aligncenter\"><a href=\"https:\/\/www.motocultura.com.br\/home\/wp-content\/uploads\/2017\/09\/MG_8834.jpg\"><img decoding=\"async\" loading=\"lazy\" class=\"size-large wp-image-1567\" src=\"https:\/\/www.motocultura.com.br\/home\/wp-content\/uploads\/2017\/09\/MG_8834-1024x683.jpg\" alt=\"\" width=\"1024\" height=\"683\" srcset=\"https:\/\/www.motocultura.com.br\/home\/wp-content\/uploads\/2017\/09\/MG_8834-1024x683.jpg 1024w, https:\/\/www.motocultura.com.br\/home\/wp-content\/uploads\/2017\/09\/MG_8834-300x200.jpg 300w, https:\/\/www.motocultura.com.br\/home\/wp-content\/uploads\/2017\/09\/MG_8834-768x512.jpg 768w\" sizes=\"(max-width: 1024px) 100vw, 1024px\" \/><\/a><figcaption id=\"caption-attachment-1567\" class=\"wp-caption-text\">As concorrentes reunidas<\/figcaption><\/figure>\n<p>&nbsp;<\/p>\n<figure id=\"attachment_1569\" aria-describedby=\"caption-attachment-1569\" style=\"width: 1024px\" class=\"wp-caption aligncenter\"><a href=\"https:\/\/www.motocultura.com.br\/home\/wp-content\/uploads\/2017\/09\/MG_8849.jpg\"><img decoding=\"async\" loading=\"lazy\" class=\"size-large wp-image-1569\" src=\"https:\/\/www.motocultura.com.br\/home\/wp-content\/uploads\/2017\/09\/MG_8849-1024x683.jpg\" alt=\"\" width=\"1024\" height=\"683\" srcset=\"https:\/\/www.motocultura.com.br\/home\/wp-content\/uploads\/2017\/09\/MG_8849-1024x683.jpg 1024w, https:\/\/www.motocultura.com.br\/home\/wp-content\/uploads\/2017\/09\/MG_8849-300x200.jpg 300w, https:\/\/www.motocultura.com.br\/home\/wp-content\/uploads\/2017\/09\/MG_8849-768x512.jpg 768w\" sizes=\"(max-width: 1024px) 100vw, 1024px\" \/><\/a><figcaption id=\"caption-attachment-1569\" class=\"wp-caption-text\">Flavio Viana e a vencedora da noite!<\/figcaption><\/figure>\n<p>&nbsp;<\/p>\n<figure id=\"attachment_1570\" aria-describedby=\"caption-attachment-1570\" style=\"width: 1024px\" class=\"wp-caption aligncenter\"><a href=\"https:\/\/www.motocultura.com.br\/home\/wp-content\/uploads\/2017\/09\/MG_8850.jpg\"><img decoding=\"async\" loading=\"lazy\" class=\"size-large wp-image-1570\" src=\"https:\/\/www.motocultura.com.br\/home\/wp-content\/uploads\/2017\/09\/MG_8850-1024x683.jpg\" alt=\"\" width=\"1024\" height=\"683\" srcset=\"https:\/\/www.motocultura.com.br\/home\/wp-content\/uploads\/2017\/09\/MG_8850-1024x683.jpg 1024w, https:\/\/www.motocultura.com.br\/home\/wp-content\/uploads\/2017\/09\/MG_8850-300x200.jpg 300w, https:\/\/www.motocultura.com.br\/home\/wp-content\/uploads\/2017\/09\/MG_8850-768x512.jpg 768w\" sizes=\"(max-width: 1024px) 100vw, 1024px\" \/><\/a><figcaption id=\"caption-attachment-1570\" class=\"wp-caption-text\">Carlos Pazetto e sua pequena street figther home made.<\/figcaption><\/figure>\n<p>&nbsp;<\/p>\n<figure id=\"attachment_1571\" aria-describedby=\"caption-attachment-1571\" style=\"width: 1024px\" class=\"wp-caption aligncenter\"><a href=\"https:\/\/www.motocultura.com.br\/home\/wp-content\/uploads\/2017\/09\/MG_8851.jpg\"><img decoding=\"async\" loading=\"lazy\" class=\"size-large wp-image-1571\" src=\"https:\/\/www.motocultura.com.br\/home\/wp-content\/uploads\/2017\/09\/MG_8851-1024x683.jpg\" alt=\"\" width=\"1024\" height=\"683\" srcset=\"https:\/\/www.motocultura.com.br\/home\/wp-content\/uploads\/2017\/09\/MG_8851-1024x683.jpg 1024w, https:\/\/www.motocultura.com.br\/home\/wp-content\/uploads\/2017\/09\/MG_8851-300x200.jpg 300w, https:\/\/www.motocultura.com.br\/home\/wp-content\/uploads\/2017\/09\/MG_8851-768x512.jpg 768w\" sizes=\"(max-width: 1024px) 100vw, 1024px\" \/><\/a><figcaption id=\"caption-attachment-1571\" class=\"wp-caption-text\">Ricardo Ramires e a bel\u00edssima Bonneville<\/figcaption><\/figure>\n<p>&nbsp;<\/p>\n<figure id=\"attachment_1572\" aria-describedby=\"caption-attachment-1572\" style=\"width: 1024px\" class=\"wp-caption aligncenter\"><a href=\"https:\/\/www.motocultura.com.br\/home\/wp-content\/uploads\/2017\/09\/MG_8852.jpg\"><img decoding=\"async\" loading=\"lazy\" class=\"size-large wp-image-1572\" src=\"https:\/\/www.motocultura.com.br\/home\/wp-content\/uploads\/2017\/09\/MG_8852-1024x683.jpg\" alt=\"\" width=\"1024\" height=\"683\" srcset=\"https:\/\/www.motocultura.com.br\/home\/wp-content\/uploads\/2017\/09\/MG_8852-1024x683.jpg 1024w, https:\/\/www.motocultura.com.br\/home\/wp-content\/uploads\/2017\/09\/MG_8852-300x200.jpg 300w, https:\/\/www.motocultura.com.br\/home\/wp-content\/uploads\/2017\/09\/MG_8852-768x512.jpg 768w\" sizes=\"(max-width: 1024px) 100vw, 1024px\" \/><\/a><figcaption id=\"caption-attachment-1572\" class=\"wp-caption-text\">Alexandre Porto com sua CB400 feita com carinho<\/figcaption><\/figure>\n<h4>Participe voc\u00ea tamb\u00e9m<\/h4>\n<p>Ainda d\u00e1 tempo de participar da \u00faltima etapa! As\u00a0<a href=\"https:\/\/docs.google.com\/forms\/d\/e\/1FAIpQLSfSncCf2PUk1gHfV-PJ4tBqC4yTpR-IjRnQE28OgOW5ISF2DQ\/viewform\" target=\"_blank\" rel=\"noopener\">inscri\u00e7\u00f5es j\u00e3 est\u00e3o abertas<\/a>\u00a0e o evento para escolha da \u00faltima finalista acontece no dia\u00a0<strong>10 de Outubro<\/strong>\u00a0no Delirium Cafe S\u00e3o Paulo! Para participar basta\u00a0<a href=\"https:\/\/docs.google.com\/forms\/d\/e\/1FAIpQLSfSncCf2PUk1gHfV-PJ4tBqC4yTpR-IjRnQE28OgOW5ISF2DQ\/viewform\" target=\"_blank\" rel=\"noopener\">preencher o formul\u00e1rio online de inscri\u00e7\u00e3o<\/a>\u00a0para enviar informa\u00e7\u00f5es e fotos do projeto.<\/p>\n","protected":false},"excerpt":{"rendered":"<p>No dia 14 de setembro aconteceu a quarta e pen\u00faltima etapa do Concurso Moto Customizada do Ano Motocultura. A iniciativa de movimentar a cena da customiza\u00e7\u00e3o na cidade de S\u00e3o Paulo e fugir dos clich\u00eas j\u00e1 escolheu 4 motocicletas para disputarem em novembro o t\u00edtulo de Moto Customizada do Ano. Foram cinco motos escolhidas pelos [&hellip;]<\/p>\n","protected":false},"author":2,"featured_media":1573,"comment_status":"open","ping_status":"closed","sticky":false,"template":"","format":"standard","meta":[],"categories":[5],"tags":[63,27],"jetpack_featured_media_url":"https:\/\/www.motocultura.com.br\/home\/wp-content\/uploads\/2017\/09\/quata-etapa.png","jetpack-related-posts":[{"id":1390,"url":"https:\/\/www.motocultura.com.br\/home\/moto-customizada-do-ano-motocultura-segunda-finalista-suzuki-freewind-650\/","url_meta":{"origin":1558,"position":0},"title":"Moto Customizada do Ano Motocultura \u2013 Segunda Finalista: Suzuki Freewind 650","author":"Guilhes Damian","date":"17 de julho de 2017","format":false,"excerpt":"Dia 12 de julho aconteceu a segunda etapa do Concurso Moto Customizada do Ano Motocultura, mais uma vez no Delirium Caf\u00e9 S\u00e3o Paulo. Depois da escolha da primeira finalista na primeira edi\u00e7\u00e3o, novamente 8 jurados escolheram 5 motocicletas entre as quais foi eleita mais uma finalista para concorrer a grande\u2026","rel":"","context":"Em &quot;CUSTOMIZA\u00c7\u00c3O&quot;","block_context":{"text":"CUSTOMIZA\u00c7\u00c3O","link":"https:\/\/www.motocultura.com.br\/home\/category\/customizacao\/"},"img":{"alt_text":"","src":"https:\/\/i0.wp.com\/www.motocultura.com.br\/home\/wp-content\/uploads\/2017\/07\/destaque.png?resize=350%2C200&ssl=1","width":350,"height":200},"classes":[]},{"id":1290,"url":"https:\/\/www.motocultura.com.br\/home\/moto-customizada-do-ano-motocultura-primeira-finalista-yamaha-xt600e\/","url_meta":{"origin":1558,"position":1},"title":"Moto Customizada do Ano Motocultura &#8211; Primeira Finalista: Yamaha XT600E","author":"Guilhes Damian","date":"15 de junho de 2017","format":false,"excerpt":"No dia 13 de junho aconteceu a primeira etapa do Concurso Moto Customizada do Ano Motocultura no Delirium Caf\u00e9 em S\u00e3o Paulo. O concurso j\u00e1 vinha sendo idealizado a mais de um ano pela equipe do Motocultura, com a inten\u00e7\u00e3o de mostrar o cen\u00e1rio atual das customiza\u00e7\u00f5es. A iniciativa teve\u2026","rel":"","context":"Em &quot;CUSTOMIZA\u00c7\u00c3O&quot;","block_context":{"text":"CUSTOMIZA\u00c7\u00c3O","link":"https:\/\/www.motocultura.com.br\/home\/category\/customizacao\/"},"img":{"alt_text":"","src":"https:\/\/i0.wp.com\/www.motocultura.com.br\/home\/wp-content\/uploads\/2017\/06\/POST-MOTOCULTURA.jpg?resize=350%2C200&ssl=1","width":350,"height":200},"classes":[]},{"id":1648,"url":"https:\/\/www.motocultura.com.br\/home\/moto-customizada-do-ano-motocultura\/","url_meta":{"origin":1558,"position":2},"title":"Moto customizada do ano Motocultura","author":"Guilhes Damian","date":"13 de novembro de 2017","format":false,"excerpt":"Em novembro de 2016 iniciou-se uma s\u00e9rie de conversas sobre o futuro do site Motocultura. Destas conversas, acabou nascendo a segunda vers\u00e3o do que \u00e9 hoje o trabalho atual de Motocultura, n\u00e3o s\u00f3 em termos de identidade visual e gr\u00e1fica mas tamb\u00e9m no que dizia respeito \u00e0 linha editorial. Entre\u2026","rel":"","context":"Em &quot;CUSTOMIZA\u00c7\u00c3O&quot;","block_context":{"text":"CUSTOMIZA\u00c7\u00c3O","link":"https:\/\/www.motocultura.com.br\/home\/category\/customizacao\/"},"img":{"alt_text":"","src":"https:\/\/i0.wp.com\/www.motocultura.com.br\/home\/wp-content\/uploads\/2017\/11\/POST-MOTOCULTURA.png?resize=350%2C200&ssl=1","width":350,"height":200},"classes":[]},{"id":1441,"url":"https:\/\/www.motocultura.com.br\/home\/moto-customizada-do-ano-motocultura-terceira-finalista-suzuki-intruder-125\/","url_meta":{"origin":1558,"position":3},"title":"Moto Customizada do Ano Motocultura \u2013 Terceira Finalista: Suzuki Intruder 125","author":"Guilhes Damian","date":"12 de agosto de 2017","format":false,"excerpt":"Dia 8 de agosto aconteceu a terceira etapa do Concurso\u00a0Moto Customizada do Ano Motocultura\u00a0no\u00a0Delirium Caf\u00e9 S\u00e3o Paulo. Depois da escolha da\u00a0primeira e segunda finalistas, mais 4 motocicletas foram a vota\u00e7\u00e3o popular para eleger mais uma para a grande final em novembro. Conhe\u00e7a as quatro participantes e a motocicleta eleita! Com\u2026","rel":"","context":"Em &quot;CUSTOMIZA\u00c7\u00c3O&quot;","block_context":{"text":"CUSTOMIZA\u00c7\u00c3O","link":"https:\/\/www.motocultura.com.br\/home\/category\/customizacao\/"},"img":{"alt_text":"","src":"https:\/\/i0.wp.com\/www.motocultura.com.br\/home\/wp-content\/uploads\/2017\/08\/terceira-etapa-destaque.png?resize=350%2C200&ssl=1","width":350,"height":200},"classes":[]},{"id":1599,"url":"https:\/\/www.motocultura.com.br\/home\/moto-customizada-do-ano-motocultura-quinta-finalista-ducati-monster-900\/","url_meta":{"origin":1558,"position":4},"title":"Moto Customizada do Ano Motocultura \u2013 Quinta Finalista: Ducati Monster 900","author":"Guilhes Damian","date":"15 de outubro de 2017","format":false,"excerpt":"Foi escolhida a \u00faltima motocicleta que vai concorrer ao t\u00edtulo de Moto Customizada do Ano no concurso promovido por Motocultura com o apoio da Ducati Campinas. Ao longo do ano foram cinco etapas para escolher cinco motocicletas. Est\u00e1 na hora de conferir a \u00faltima grande classificada que arrancou suspiros por\u2026","rel":"","context":"Em &quot;CUSTOMIZA\u00c7\u00c3O&quot;","block_context":{"text":"CUSTOMIZA\u00c7\u00c3O","link":"https:\/\/www.motocultura.com.br\/home\/category\/customizacao\/"},"img":{"alt_text":"","src":"https:\/\/i0.wp.com\/www.motocultura.com.br\/home\/wp-content\/uploads\/2017\/10\/POST-MOTOCULTURA.png?resize=350%2C200&ssl=1","width":350,"height":200},"classes":[]},{"id":4170,"url":"https:\/\/www.motocultura.com.br\/home\/concurso-de-motos-customizadas-motocultura-2022\/","url_meta":{"origin":1558,"position":5},"title":"Concurso de Motos Customizadas Motocultura 2022","author":"Motocultura","date":"22 de fevereiro de 2023","format":false,"excerpt":"Em sua sexta edi\u00e7\u00e3o, o tradicional concurso de motocicletas customizadas Motocultura aconteceu em dezembro de 2022 no Johnnie Wash, em S\u00e3o Paulo. Desde a \u00faltima edi\u00e7\u00e3o o concurso acontece de forma virtual e aceita inscri\u00e7\u00f5es de qualquer lugar do mundo. O an\u00fancio das motos vencedoras foi feito no dia 6\u2026","rel":"","context":"Em &quot;CUSTOMIZA\u00c7\u00c3O&quot;","block_context":{"text":"CUSTOMIZA\u00c7\u00c3O","link":"https:\/\/www.motocultura.com.br\/home\/category\/customizacao\/"},"img":{"alt_text":"","src":"https:\/\/i0.wp.com\/www.motocultura.com.br\/home\/wp-content\/uploads\/2023\/02\/abre-concurso-motocultura-2022.jpg?resize=350%2C200&ssl=1","width":350,"height":200,"srcset":"https:\/\/i0.wp.com\/www.motocultura.com.br\/home\/wp-content\/uploads\/2023\/02\/abre-concurso-motocultura-2022.jpg?resize=350%2C200&ssl=1 1x, https:\/\/i0.wp.com\/www.motocultura.com.br\/home\/wp-content\/uploads\/2023\/02\/abre-concurso-motocultura-2022.jpg?resize=700%2C400&ssl=1 2x, https:\/\/i0.wp.com\/www.motocultura.com.br\/home\/wp-content\/uploads\/2023\/02\/abre-concurso-motocultura-2022.jpg?resize=1050%2C600&ssl=1 3x"},"classes":[]}],"jetpack_sharing_enabled":true,"_links":{"self":[{"href":"https:\/\/www.motocultura.com.br\/home\/wp-json\/wp\/v2\/posts\/1558"}],"collection":[{"href":"https:\/\/www.motocultura.com.br\/home\/wp-json\/wp\/v2\/posts"}],"about":[{"href":"https:\/\/www.motocultura.com.br\/home\/wp-json\/wp\/v2\/types\/post"}],"author":[{"embeddable":true,"href":"https:\/\/www.motocultura.com.br\/home\/wp-json\/wp\/v2\/users\/2"}],"replies":[{"embeddable":true,"href":"https:\/\/www.motocultura.com.br\/home\/wp-json\/wp\/v2\/comments?post=1558"}],"version-history":[{"count":0,"href":"https:\/\/www.motocultura.com.br\/home\/wp-json\/wp\/v2\/posts\/1558\/revisions"}],"wp:featuredmedia":[{"embeddable":true,"href":"https:\/\/www.motocultura.com.br\/home\/wp-json\/wp\/v2\/media\/1573"}],"wp:attachment":[{"href":"https:\/\/www.motocultura.com.br\/home\/wp-json\/wp\/v2\/media?parent=1558"}],"wp:term":[{"taxonomy":"category","embeddable":true,"href":"https:\/\/www.motocultura.com.br\/home\/wp-json\/wp\/v2\/categories?post=1558"},{"taxonomy":"post_tag","embeddable":true,"href":"https:\/\/www.motocultura.com.br\/home\/wp-json\/wp\/v2\/tags?post=1558"}],"curies":[{"name":"wp","href":"https:\/\/api.w.org\/{rel}","templated":true}]}}