{"id":1668,"date":"2017-11-16T17:06:17","date_gmt":"2017-11-16T20:06:17","guid":{"rendered":"https:\/\/www.motocultura.com.br\/home\/?p=1668"},"modified":"2017-11-17T11:57:14","modified_gmt":"2017-11-17T14:57:14","slug":"ducati-scrambler-dos-sonhos-os-desenhos-vencedores","status":"publish","type":"post","link":"https:\/\/www.motocultura.com.br\/home\/ducati-scrambler-dos-sonhos-os-desenhos-vencedores\/","title":{"rendered":"Ducati Scrambler dos sonhos: os desenhos vencedores"},"content":{"rendered":"<p>Em paralelo ao <a href=\"https:\/\/www.motocultura.com.br\/home\/customizacao\/moto-customizada-do-ano-motocultura\/\">Concurso Moto Customizada do Ano Motocultura<\/a>, em 2017, com o grande apoio da <strong>Ducati<\/strong>, e por sugest\u00e3o da pr\u00f3pria, lan\u00e7amos um concurso de grafismo para a <strong>Ducati Scrambler<\/strong>. Foram tr\u00eas meses nos quais qualquer pessoa poderia enviar uma sugest\u00e3o de grafismo para a reedi\u00e7\u00e3o moderna da cl\u00e1ssica e hist\u00f3rica Ducati. Apesar das t\u00edmidas inscri\u00e7\u00f5es, todos os trabalhos que recebemos tinham um n\u00edvel bem legal de detalhe e capricho.\u00a0<!--more--><\/p>\n<p>Tr\u00eas desenhos foram escolhidos e, entre eles, um seria eleito para dar a luz a uma edi\u00e7\u00e3o limitad\u00edssima da Ducati, apenas no Brasil, de Ducatis Scrambler com o mesmo grafismo desenhado pelo respectivo autor. O grande vencedor foi <strong>Fernando Casado<\/strong>, jovem designer que j\u00e1 faz bastante barulho na cena. Uma de suas cria\u00e7\u00f5es, <a href=\"https:\/\/www.motocultura.com.br\/home\/customizacao\/honda-cg125-1980-cafe-racer-o-construtor-fernando-casado-mostra-todos-os-detalhes\/\">uma Honda CG 125 1980 convertida para cafe racer<\/a> rodou o mundo e <a href=\"https:\/\/www.youtube.com\/watch?v=16LUCTrElH0\" target=\"_blank\" rel=\"noopener\">foi parar no reconhecid\u00edssimo, e canal refer\u00eancia no Youtube, Racer TV<\/a> e tamb\u00e9m no blog brasileiro, igualmente refer\u00eancia,\u00a0<a href=\"http:\/\/www.garagemcaferacer.com.br\/2017\/03\/cafe-racer-de-fabrica-com-honda-cg-125.html\" target=\"_blank\" rel=\"noopener\">Garagem Cafe Racer<\/a>. Outro trabalho de Fernando que vale a pena conhecer, e que estamos de olho para trazer mais detalhes, \u00e9 a customiza\u00e7\u00e3o de uma Honda ST70 que <a href=\"https:\/\/www.behance.net\/gallery\/57861823\/Honda-S90-Cafe-Racer-1972\" target=\"_blank\" rel=\"noopener\">voc\u00ea pode ver no detalhe no portf\u00f3lio de Fernando<\/a>.<\/p>\n<h3>Os desenhos escolhidos<\/h3>\n<p>O primeiro desenho selecionado foi o projeto &#8220;<strong>62&#8243;<\/strong>\u00a0de <strong>Mauricio Fernando<\/strong>.<\/p>\n<figure id=\"attachment_1670\" aria-describedby=\"caption-attachment-1670\" style=\"width: 800px\" class=\"wp-caption aligncenter\"><a href=\"https:\/\/www.motocultura.com.br\/home\/wp-content\/uploads\/2017\/11\/ducati-scrambler-mauricio.jpg\"><img decoding=\"async\" loading=\"lazy\" class=\"size-full wp-image-1670\" src=\"https:\/\/www.motocultura.com.br\/home\/wp-content\/uploads\/2017\/11\/ducati-scrambler-mauricio.jpg\" alt=\"\" width=\"800\" height=\"600\" srcset=\"https:\/\/www.motocultura.com.br\/home\/wp-content\/uploads\/2017\/11\/ducati-scrambler-mauricio.jpg 800w, https:\/\/www.motocultura.com.br\/home\/wp-content\/uploads\/2017\/11\/ducati-scrambler-mauricio-300x225.jpg 300w, https:\/\/www.motocultura.com.br\/home\/wp-content\/uploads\/2017\/11\/ducati-scrambler-mauricio-768x576.jpg 768w\" sizes=\"(max-width: 800px) 100vw, 800px\" \/><\/a><figcaption id=\"caption-attachment-1670\" class=\"wp-caption-text\">Ducati 62 de Mauricio Fernando<\/figcaption><\/figure>\n<p>O segundo eleito,\u00a0 e grande vencedor, foi o projeto <strong>Ducati &#8220;Titanio&#8221;\u00a0<\/strong>de <strong>Fernando Casado<\/strong> que, nas palavras do pr\u00f3prio, manteve o desenho s\u00f3brio e limpo pensando em quest\u00f5es de custo e da produ\u00e7\u00e3o em s\u00e9rie.<\/p>\n<figure id=\"attachment_1669\" aria-describedby=\"caption-attachment-1669\" style=\"width: 779px\" class=\"wp-caption aligncenter\"><a href=\"https:\/\/www.motocultura.com.br\/home\/wp-content\/uploads\/2017\/11\/ducati-fernando-casado.jpg\"><img decoding=\"async\" loading=\"lazy\" class=\"wp-image-1669 size-large\" src=\"https:\/\/www.motocultura.com.br\/home\/wp-content\/uploads\/2017\/11\/ducati-fernando-casado-779x1024.jpg\" alt=\"\" width=\"779\" height=\"1024\" srcset=\"https:\/\/www.motocultura.com.br\/home\/wp-content\/uploads\/2017\/11\/ducati-fernando-casado-779x1024.jpg 779w, https:\/\/www.motocultura.com.br\/home\/wp-content\/uploads\/2017\/11\/ducati-fernando-casado-228x300.jpg 228w, https:\/\/www.motocultura.com.br\/home\/wp-content\/uploads\/2017\/11\/ducati-fernando-casado-768x1010.jpg 768w, https:\/\/www.motocultura.com.br\/home\/wp-content\/uploads\/2017\/11\/ducati-fernando-casado.jpg 800w\" sizes=\"(max-width: 779px) 100vw, 779px\" \/><\/a><figcaption id=\"caption-attachment-1669\" class=\"wp-caption-text\">Ducati Titanio: projeto vencedor de Fernando Casado<\/figcaption><\/figure>\n<p>O terceiro desenho foi projeto de <strong>Sebasti\u00e1n Roch\u00f3n<\/strong>,<strong> Pearl<\/strong>, cujo trabalho voc\u00ea pode conferir em uma <a href=\"https:\/\/www.motocultura.com.br\/home\/cultura\/sr-corse-a-oficina-especializada-em-marcas-europeias-fundada-por-um-uruguaio-apaixonado-por-motos\/\">entrevista que fizemos com o pr\u00f3prio<\/a>. E tamb\u00e9m \u00e9 obrigat\u00f3rio dar uma olhada na <a href=\"https:\/\/www.motocultura.com.br\/home\/customizacao\/ducati-monster-900-cafe-racer\/\">bel\u00edssima Ducati 900<\/a>, finalista do concurso de customiza\u00e7\u00e3o Motocultura, convertida para cafe racer por Sebasti\u00e1n.<\/p>\n<figure id=\"attachment_1671\" aria-describedby=\"caption-attachment-1671\" style=\"width: 800px\" class=\"wp-caption aligncenter\"><a href=\"https:\/\/www.motocultura.com.br\/home\/wp-content\/uploads\/2017\/11\/ducati-sebastian-rochon.jpg\"><img decoding=\"async\" loading=\"lazy\" class=\"size-full wp-image-1671\" src=\"https:\/\/www.motocultura.com.br\/home\/wp-content\/uploads\/2017\/11\/ducati-sebastian-rochon.jpg\" alt=\"\" width=\"800\" height=\"600\" srcset=\"https:\/\/www.motocultura.com.br\/home\/wp-content\/uploads\/2017\/11\/ducati-sebastian-rochon.jpg 800w, https:\/\/www.motocultura.com.br\/home\/wp-content\/uploads\/2017\/11\/ducati-sebastian-rochon-300x225.jpg 300w, https:\/\/www.motocultura.com.br\/home\/wp-content\/uploads\/2017\/11\/ducati-sebastian-rochon-768x576.jpg 768w\" sizes=\"(max-width: 800px) 100vw, 800px\" \/><\/a><figcaption id=\"caption-attachment-1671\" class=\"wp-caption-text\">Ducati Pearl de Sebasti\u00e1n Roch\u00f3n<\/figcaption><\/figure>\n<p>Os tr\u00eas escolhidos levaram para casa um capacete customizado inspirado justamente nos desenhos que fizeram. E o grande ganhador ter\u00e1 seu trabalho executado em 7 Ducatis Scramblers onde, cada uma, vai para uma concession\u00e1ria Ducati no Brasil! <strong>Se voc\u00ea est\u00e1 atr\u00e1s de uma Scrambler exclusiva, essa \u00e9 a sua chance de correr atr\u00e1s de uma das sete!\u00a0<\/strong><\/p>\n<p>Os desenhos foram submetidos a vota\u00e7\u00e3o \u00e0 Diretoria da Ducati e, claro, com o dedo e pitaco da Ducati na It\u00e1lia. Foram anunciados oficialmente na abertura do<strong> Sal\u00e3o das Duas Rodas<\/strong> em S\u00e3o Paulo no dia 13 de novembro. E a boa not\u00edcia \u00e9,<strong> se voc\u00ea est\u00e1 em S\u00e3o Paulo, vai poder ver a Scrambler Titanio exclusiva no estande da Ducati<\/strong> at\u00e9 domingo dia 19 de novembro, \u00faltimo dia do sal\u00e3o.<\/p>\n<p>Parab\u00e9ns aos tr\u00eas ganhadores pelo trabalho e por toparem participar!<\/p>\n<h3>A Ducati Titanio de Fernando Casado<\/h3>\n<p>Confira no detalhe, em uma moto real, como ficou o lindo projeto do grande ganhador<\/p>\n<p><a href=\"https:\/\/www.motocultura.com.br\/home\/wp-content\/uploads\/2017\/11\/ducati-fernando-3.jpg\"><img decoding=\"async\" loading=\"lazy\" class=\"aligncenter size-full wp-image-1674\" src=\"https:\/\/www.motocultura.com.br\/home\/wp-content\/uploads\/2017\/11\/ducati-fernando-3.jpg\" alt=\"\" width=\"800\" height=\"533\" srcset=\"https:\/\/www.motocultura.com.br\/home\/wp-content\/uploads\/2017\/11\/ducati-fernando-3.jpg 800w, https:\/\/www.motocultura.com.br\/home\/wp-content\/uploads\/2017\/11\/ducati-fernando-3-300x200.jpg 300w, https:\/\/www.motocultura.com.br\/home\/wp-content\/uploads\/2017\/11\/ducati-fernando-3-768x512.jpg 768w\" sizes=\"(max-width: 800px) 100vw, 800px\" \/><\/a><\/p>\n<p><a href=\"https:\/\/www.motocultura.com.br\/home\/wp-content\/uploads\/2017\/11\/ducati-fernando-1.jpg\"><img decoding=\"async\" loading=\"lazy\" class=\"aligncenter size-full wp-image-1672\" src=\"https:\/\/www.motocultura.com.br\/home\/wp-content\/uploads\/2017\/11\/ducati-fernando-1.jpg\" alt=\"\" width=\"800\" height=\"533\" srcset=\"https:\/\/www.motocultura.com.br\/home\/wp-content\/uploads\/2017\/11\/ducati-fernando-1.jpg 800w, https:\/\/www.motocultura.com.br\/home\/wp-content\/uploads\/2017\/11\/ducati-fernando-1-300x200.jpg 300w, https:\/\/www.motocultura.com.br\/home\/wp-content\/uploads\/2017\/11\/ducati-fernando-1-768x512.jpg 768w\" sizes=\"(max-width: 800px) 100vw, 800px\" \/><\/a><\/p>\n<p><a href=\"https:\/\/www.motocultura.com.br\/home\/wp-content\/uploads\/2017\/11\/ducati-fernando-2.jpg\"><img decoding=\"async\" loading=\"lazy\" class=\"aligncenter size-full wp-image-1673\" src=\"https:\/\/www.motocultura.com.br\/home\/wp-content\/uploads\/2017\/11\/ducati-fernando-2.jpg\" alt=\"\" width=\"800\" height=\"533\" srcset=\"https:\/\/www.motocultura.com.br\/home\/wp-content\/uploads\/2017\/11\/ducati-fernando-2.jpg 800w, https:\/\/www.motocultura.com.br\/home\/wp-content\/uploads\/2017\/11\/ducati-fernando-2-300x200.jpg 300w, https:\/\/www.motocultura.com.br\/home\/wp-content\/uploads\/2017\/11\/ducati-fernando-2-768x512.jpg 768w\" sizes=\"(max-width: 800px) 100vw, 800px\" \/><\/a><\/p>\n<p><a href=\"https:\/\/www.motocultura.com.br\/home\/wp-content\/uploads\/2017\/11\/ducati-fernando-18.jpg\"><img decoding=\"async\" loading=\"lazy\" class=\"aligncenter size-full wp-image-1682\" src=\"https:\/\/www.motocultura.com.br\/home\/wp-content\/uploads\/2017\/11\/ducati-fernando-18.jpg\" alt=\"\" width=\"800\" height=\"533\" srcset=\"https:\/\/www.motocultura.com.br\/home\/wp-content\/uploads\/2017\/11\/ducati-fernando-18.jpg 800w, https:\/\/www.motocultura.com.br\/home\/wp-content\/uploads\/2017\/11\/ducati-fernando-18-300x200.jpg 300w, https:\/\/www.motocultura.com.br\/home\/wp-content\/uploads\/2017\/11\/ducati-fernando-18-768x512.jpg 768w\" sizes=\"(max-width: 800px) 100vw, 800px\" \/><\/a><\/p>\n<p><a href=\"https:\/\/www.motocultura.com.br\/home\/wp-content\/uploads\/2017\/11\/ducati-fernando-17.jpg\"><img decoding=\"async\" loading=\"lazy\" class=\"aligncenter size-full wp-image-1681\" src=\"https:\/\/www.motocultura.com.br\/home\/wp-content\/uploads\/2017\/11\/ducati-fernando-17.jpg\" alt=\"\" width=\"800\" height=\"533\" srcset=\"https:\/\/www.motocultura.com.br\/home\/wp-content\/uploads\/2017\/11\/ducati-fernando-17.jpg 800w, https:\/\/www.motocultura.com.br\/home\/wp-content\/uploads\/2017\/11\/ducati-fernando-17-300x200.jpg 300w, https:\/\/www.motocultura.com.br\/home\/wp-content\/uploads\/2017\/11\/ducati-fernando-17-768x512.jpg 768w\" sizes=\"(max-width: 800px) 100vw, 800px\" \/><\/a><\/p>\n<p><a href=\"https:\/\/www.motocultura.com.br\/home\/wp-content\/uploads\/2017\/11\/ducati-fernando-4.jpg\"><img decoding=\"async\" loading=\"lazy\" class=\"aligncenter size-full wp-image-1675\" src=\"https:\/\/www.motocultura.com.br\/home\/wp-content\/uploads\/2017\/11\/ducati-fernando-4.jpg\" alt=\"\" width=\"800\" height=\"533\" srcset=\"https:\/\/www.motocultura.com.br\/home\/wp-content\/uploads\/2017\/11\/ducati-fernando-4.jpg 800w, https:\/\/www.motocultura.com.br\/home\/wp-content\/uploads\/2017\/11\/ducati-fernando-4-300x200.jpg 300w, https:\/\/www.motocultura.com.br\/home\/wp-content\/uploads\/2017\/11\/ducati-fernando-4-768x512.jpg 768w\" sizes=\"(max-width: 800px) 100vw, 800px\" \/><\/a><\/p>\n<p><a href=\"https:\/\/www.motocultura.com.br\/home\/wp-content\/uploads\/2017\/11\/ducati-fernando-8.jpg\"><img decoding=\"async\" loading=\"lazy\" class=\"aligncenter size-full wp-image-1679\" src=\"https:\/\/www.motocultura.com.br\/home\/wp-content\/uploads\/2017\/11\/ducati-fernando-8.jpg\" alt=\"\" width=\"800\" height=\"533\" srcset=\"https:\/\/www.motocultura.com.br\/home\/wp-content\/uploads\/2017\/11\/ducati-fernando-8.jpg 800w, https:\/\/www.motocultura.com.br\/home\/wp-content\/uploads\/2017\/11\/ducati-fernando-8-300x200.jpg 300w, https:\/\/www.motocultura.com.br\/home\/wp-content\/uploads\/2017\/11\/ducati-fernando-8-768x512.jpg 768w\" sizes=\"(max-width: 800px) 100vw, 800px\" \/><\/a><\/p>\n<p><a href=\"https:\/\/www.motocultura.com.br\/home\/wp-content\/uploads\/2017\/11\/ducati-fernando-7.jpg\"><img decoding=\"async\" loading=\"lazy\" class=\"aligncenter size-full wp-image-1678\" src=\"https:\/\/www.motocultura.com.br\/home\/wp-content\/uploads\/2017\/11\/ducati-fernando-7.jpg\" alt=\"\" width=\"800\" height=\"533\" srcset=\"https:\/\/www.motocultura.com.br\/home\/wp-content\/uploads\/2017\/11\/ducati-fernando-7.jpg 800w, https:\/\/www.motocultura.com.br\/home\/wp-content\/uploads\/2017\/11\/ducati-fernando-7-300x200.jpg 300w, https:\/\/www.motocultura.com.br\/home\/wp-content\/uploads\/2017\/11\/ducati-fernando-7-768x512.jpg 768w\" sizes=\"(max-width: 800px) 100vw, 800px\" \/><\/a><\/p>\n<p><a href=\"https:\/\/www.motocultura.com.br\/home\/wp-content\/uploads\/2017\/11\/ducati-fernando-5.jpg\"><img decoding=\"async\" loading=\"lazy\" class=\"aligncenter size-full wp-image-1676\" src=\"https:\/\/www.motocultura.com.br\/home\/wp-content\/uploads\/2017\/11\/ducati-fernando-5.jpg\" alt=\"\" width=\"800\" height=\"533\" srcset=\"https:\/\/www.motocultura.com.br\/home\/wp-content\/uploads\/2017\/11\/ducati-fernando-5.jpg 800w, https:\/\/www.motocultura.com.br\/home\/wp-content\/uploads\/2017\/11\/ducati-fernando-5-300x200.jpg 300w, https:\/\/www.motocultura.com.br\/home\/wp-content\/uploads\/2017\/11\/ducati-fernando-5-768x512.jpg 768w\" sizes=\"(max-width: 800px) 100vw, 800px\" \/><\/a><\/p>\n<p><a href=\"https:\/\/www.motocultura.com.br\/home\/wp-content\/uploads\/2017\/11\/ducati-fernando-6.jpg\"><img decoding=\"async\" loading=\"lazy\" class=\"aligncenter size-full wp-image-1677\" src=\"https:\/\/www.motocultura.com.br\/home\/wp-content\/uploads\/2017\/11\/ducati-fernando-6.jpg\" alt=\"\" width=\"800\" height=\"533\" srcset=\"https:\/\/www.motocultura.com.br\/home\/wp-content\/uploads\/2017\/11\/ducati-fernando-6.jpg 800w, https:\/\/www.motocultura.com.br\/home\/wp-content\/uploads\/2017\/11\/ducati-fernando-6-300x200.jpg 300w, https:\/\/www.motocultura.com.br\/home\/wp-content\/uploads\/2017\/11\/ducati-fernando-6-768x512.jpg 768w\" sizes=\"(max-width: 800px) 100vw, 800px\" \/><\/a><\/p>\n<figure id=\"attachment_1683\" aria-describedby=\"caption-attachment-1683\" style=\"width: 800px\" class=\"wp-caption aligncenter\"><a href=\"https:\/\/www.motocultura.com.br\/home\/wp-content\/uploads\/2017\/11\/ducati-fernando-12.jpg\"><img decoding=\"async\" loading=\"lazy\" class=\"wp-image-1683 size-full\" src=\"https:\/\/www.motocultura.com.br\/home\/wp-content\/uploads\/2017\/11\/ducati-fernando-12.jpg\" alt=\"\" width=\"800\" height=\"533\" srcset=\"https:\/\/www.motocultura.com.br\/home\/wp-content\/uploads\/2017\/11\/ducati-fernando-12.jpg 800w, https:\/\/www.motocultura.com.br\/home\/wp-content\/uploads\/2017\/11\/ducati-fernando-12-300x200.jpg 300w, https:\/\/www.motocultura.com.br\/home\/wp-content\/uploads\/2017\/11\/ducati-fernando-12-768x512.jpg 768w\" sizes=\"(max-width: 800px) 100vw, 800px\" \/><\/a><figcaption id=\"caption-attachment-1683\" class=\"wp-caption-text\">E claro que Fernando levou pra casa um capacete inspirado no grafismo desenhado por ele.<\/figcaption><\/figure>\n<figure id=\"attachment_1684\" aria-describedby=\"caption-attachment-1684\" style=\"width: 800px\" class=\"wp-caption aligncenter\"><a href=\"https:\/\/www.motocultura.com.br\/home\/wp-content\/uploads\/2017\/11\/ducati-fernando-14.jpg\"><img decoding=\"async\" loading=\"lazy\" class=\"wp-image-1684 size-full\" src=\"https:\/\/www.motocultura.com.br\/home\/wp-content\/uploads\/2017\/11\/ducati-fernando-14.jpg\" alt=\"\" width=\"800\" height=\"533\" srcset=\"https:\/\/www.motocultura.com.br\/home\/wp-content\/uploads\/2017\/11\/ducati-fernando-14.jpg 800w, https:\/\/www.motocultura.com.br\/home\/wp-content\/uploads\/2017\/11\/ducati-fernando-14-300x200.jpg 300w, https:\/\/www.motocultura.com.br\/home\/wp-content\/uploads\/2017\/11\/ducati-fernando-14-768x512.jpg 768w\" sizes=\"(max-width: 800px) 100vw, 800px\" \/><\/a><figcaption id=\"caption-attachment-1684\" class=\"wp-caption-text\">Alegria pouca \u00e9 bobagem : )<\/figcaption><\/figure>\n<figure id=\"attachment_1685\" aria-describedby=\"caption-attachment-1685\" style=\"width: 800px\" class=\"wp-caption aligncenter\"><a href=\"https:\/\/www.motocultura.com.br\/home\/wp-content\/uploads\/2017\/11\/ducati-fernando-15.jpg\"><img decoding=\"async\" loading=\"lazy\" class=\"size-full wp-image-1685\" src=\"https:\/\/www.motocultura.com.br\/home\/wp-content\/uploads\/2017\/11\/ducati-fernando-15.jpg\" alt=\"\" width=\"800\" height=\"533\" srcset=\"https:\/\/www.motocultura.com.br\/home\/wp-content\/uploads\/2017\/11\/ducati-fernando-15.jpg 800w, https:\/\/www.motocultura.com.br\/home\/wp-content\/uploads\/2017\/11\/ducati-fernando-15-300x200.jpg 300w, https:\/\/www.motocultura.com.br\/home\/wp-content\/uploads\/2017\/11\/ducati-fernando-15-768x512.jpg 768w\" sizes=\"(max-width: 800px) 100vw, 800px\" \/><\/a><figcaption id=\"caption-attachment-1685\" class=\"wp-caption-text\">Fernando junto a Fernando Filie, da Ducati, e Duc Desmo do Motocultura vendo sua cria\u00e7\u00e3o ao vivo pela primeira vez<\/figcaption><\/figure>\n<figure id=\"attachment_1686\" aria-describedby=\"caption-attachment-1686\" style=\"width: 800px\" class=\"wp-caption aligncenter\"><a href=\"https:\/\/www.motocultura.com.br\/home\/wp-content\/uploads\/2017\/11\/ducati-fernando-10.jpg\"><img decoding=\"async\" loading=\"lazy\" class=\"wp-image-1686 size-full\" src=\"https:\/\/www.motocultura.com.br\/home\/wp-content\/uploads\/2017\/11\/ducati-fernando-10.jpg\" alt=\"\" width=\"800\" height=\"533\" srcset=\"https:\/\/www.motocultura.com.br\/home\/wp-content\/uploads\/2017\/11\/ducati-fernando-10.jpg 800w, https:\/\/www.motocultura.com.br\/home\/wp-content\/uploads\/2017\/11\/ducati-fernando-10-300x200.jpg 300w, https:\/\/www.motocultura.com.br\/home\/wp-content\/uploads\/2017\/11\/ducati-fernando-10-768x512.jpg 768w\" sizes=\"(max-width: 800px) 100vw, 800px\" \/><\/a><figcaption id=\"caption-attachment-1686\" class=\"wp-caption-text\">Fernando, o ganhador e Duc Desmo, de Motocultura.<\/figcaption><\/figure>\n<figure id=\"attachment_1687\" aria-describedby=\"caption-attachment-1687\" style=\"width: 800px\" class=\"wp-caption aligncenter\"><a href=\"https:\/\/www.motocultura.com.br\/home\/wp-content\/uploads\/2017\/11\/ducati-fernando-11.jpg\"><img decoding=\"async\" loading=\"lazy\" class=\"wp-image-1687 size-full\" src=\"https:\/\/www.motocultura.com.br\/home\/wp-content\/uploads\/2017\/11\/ducati-fernando-11.jpg\" alt=\"\" width=\"800\" height=\"533\" srcset=\"https:\/\/www.motocultura.com.br\/home\/wp-content\/uploads\/2017\/11\/ducati-fernando-11.jpg 800w, https:\/\/www.motocultura.com.br\/home\/wp-content\/uploads\/2017\/11\/ducati-fernando-11-300x200.jpg 300w, https:\/\/www.motocultura.com.br\/home\/wp-content\/uploads\/2017\/11\/ducati-fernando-11-768x512.jpg 768w\" sizes=\"(max-width: 800px) 100vw, 800px\" \/><\/a><figcaption id=\"caption-attachment-1687\" class=\"wp-caption-text\">Criador e criatura.<\/figcaption><\/figure>\n<p>Na ocasi\u00e3o, Duc Desmo, criador de Motocultura, mostrou a moto oficial Motocultura, uma Ducati Scrambler, concebida por ele, com a ajuda da <a href=\"http:\/\/motocicletasitalianas.com.br\/\" target=\"_blank\" rel=\"noopener\"><strong>Ducati Campinas<\/strong><\/a>, <a href=\"http:\/\/srcorse.com.br\/\" target=\"_blank\" rel=\"noopener\"><strong>SR-Corse<\/strong><\/a> e <a href=\"https:\/\/www.facebook.com\/moscapinturas\/\" target=\"_blank\" rel=\"noopener\"><strong>Mosca Pinturas<\/strong><\/a>. Logo mostraremos ela no detalhe para voc\u00ea tamb\u00e9m.<\/p>\n<figure id=\"attachment_1690\" aria-describedby=\"caption-attachment-1690\" style=\"width: 800px\" class=\"wp-caption aligncenter\"><a href=\"https:\/\/www.motocultura.com.br\/home\/wp-content\/uploads\/2017\/11\/ducati-duc.jpg\"><img decoding=\"async\" loading=\"lazy\" class=\"wp-image-1690 size-full\" src=\"https:\/\/www.motocultura.com.br\/home\/wp-content\/uploads\/2017\/11\/ducati-duc.jpg\" alt=\"\" width=\"800\" height=\"533\" srcset=\"https:\/\/www.motocultura.com.br\/home\/wp-content\/uploads\/2017\/11\/ducati-duc.jpg 800w, https:\/\/www.motocultura.com.br\/home\/wp-content\/uploads\/2017\/11\/ducati-duc-300x200.jpg 300w, https:\/\/www.motocultura.com.br\/home\/wp-content\/uploads\/2017\/11\/ducati-duc-768x512.jpg 768w\" sizes=\"(max-width: 800px) 100vw, 800px\" \/><\/a><figcaption id=\"caption-attachment-1690\" class=\"wp-caption-text\">Duc e sua cria\u00e7\u00e3o sobre uma Scrambler.<\/figcaption><\/figure>\n<p>&nbsp;<\/p>\n<p>Fotos:\u00a0<a href=\"http:\/\/www.andresantosfotografia.com\/\" target=\"_blank\" rel=\"noopener\">Andr\u00e9 Santos<\/a><\/p>\n","protected":false},"excerpt":{"rendered":"<p>Em paralelo ao Concurso Moto Customizada do Ano Motocultura, em 2017, com o grande apoio da Ducati, e por sugest\u00e3o da pr\u00f3pria, lan\u00e7amos um concurso de grafismo para a Ducati Scrambler. Foram tr\u00eas meses nos quais qualquer pessoa poderia enviar uma sugest\u00e3o de grafismo para a reedi\u00e7\u00e3o moderna da cl\u00e1ssica e hist\u00f3rica Ducati. Apesar das [&hellip;]<\/p>\n","protected":false},"author":2,"featured_media":1692,"comment_status":"open","ping_status":"closed","sticky":false,"template":"","format":"standard","meta":[],"categories":[5],"tags":[85,63,12,86,36],"jetpack_featured_media_url":"https:\/\/www.motocultura.com.br\/home\/wp-content\/uploads\/2017\/11\/vencedora.png","jetpack-related-posts":[{"id":2714,"url":"https:\/\/www.motocultura.com.br\/home\/as-ducati-scrambler-e-x-diavel-criadas-pelos-leitores-de-motocultura-vencedoras-do-concurso-de-grafismo-ducati-dos-sonhos\/","url_meta":{"origin":1668,"position":0},"title":"As Ducati Scrambler e X Diavel criadas pelos leitores de Motocultura vencedoras do concurso de grafismo Ducati dos Sonhos","author":"Guilhes Damian","date":"22 de novembro de 2019","format":false,"excerpt":"Motocultura promoveu em 2019, pela segunda vez, um concurso chamando os talentos do design e seus leitores a desenvolverem um grafismo exclusivo para os modelos Scrambler e XDiavel da italiana Ducati. Entre todos os projetos recebidos, dois foram escolhidos a dedo pelas concession\u00e1rias Ducati Mooca e Ducati Campinas para se\u2026","rel":"","context":"Em &quot;CUSTOMIZA\u00c7\u00c3O&quot;","block_context":{"text":"CUSTOMIZA\u00c7\u00c3O","link":"https:\/\/www.motocultura.com.br\/home\/category\/customizacao\/"},"img":{"alt_text":"","src":"https:\/\/i0.wp.com\/www.motocultura.com.br\/home\/wp-content\/uploads\/2019\/11\/ducati-dos-sonhos.jpg?resize=350%2C200&ssl=1","width":350,"height":200},"classes":[]},{"id":1465,"url":"https:\/\/www.motocultura.com.br\/home\/sua-ducati-dos-sonhos-primeiro-grafismo-escolhido\/","url_meta":{"origin":1668,"position":1},"title":"Sua Ducati dos Sonhos &#8211; Primeiro grafismo escolhido","author":"Guilhes Damian","date":"15 de agosto de 2017","format":false,"excerpt":"O primeiro concurso de grafismos lan\u00e7ado por Motocultura em parceria com a Ducati Campinas, Sua Ducati Dos Sonhos, j\u00e1 tem um finalista. O primeiro desenho escolhido \u00e9 de autoria de Mauricio Fernando. O desenho de Mauricio, chamado de \"Meia Dois\", remete a uma cafe racer contando com logo vintage da\u2026","rel":"","context":"Em &quot;CUSTOMIZA\u00c7\u00c3O&quot;","block_context":{"text":"CUSTOMIZA\u00c7\u00c3O","link":"https:\/\/www.motocultura.com.br\/home\/category\/customizacao\/"},"img":{"alt_text":"","src":"https:\/\/i0.wp.com\/www.motocultura.com.br\/home\/wp-content\/uploads\/2017\/08\/primeira-finalista-ducati-d.png?resize=350%2C200&ssl=1","width":350,"height":200,"srcset":"https:\/\/i0.wp.com\/www.motocultura.com.br\/home\/wp-content\/uploads\/2017\/08\/primeira-finalista-ducati-d.png?resize=350%2C200&ssl=1 1x, https:\/\/i0.wp.com\/www.motocultura.com.br\/home\/wp-content\/uploads\/2017\/08\/primeira-finalista-ducati-d.png?resize=700%2C400&ssl=1 2x"},"classes":[]},{"id":1386,"url":"https:\/\/www.motocultura.com.br\/home\/concurso-de-grafismo-a-sua-ducati-dos-sonhos\/","url_meta":{"origin":1668,"position":2},"title":"Concurso de grafismo A Sua Ducati dos Sonhos","author":"Motocultura","date":"13 de julho de 2017","format":false,"excerpt":"Motocultura em parceria com a Ducati Campinas lan\u00e7a um concurso incr\u00edvel! Desenhe um grafismo para a Ducati Scrambler e tenha a chance de levar para casa um capacete inspirado no grafismo que voc\u00ea desenhou, um pr\u00eamio surpresa e, se for escolhido o melhor de todos, assinar o grafismo de uma\u2026","rel":"","context":"Em &quot;CULTURA&quot;","block_context":{"text":"CULTURA","link":"https:\/\/www.motocultura.com.br\/home\/category\/cultura\/"},"img":{"alt_text":"","src":"https:\/\/i0.wp.com\/www.motocultura.com.br\/home\/wp-content\/uploads\/2017\/07\/imagem-de-divulgacao-grafis.png?resize=350%2C200&ssl=1","width":350,"height":200,"srcset":"https:\/\/i0.wp.com\/www.motocultura.com.br\/home\/wp-content\/uploads\/2017\/07\/imagem-de-divulgacao-grafis.png?resize=350%2C200&ssl=1 1x, https:\/\/i0.wp.com\/www.motocultura.com.br\/home\/wp-content\/uploads\/2017\/07\/imagem-de-divulgacao-grafis.png?resize=700%2C400&ssl=1 2x"},"classes":[]},{"id":1390,"url":"https:\/\/www.motocultura.com.br\/home\/moto-customizada-do-ano-motocultura-segunda-finalista-suzuki-freewind-650\/","url_meta":{"origin":1668,"position":3},"title":"Moto Customizada do Ano Motocultura \u2013 Segunda Finalista: Suzuki Freewind 650","author":"Guilhes Damian","date":"17 de julho de 2017","format":false,"excerpt":"Dia 12 de julho aconteceu a segunda etapa do Concurso Moto Customizada do Ano Motocultura, mais uma vez no Delirium Caf\u00e9 S\u00e3o Paulo. Depois da escolha da primeira finalista na primeira edi\u00e7\u00e3o, novamente 8 jurados escolheram 5 motocicletas entre as quais foi eleita mais uma finalista para concorrer a grande\u2026","rel":"","context":"Em &quot;CUSTOMIZA\u00c7\u00c3O&quot;","block_context":{"text":"CUSTOMIZA\u00c7\u00c3O","link":"https:\/\/www.motocultura.com.br\/home\/category\/customizacao\/"},"img":{"alt_text":"","src":"https:\/\/i0.wp.com\/www.motocultura.com.br\/home\/wp-content\/uploads\/2017\/07\/destaque.png?resize=350%2C200&ssl=1","width":350,"height":200},"classes":[]},{"id":1441,"url":"https:\/\/www.motocultura.com.br\/home\/moto-customizada-do-ano-motocultura-terceira-finalista-suzuki-intruder-125\/","url_meta":{"origin":1668,"position":4},"title":"Moto Customizada do Ano Motocultura \u2013 Terceira Finalista: Suzuki Intruder 125","author":"Guilhes Damian","date":"12 de agosto de 2017","format":false,"excerpt":"Dia 8 de agosto aconteceu a terceira etapa do Concurso\u00a0Moto Customizada do Ano Motocultura\u00a0no\u00a0Delirium Caf\u00e9 S\u00e3o Paulo. Depois da escolha da\u00a0primeira e segunda finalistas, mais 4 motocicletas foram a vota\u00e7\u00e3o popular para eleger mais uma para a grande final em novembro. Conhe\u00e7a as quatro participantes e a motocicleta eleita! Com\u2026","rel":"","context":"Em &quot;CUSTOMIZA\u00c7\u00c3O&quot;","block_context":{"text":"CUSTOMIZA\u00c7\u00c3O","link":"https:\/\/www.motocultura.com.br\/home\/category\/customizacao\/"},"img":{"alt_text":"","src":"https:\/\/i0.wp.com\/www.motocultura.com.br\/home\/wp-content\/uploads\/2017\/08\/terceira-etapa-destaque.png?resize=350%2C200&ssl=1","width":350,"height":200},"classes":[]},{"id":1599,"url":"https:\/\/www.motocultura.com.br\/home\/moto-customizada-do-ano-motocultura-quinta-finalista-ducati-monster-900\/","url_meta":{"origin":1668,"position":5},"title":"Moto Customizada do Ano Motocultura \u2013 Quinta Finalista: Ducati Monster 900","author":"Guilhes Damian","date":"15 de outubro de 2017","format":false,"excerpt":"Foi escolhida a \u00faltima motocicleta que vai concorrer ao t\u00edtulo de Moto Customizada do Ano no concurso promovido por Motocultura com o apoio da Ducati Campinas. Ao longo do ano foram cinco etapas para escolher cinco motocicletas. Est\u00e1 na hora de conferir a \u00faltima grande classificada que arrancou suspiros por\u2026","rel":"","context":"Em &quot;CUSTOMIZA\u00c7\u00c3O&quot;","block_context":{"text":"CUSTOMIZA\u00c7\u00c3O","link":"https:\/\/www.motocultura.com.br\/home\/category\/customizacao\/"},"img":{"alt_text":"","src":"https:\/\/i0.wp.com\/www.motocultura.com.br\/home\/wp-content\/uploads\/2017\/10\/POST-MOTOCULTURA.png?resize=350%2C200&ssl=1","width":350,"height":200},"classes":[]}],"jetpack_sharing_enabled":true,"_links":{"self":[{"href":"https:\/\/www.motocultura.com.br\/home\/wp-json\/wp\/v2\/posts\/1668"}],"collection":[{"href":"https:\/\/www.motocultura.com.br\/home\/wp-json\/wp\/v2\/posts"}],"about":[{"href":"https:\/\/www.motocultura.com.br\/home\/wp-json\/wp\/v2\/types\/post"}],"author":[{"embeddable":true,"href":"https:\/\/www.motocultura.com.br\/home\/wp-json\/wp\/v2\/users\/2"}],"replies":[{"embeddable":true,"href":"https:\/\/www.motocultura.com.br\/home\/wp-json\/wp\/v2\/comments?post=1668"}],"version-history":[{"count":0,"href":"https:\/\/www.motocultura.com.br\/home\/wp-json\/wp\/v2\/posts\/1668\/revisions"}],"wp:featuredmedia":[{"embeddable":true,"href":"https:\/\/www.motocultura.com.br\/home\/wp-json\/wp\/v2\/media\/1692"}],"wp:attachment":[{"href":"https:\/\/www.motocultura.com.br\/home\/wp-json\/wp\/v2\/media?parent=1668"}],"wp:term":[{"taxonomy":"category","embeddable":true,"href":"https:\/\/www.motocultura.com.br\/home\/wp-json\/wp\/v2\/categories?post=1668"},{"taxonomy":"post_tag","embeddable":true,"href":"https:\/\/www.motocultura.com.br\/home\/wp-json\/wp\/v2\/tags?post=1668"}],"curies":[{"name":"wp","href":"https:\/\/api.w.org\/{rel}","templated":true}]}}