{"id":1741,"date":"2018-03-30T22:47:52","date_gmt":"2018-03-31T01:47:52","guid":{"rendered":"https:\/\/www.motocultura.com.br\/home\/?p=1741"},"modified":"2018-03-31T13:01:50","modified_gmt":"2018-03-31T16:01:50","slug":"o-encontro-nacional-de-motos-2-tempos","status":"publish","type":"post","link":"https:\/\/www.motocultura.com.br\/home\/o-encontro-nacional-de-motos-2-tempos\/","title":{"rendered":"O Encontro Nacional de Motos 2 Tempos"},"content":{"rendered":"<p>Em 2013, o ga\u00facho Edinho Kroth, entusiasta das motocicletas 2 tempos, decidiu que iria realizar um encontro dedicado as m\u00e1quinas que fizeram hist\u00f3ria, deixaram saudades (a produ\u00e7\u00e3o foi descontinuada) e tamb\u00e9m uma legi\u00e3o de f\u00e3s dedicados \u00e0s motocicletas carinhosamente chamadas de &#8220;fumacentas&#8221;. Cinco anos depois, Edinho \u00e9 o maestro de um encontro que cresceu, prosperou, \u00e9 refer\u00eancia e atrai gente do pa\u00eds inteiro para a cidade de Brusque em Santa Catarina. O evento acaba sendo uma verdadeira hist\u00f3ria viva das motos 2 tempos dada a diversidade de motos e gente de todas as idades.<\/p>\n<p><!--more--><\/p>\n<p>Edinho \u00e9 um daqueles caras simples, humilde, que se d\u00e1 bem com todo mundo e que todo mundo vira amigo f\u00e1cil. Um t\u00edpico e bem vindo cidad\u00e3o do interior do pa\u00eds onde as coisas s\u00e3o mais verdadeiras e sinceras. \u00c9 uma pessoa que coloca a m\u00e3o na massa e faz acontecer e, mesmo assim, n\u00e3o atribu\u00ed o sucesso de sua empreitada a si mesmo. No lugar disso, faz quest\u00e3o de colocar o resultado do sucesso em todos aqueles que participam e ajudam para que o evento se realize. Uma prova disso \u00e9 que, durante uma das conversas para nossa entrevista, estava fazendo, com a ajuda de um amigo habilidoso com a solda, com as pr\u00f3prias m\u00e3os, 36 trof\u00e9us para provas de dinam\u00f4metro do encontro que acontece em abril de 2018.<\/p>\n<p>Em 2017, depois de ajud\u00e1-lo com algumas coisinhas a respeito do encontro, um belo dia recebo um pacote dos correios em casa. N\u00e3o sabia do que se tratava. N\u00e3o estava esperando nenhuma encomenda. Abro e, para minha surpresa, l\u00e1 estavam todas as camisetas do encontro, desde a segunda edi\u00e7\u00e3o, algumas cervejas locais de Santa Catarina, um potinho maravilhoso de torresmo e um carinhoso bilhete escrito a m\u00e3o pelo pr\u00f3prio Edinho agradecendo a ajuda. Peguei o fone na hora e liguei pro homem, confesso, emocionado, para agradecer. Foi um gesto t\u00e3o simples mas que era expl\u00edcito que era muito verdadeiro. Pelo contexto, foi a melhor cerveja que tomei em 2017.<\/p>\n<p>Por esta e tantas outras, n\u00e3o \u00e0 toa, Edinho \u00e9 uma das figuras mais queridas entre os amantes das motos 2 tempos do pa\u00eds.<\/p>\n<figure id=\"attachment_1747\" aria-describedby=\"caption-attachment-1747\" style=\"width: 1024px\" class=\"wp-caption aligncenter\"><img decoding=\"async\" loading=\"lazy\" class=\"size-large wp-image-1747\" src=\"https:\/\/www.motocultura.com.br\/home\/wp-content\/uploads\/2018\/03\/edinho2-1024x686.jpg\" alt=\"\" width=\"1024\" height=\"686\" srcset=\"https:\/\/www.motocultura.com.br\/home\/wp-content\/uploads\/2018\/03\/edinho2.jpg 1024w, https:\/\/www.motocultura.com.br\/home\/wp-content\/uploads\/2018\/03\/edinho2-300x201.jpg 300w, https:\/\/www.motocultura.com.br\/home\/wp-content\/uploads\/2018\/03\/edinho2-768x515.jpg 768w\" sizes=\"(max-width: 1024px) 100vw, 1024px\" \/><figcaption id=\"caption-attachment-1747\" class=\"wp-caption-text\">Edinho conduzindo o passeio do encontro pela cidade de Brusque. Junto a suas duas paix\u00f5es: a esposa e sua Agrale 27.5 EX<\/figcaption><\/figure>\n<h4>Como come\u00e7ou sua hist\u00f3ria com as motocicletas?<\/h4>\n<p>Desde moleque sempre tive aquela &#8220;pira&#8221; por motos. Aos 11 ou 12 anos j\u00e1 andava, obviamente escondido, com a Yamaha RDZ 135 do meu pai.<br \/>\nEm meados de 2001, com 17 anos anos, queria correr. Foi a\u00ed que ent\u00e3o tive minha primeira experi\u00eancia com o que se poderia chamar de moto profissional de arrancada. Lembro que era um prot\u00f3tipo: um motor da Agrale 200cc no quadro de uma Yamaha\u00a0 RX 80. A moto era conhecida como cadeira el\u00e9trica e era uma das motos do meu mec\u00e2nico na \u00e9poca, ainda em Santa Cruz do Sul, que era conhecido como Moto LOY (<em>In memoriam).<\/em> De la pra c\u00e1 o amor pelas duas rodas s\u00f3 aumentou.<\/p>\n<h4>E o encontro das 2 tempos? Como tudo come\u00e7ou?<\/h4>\n<p>Come\u00e7ou em 2013, quando aconteceu o primeiro de todos. A ferramenta de divulga\u00e7\u00e3o e de engajar a galera ainda era o Orkut na \u00e9poca e era onde eu participava de algumas comunidades relacionadas as motos 2 tempos. Havia uma turma bem expressiva da regi\u00e3o de Blumenau e, naquele tempo, eu j\u00e1 morava em Brusque ha uns 4 anos e tinha contato com alguns amigos propriet\u00e1rios de motos 2 tempos. A partir de muita conversa virtual e tamb\u00e9m fazer muitos novos amigos pela antiga rede social, pensamos que aquele movimento todo que ficava s\u00f3 na tela do computador poderia sair para o mundo real e foi ent\u00e3o que cogitamos em realizar o encontro. Como o maior n\u00famero de pessoas estava em Blumenau, decidimos fazer l\u00e1. Mas a\u00ed tem aquele coisa de quando tem muita gente envolvida, todo mundo fica empurrando com a barriga e as coisas n\u00e3o acontecem. A\u00ed eu decidi agir e tomei para mim a responsabilidade. Fui at\u00e9 um posto de gasolina na regi\u00e3o central de Brusque para conversar com o gerente e saber se ele poderia nos ceder o espa\u00e7o do posto para um encontro em um domingo. A minha estimativa era algo em torno de 40 a 50 motos, n\u00e3o mais que isso. A resposta foi sim e ent\u00e3o providenciei cartazes, camisetas e sai convidando meio mundo nas comunidades do Orkut.<\/p>\n<p>No dia do encontro foi uma surpresa. Apareceram mais de 160 motocicletas. Pra uma primeira vez, era um sucesso. A partir da\u00ed n\u00e3o parou mais e tive a chance de realizar algo que sempre quis fazer, que era reunir os amantes das 2 tempos. Isso por que eu sempre frequentava muitos encontros de motociclistas mas sempre ficava super perdido com minha Yamaha RD135. Pois, em quase todos, praticamente n\u00e3o haviam outros da minha turma, a turma da fuma\u00e7a. E a\u00ed me veio o estalo de tentar reunir s\u00f3 as motos 2 tempos.<\/p>\n<figure id=\"attachment_1757\" aria-describedby=\"caption-attachment-1757\" style=\"width: 1024px\" class=\"wp-caption aligncenter\"><img decoding=\"async\" loading=\"lazy\" class=\"wp-image-1757 size-large\" src=\"https:\/\/www.motocultura.com.br\/home\/wp-content\/uploads\/2018\/03\/2tempos011-1024x768.jpg\" alt=\"\" width=\"1024\" height=\"768\" srcset=\"https:\/\/www.motocultura.com.br\/home\/wp-content\/uploads\/2018\/03\/2tempos011.jpg 1024w, https:\/\/www.motocultura.com.br\/home\/wp-content\/uploads\/2018\/03\/2tempos011-300x225.jpg 300w, https:\/\/www.motocultura.com.br\/home\/wp-content\/uploads\/2018\/03\/2tempos011-768x576.jpg 768w\" sizes=\"(max-width: 1024px) 100vw, 1024px\" \/><figcaption id=\"caption-attachment-1757\" class=\"wp-caption-text\">Edinho, o criador e organizador do Encontro Nacional de Motos 2 tempos.<\/figcaption><\/figure>\n<h4>E deu certo. J\u00e1 ser\u00e3o seis edi\u00e7\u00f5es desde a primeira. Alguma delas marcou voc\u00ea de alguma forma?<\/h4>\n<p>Deu certo sim! A cada ano recebemos mais e mais participantes. E a cada novo encontro, mais gente vem de mais longe. S\u00e3o entusiastas de muitos estados do Brasil.\u00a0 E \u00e9 muito legal isso de, todo ano, poder conhecer pessoalmente, olhar no olho, tanta gente bacana que conhe\u00e7o s\u00f3 pela internet, assim como as pessoas conhecerem umas as outras e fazerem novas e boas amizadas. \u00c9 dif\u00edcil falar sobre algo que marcou mais pois, a cada ano, rola tanta historia legal que escolher s\u00f3 uma n\u00e3o d\u00e1.\u00a0 Mas eu garanto que em todo o encontro sempre rola muita coisa bacana e que acaba mexendo com a gente.<\/p>\n<p>De qualquer forma, o primeiro encontro foi marcante pelo fato de ser uma coisa bem despretensiosa e aparecerem tantos participantes j\u00e1 logo de cara.<\/p>\n<h4>Quais foram as grandes dificuldades at\u00e9 hoje para organizar o evento?<\/h4>\n<p>Como o encontro foi sempre muito bem aceito, j\u00e1 na segunda edi\u00e7\u00e3o percebi que n\u00e3o poderia mais fazer em um posto de gasolina, por exemplo. Pois j\u00e1 t\u00ednhamos um n\u00famero expressivo de participantes e a cidade de Brusque j\u00e1 estava marcada como sede do evento. Decidi migr\u00e1-lo para um lugar maior e mais preparado. Ent\u00e3o transferimos para o principal centro de eventos da cidade, a FENARRECO. Mas a\u00ed come\u00e7aram as dores de cabe\u00e7a com a burocracia. Um evento de porte precisa de uma s\u00e9rie de coisas que a gente nem imagina. Fazer tudo dentro da lei e das regras \u00e9 bem trabalhoso, exige tempo e acaba tendo um custo bastante consider\u00e1vel. \u00c9 aluguel, alvar\u00e1, seguran\u00e7a, alimenta\u00e7\u00e3o, som, ilumina\u00e7\u00e3o, divulga\u00e7\u00e3o e tantas outras coisas. Toda organiza\u00e7\u00e3o gera muito trabalho e exige muita dedica\u00e7\u00e3o pra n\u00e3o correr o risco de deixar de acontecer por algum vacilo de organiza\u00e7\u00e3o.<\/p>\n<h4>Conta pra gente. Como foi a \u00faltima edi\u00e7\u00e3o em 2017?<\/h4>\n<p>Foi a primeira edi\u00e7\u00e3o que aconteceu em dois dias. At\u00e9 ent\u00e3o faz\u00edamos em apenas um dia.\u00a0Foi tamb\u00e9m onde decidi abrir o encontro para as motos 4 tempos. At\u00e9 por que ficava chato algu\u00e9m chegar de moto 4 tempos e n\u00e3o poder entrar. Para isso, deixei um dia de encontro misto e um dia sendo exclusivo das fumacentas.<br \/>\nTalvez por isso, foi a edi\u00e7\u00e3o em que mais recebemos p\u00fablico e motos. Foram dois dias de muita fuma\u00e7a, show de manobras radicais, dinam\u00f4metro, passeio pela cidade, bandas de rock, homenagens, camping e outras atra\u00e7\u00f5es.<\/p>\n<h4>Voc\u00ea cuida de tudo sozinho ou tem algu\u00e9m que ajuda voc\u00ea em todos os detalhes?<\/h4>\n<p>Sou o organizador que mais suja as m\u00e3os, risos.\u00a0Por\u00e9m, tenho muitos amigos que me ajudam demais, tanto nos dias do encontro como nos meses que antecedem com toda a coisa de planejamento. Prefiro n\u00e3o falar nomes por que, sempre, sempre tem o risco de esquecer de algu\u00e9m. Mas quem me ajuda sabe e tem todo meu carinho e agradecimento. E, claro, quem me ajuda demais e apoia sempre \u00e9 minha fam\u00edlia. Minha m\u00e3e e meu irm\u00e3o vem todo santo ano para ajudar.<\/p>\n<h4>E se algu\u00e9m tem interesse em patrocinar ou mesmo ajudar de alguma forma? Como deve proceder?<\/h4>\n<p>\u00c9 s\u00f3 entrar em contato diretamente comigo! Al\u00e9m de fazer tudo eu tamb\u00e9m atendo o telefone e respondo os e-mails!<\/p>\n<p>(nota: os contatos est\u00e3o no final da entrevista)<\/p>\n<h4>Nessas 5 edi\u00e7\u00f5es at\u00e9 aqui, que hist\u00f3rias interessantes voc\u00ea tem pra contar?<\/h4>\n<p>Muitas! Mas tem uma em particular que aconteceu em 2017 e foi incr\u00edvel.\u00a0Uma turma de amigos 2 tempistas chamados TWO STROKE 019, vieram de S\u00e3o Paulo e, na ocasi\u00e3o do encontro, surpreenderam um de seus amigos e a todos do evento. A hist\u00f3ria \u00e9 que esse amigo deles estava passando por dificuldades financeiras e estava com a sua 2 tempos parada. A turma pegou a moto dele escondida, colocaram toda a documenta\u00e7\u00e3o em dia e colocaram a moto pra rodar com uma vaquinha e com cada um ajudando com pe\u00e7as ou com o que podia. Deixaram a moto impec\u00e1vel e entregaram para o amigo durante o encontro. Foi um momento muito legal que criou e refor\u00e7ou ainda mais o clima de solidariedade e uni\u00e3o do encontro. Nem eu esperava por essa!<\/p>\n<h4>O que o evento trouxe de legal pra voc\u00ea como pessoa?<\/h4>\n<p>Olha, trouxe muito conhecimento e muita experi\u00eancia com pessoas. Tenho muito orgulhoso de ser o organizador e quando vejo o resultado, me emociono j\u00e1 que passo o ano todo envolvido com as 2 tempos e sempre planejando algo a mais pro pr\u00f3ximo encontro. Sem falar no n\u00famero de grandes amigos que sempre aumenta a cada ano.<\/p>\n<h4>Estando fora do eixo das grandes capitais, principalmente Rio e S\u00e3o Paulo, voc\u00ea acha que \u00e9 mais dif\u00edcil conseguir apoio e divulga\u00e7\u00e3o?<\/h4>\n<p>Pelo contr\u00e1rio. Acho at\u00e9 que \u00e9 um ponto positivo o evento ocorrer no interior, fora do eixo. Pois, de certa forma, o encontro acaba sendo tamb\u00e9m, pra quem vem das cidades grandes, uma fuga da selva de pedra, uma viagem bacana, um passeio legal e um momento de descanso e lazer. Al\u00e9m do mais, a regi\u00e3o aqui \u00e9 muito tur\u00edstica, do lado do lindo litoral catarinense. O que complica mesmo \u00e9 a quest\u00e3o de patroc\u00ednio. Tenho mais acesso \u00e0 galera da regi\u00e3o que est\u00e1 interessada em patrocinar. Mas a gente sabe que a realidade econ\u00f4mica do interior \u00e9 bem diferente das grandes cidades. Ent\u00e3o tenho de correr atr\u00e1s da m\u00e1quina e tirar leite de pedra.\u00a0De qualquer forma, sempre tem muita gente apaixonada por 2 tempos e, por isso, temos um n\u00famero expressivo de apoiadores. Desde grupos de 2 tempistas at\u00e9 neg\u00f3cios locais, oficinas, profissionais liberais, etc.<\/p>\n<h4>Voc\u00ea tamb\u00e9m compete. Conta pra gente essa sua hist\u00f3ria como piloto!<\/h4>\n<p>Como eu disse antes, essa paix\u00e3o pela arrancada come\u00e7ou, cedo. Ainda sou piloto de arrancada, tenho minha Yamaha RD 135 preparada desde meus 16 anos de idade. Ela me acompanha firme e forte at\u00e9 hoje. J\u00e1 s\u00e3o anos de pista. Tenho at\u00e9 alguns t\u00edtulos!\u00a0Como vice campe\u00e3o ga\u00facho e campe\u00e3o catarinense de arrancada.<\/p>\n<figure id=\"attachment_1746\" aria-describedby=\"caption-attachment-1746\" style=\"width: 1024px\" class=\"wp-caption aligncenter\"><img decoding=\"async\" loading=\"lazy\" class=\"size-large wp-image-1746\" src=\"https:\/\/www.motocultura.com.br\/home\/wp-content\/uploads\/2018\/03\/edinho-1024x768.jpg\" alt=\"\" width=\"1024\" height=\"768\" srcset=\"https:\/\/www.motocultura.com.br\/home\/wp-content\/uploads\/2018\/03\/edinho.jpg 1024w, https:\/\/www.motocultura.com.br\/home\/wp-content\/uploads\/2018\/03\/edinho-300x225.jpg 300w, https:\/\/www.motocultura.com.br\/home\/wp-content\/uploads\/2018\/03\/edinho-768x576.jpg 768w\" sizes=\"(max-width: 1024px) 100vw, 1024px\" \/><figcaption id=\"caption-attachment-1746\" class=\"wp-caption-text\">Edinho competindo com sua querida 2 tempos.<\/figcaption><\/figure>\n<h4>Edinho, muito obrigado pela entrevista e estamos torcendo para que o evento deste ano seja novamente um sucesso.<\/h4>\n<p>Eu \u00e9 que agrade\u00e7o e convido todo mundo a dar um belo passeio at\u00e9 Brusque pra respirar um ar puro (cheio de fuma\u00e7a 2 tempos).<\/p>\n<h3>Confira o v\u00eddeo do evento de 2017<\/h3>\n<p>Feito pelo carism\u00e1tico entusiasta das 2 tempos, o Coruja, do canal <a href=\"https:\/\/www.youtube.com\/channel\/UCZ0aS7N7RbwRd2zrhuotTCA\" target=\"_blank\" rel=\"noopener\"><strong>Resist\u00eancia 2 Tempos Brasil<\/strong><\/a> no Youtube.<\/p>\n<p><iframe loading=\"lazy\" width=\"1200\" height=\"675\" src=\"https:\/\/www.youtube.com\/embed\/uU5VOs8Et_I?feature=oembed\" frameborder=\"0\" allow=\"autoplay; encrypted-media\" allowfullscreen><\/iframe><\/p>\n<h3>Confira algumas fotos do evento de 2017<\/h3>\n<p><img decoding=\"async\" loading=\"lazy\" class=\"aligncenter size-large wp-image-1749\" src=\"https:\/\/www.motocultura.com.br\/home\/wp-content\/uploads\/2018\/03\/2tempos002-1024x768.jpg\" alt=\"\" width=\"1024\" height=\"768\" srcset=\"https:\/\/www.motocultura.com.br\/home\/wp-content\/uploads\/2018\/03\/2tempos002.jpg 1024w, https:\/\/www.motocultura.com.br\/home\/wp-content\/uploads\/2018\/03\/2tempos002-300x225.jpg 300w, https:\/\/www.motocultura.com.br\/home\/wp-content\/uploads\/2018\/03\/2tempos002-768x576.jpg 768w\" sizes=\"(max-width: 1024px) 100vw, 1024px\" \/><\/p>\n<p><img decoding=\"async\" loading=\"lazy\" class=\"aligncenter size-large wp-image-1750\" src=\"https:\/\/www.motocultura.com.br\/home\/wp-content\/uploads\/2018\/03\/2tempos003-1024x768.jpg\" alt=\"\" width=\"1024\" height=\"768\" srcset=\"https:\/\/www.motocultura.com.br\/home\/wp-content\/uploads\/2018\/03\/2tempos003.jpg 1024w, https:\/\/www.motocultura.com.br\/home\/wp-content\/uploads\/2018\/03\/2tempos003-300x225.jpg 300w, https:\/\/www.motocultura.com.br\/home\/wp-content\/uploads\/2018\/03\/2tempos003-768x576.jpg 768w\" sizes=\"(max-width: 1024px) 100vw, 1024px\" \/><\/p>\n<p><img decoding=\"async\" loading=\"lazy\" class=\"aligncenter size-large wp-image-1751\" src=\"https:\/\/www.motocultura.com.br\/home\/wp-content\/uploads\/2018\/03\/2tempos004-1024x768.jpg\" alt=\"\" width=\"1024\" height=\"768\" srcset=\"https:\/\/www.motocultura.com.br\/home\/wp-content\/uploads\/2018\/03\/2tempos004.jpg 1024w, https:\/\/www.motocultura.com.br\/home\/wp-content\/uploads\/2018\/03\/2tempos004-300x225.jpg 300w, https:\/\/www.motocultura.com.br\/home\/wp-content\/uploads\/2018\/03\/2tempos004-768x576.jpg 768w\" sizes=\"(max-width: 1024px) 100vw, 1024px\" \/><\/p>\n<p><img decoding=\"async\" loading=\"lazy\" class=\"aligncenter size-large wp-image-1763\" src=\"https:\/\/www.motocultura.com.br\/home\/wp-content\/uploads\/2018\/03\/2tempos017-1024x768.jpg\" alt=\"\" width=\"1024\" height=\"768\" srcset=\"https:\/\/www.motocultura.com.br\/home\/wp-content\/uploads\/2018\/03\/2tempos017.jpg 1024w, https:\/\/www.motocultura.com.br\/home\/wp-content\/uploads\/2018\/03\/2tempos017-300x225.jpg 300w, https:\/\/www.motocultura.com.br\/home\/wp-content\/uploads\/2018\/03\/2tempos017-768x576.jpg 768w\" sizes=\"(max-width: 1024px) 100vw, 1024px\" \/><\/p>\n<p><img decoding=\"async\" loading=\"lazy\" class=\"aligncenter size-large wp-image-1755\" src=\"https:\/\/www.motocultura.com.br\/home\/wp-content\/uploads\/2018\/03\/2tempos009-1024x768.jpg\" alt=\"\" width=\"1024\" height=\"768\" srcset=\"https:\/\/www.motocultura.com.br\/home\/wp-content\/uploads\/2018\/03\/2tempos009.jpg 1024w, https:\/\/www.motocultura.com.br\/home\/wp-content\/uploads\/2018\/03\/2tempos009-300x225.jpg 300w, https:\/\/www.motocultura.com.br\/home\/wp-content\/uploads\/2018\/03\/2tempos009-768x576.jpg 768w\" sizes=\"(max-width: 1024px) 100vw, 1024px\" \/><\/p>\n<p><img decoding=\"async\" loading=\"lazy\" class=\"aligncenter size-large wp-image-1756\" src=\"https:\/\/www.motocultura.com.br\/home\/wp-content\/uploads\/2018\/03\/2tempos010-1024x768.jpg\" alt=\"\" width=\"1024\" height=\"768\" srcset=\"https:\/\/www.motocultura.com.br\/home\/wp-content\/uploads\/2018\/03\/2tempos010.jpg 1024w, https:\/\/www.motocultura.com.br\/home\/wp-content\/uploads\/2018\/03\/2tempos010-300x225.jpg 300w, https:\/\/www.motocultura.com.br\/home\/wp-content\/uploads\/2018\/03\/2tempos010-768x576.jpg 768w\" sizes=\"(max-width: 1024px) 100vw, 1024px\" \/><\/p>\n<p><img decoding=\"async\" loading=\"lazy\" class=\"aligncenter size-large wp-image-1753\" src=\"https:\/\/www.motocultura.com.br\/home\/wp-content\/uploads\/2018\/03\/2tempos006-1024x768.jpg\" alt=\"\" width=\"1024\" height=\"768\" srcset=\"https:\/\/www.motocultura.com.br\/home\/wp-content\/uploads\/2018\/03\/2tempos006.jpg 1024w, https:\/\/www.motocultura.com.br\/home\/wp-content\/uploads\/2018\/03\/2tempos006-300x225.jpg 300w, https:\/\/www.motocultura.com.br\/home\/wp-content\/uploads\/2018\/03\/2tempos006-768x576.jpg 768w\" sizes=\"(max-width: 1024px) 100vw, 1024px\" \/><\/p>\n<p><img decoding=\"async\" loading=\"lazy\" class=\"aligncenter size-full wp-image-1762\" src=\"https:\/\/www.motocultura.com.br\/home\/wp-content\/uploads\/2018\/03\/2tempos016.jpg\" alt=\"\" width=\"960\" height=\"540\" srcset=\"https:\/\/www.motocultura.com.br\/home\/wp-content\/uploads\/2018\/03\/2tempos016.jpg 960w, https:\/\/www.motocultura.com.br\/home\/wp-content\/uploads\/2018\/03\/2tempos016-300x169.jpg 300w, https:\/\/www.motocultura.com.br\/home\/wp-content\/uploads\/2018\/03\/2tempos016-768x432.jpg 768w\" sizes=\"(max-width: 960px) 100vw, 960px\" \/><\/p>\n<p><img decoding=\"async\" loading=\"lazy\" class=\"aligncenter size-large wp-image-1752\" src=\"https:\/\/www.motocultura.com.br\/home\/wp-content\/uploads\/2018\/03\/2tempos005-1024x683.jpg\" alt=\"\" width=\"1024\" height=\"683\" srcset=\"https:\/\/www.motocultura.com.br\/home\/wp-content\/uploads\/2018\/03\/2tempos005.jpg 1024w, https:\/\/www.motocultura.com.br\/home\/wp-content\/uploads\/2018\/03\/2tempos005-300x200.jpg 300w, https:\/\/www.motocultura.com.br\/home\/wp-content\/uploads\/2018\/03\/2tempos005-768x512.jpg 768w\" sizes=\"(max-width: 1024px) 100vw, 1024px\" \/><\/p>\n<p><img decoding=\"async\" loading=\"lazy\" class=\"aligncenter size-large wp-image-1754\" src=\"https:\/\/www.motocultura.com.br\/home\/wp-content\/uploads\/2018\/03\/2tempos008-1024x768.jpg\" alt=\"\" width=\"1024\" height=\"768\" srcset=\"https:\/\/www.motocultura.com.br\/home\/wp-content\/uploads\/2018\/03\/2tempos008.jpg 1024w, https:\/\/www.motocultura.com.br\/home\/wp-content\/uploads\/2018\/03\/2tempos008-300x225.jpg 300w, https:\/\/www.motocultura.com.br\/home\/wp-content\/uploads\/2018\/03\/2tempos008-768x576.jpg 768w\" sizes=\"(max-width: 1024px) 100vw, 1024px\" \/><\/p>\n<p><img decoding=\"async\" loading=\"lazy\" class=\"aligncenter size-large wp-image-1758\" src=\"https:\/\/www.motocultura.com.br\/home\/wp-content\/uploads\/2018\/03\/2-tempos012-1024x768.jpg\" alt=\"\" width=\"1024\" height=\"768\" srcset=\"https:\/\/www.motocultura.com.br\/home\/wp-content\/uploads\/2018\/03\/2-tempos012.jpg 1024w, https:\/\/www.motocultura.com.br\/home\/wp-content\/uploads\/2018\/03\/2-tempos012-300x225.jpg 300w, https:\/\/www.motocultura.com.br\/home\/wp-content\/uploads\/2018\/03\/2-tempos012-768x576.jpg 768w\" sizes=\"(max-width: 1024px) 100vw, 1024px\" \/><\/p>\n<p><img decoding=\"async\" loading=\"lazy\" class=\"aligncenter size-large wp-image-1760\" src=\"https:\/\/www.motocultura.com.br\/home\/wp-content\/uploads\/2018\/03\/2tempos014-1024x768.jpg\" alt=\"\" width=\"1024\" height=\"768\" srcset=\"https:\/\/www.motocultura.com.br\/home\/wp-content\/uploads\/2018\/03\/2tempos014.jpg 1024w, https:\/\/www.motocultura.com.br\/home\/wp-content\/uploads\/2018\/03\/2tempos014-300x225.jpg 300w, https:\/\/www.motocultura.com.br\/home\/wp-content\/uploads\/2018\/03\/2tempos014-768x576.jpg 768w\" sizes=\"(max-width: 1024px) 100vw, 1024px\" \/><\/p>\n<p><img decoding=\"async\" loading=\"lazy\" class=\"aligncenter size-large wp-image-1759\" src=\"https:\/\/www.motocultura.com.br\/home\/wp-content\/uploads\/2018\/03\/2tempos013-1024x768.jpg\" alt=\"\" width=\"1024\" height=\"768\" srcset=\"https:\/\/www.motocultura.com.br\/home\/wp-content\/uploads\/2018\/03\/2tempos013.jpg 1024w, https:\/\/www.motocultura.com.br\/home\/wp-content\/uploads\/2018\/03\/2tempos013-300x225.jpg 300w, https:\/\/www.motocultura.com.br\/home\/wp-content\/uploads\/2018\/03\/2tempos013-768x576.jpg 768w\" sizes=\"(max-width: 1024px) 100vw, 1024px\" \/><\/p>\n<p><img decoding=\"async\" loading=\"lazy\" class=\"aligncenter size-large wp-image-1774\" src=\"https:\/\/www.motocultura.com.br\/home\/wp-content\/uploads\/2018\/03\/2tempos023-1024x768.jpg\" alt=\"\" width=\"1024\" height=\"768\" srcset=\"https:\/\/www.motocultura.com.br\/home\/wp-content\/uploads\/2018\/03\/2tempos023.jpg 1024w, https:\/\/www.motocultura.com.br\/home\/wp-content\/uploads\/2018\/03\/2tempos023-300x225.jpg 300w, https:\/\/www.motocultura.com.br\/home\/wp-content\/uploads\/2018\/03\/2tempos023-768x576.jpg 768w\" sizes=\"(max-width: 1024px) 100vw, 1024px\" \/><\/p>\n<p><img decoding=\"async\" loading=\"lazy\" class=\"aligncenter size-large wp-image-1775\" src=\"https:\/\/www.motocultura.com.br\/home\/wp-content\/uploads\/2018\/03\/2tempos001-1024x768.jpg\" alt=\"\" width=\"1024\" height=\"768\" srcset=\"https:\/\/www.motocultura.com.br\/home\/wp-content\/uploads\/2018\/03\/2tempos001.jpg 1024w, https:\/\/www.motocultura.com.br\/home\/wp-content\/uploads\/2018\/03\/2tempos001-300x225.jpg 300w, https:\/\/www.motocultura.com.br\/home\/wp-content\/uploads\/2018\/03\/2tempos001-768x576.jpg 768w\" sizes=\"(max-width: 1024px) 100vw, 1024px\" \/><\/p>\n<p><img decoding=\"async\" loading=\"lazy\" class=\"aligncenter size-large wp-image-1776\" src=\"https:\/\/www.motocultura.com.br\/home\/wp-content\/uploads\/2018\/03\/2tempos025-1024x768.jpg\" alt=\"\" width=\"1024\" height=\"768\" srcset=\"https:\/\/www.motocultura.com.br\/home\/wp-content\/uploads\/2018\/03\/2tempos025.jpg 1024w, https:\/\/www.motocultura.com.br\/home\/wp-content\/uploads\/2018\/03\/2tempos025-300x225.jpg 300w, https:\/\/www.motocultura.com.br\/home\/wp-content\/uploads\/2018\/03\/2tempos025-768x576.jpg 768w\" sizes=\"(max-width: 1024px) 100vw, 1024px\" \/><\/p>\n<p><img decoding=\"async\" loading=\"lazy\" class=\"aligncenter size-large wp-image-1777\" src=\"https:\/\/www.motocultura.com.br\/home\/wp-content\/uploads\/2018\/03\/2tempos027-1024x768.jpg\" alt=\"\" width=\"1024\" height=\"768\" srcset=\"https:\/\/www.motocultura.com.br\/home\/wp-content\/uploads\/2018\/03\/2tempos027.jpg 1024w, https:\/\/www.motocultura.com.br\/home\/wp-content\/uploads\/2018\/03\/2tempos027-300x225.jpg 300w, https:\/\/www.motocultura.com.br\/home\/wp-content\/uploads\/2018\/03\/2tempos027-768x576.jpg 768w\" sizes=\"(max-width: 1024px) 100vw, 1024px\" \/><\/p>\n<p><img decoding=\"async\" loading=\"lazy\" class=\"aligncenter size-large wp-image-1778\" src=\"https:\/\/www.motocultura.com.br\/home\/wp-content\/uploads\/2018\/03\/2tempos019-1024x768.jpg\" alt=\"\" width=\"1024\" height=\"768\" srcset=\"https:\/\/www.motocultura.com.br\/home\/wp-content\/uploads\/2018\/03\/2tempos019.jpg 1024w, https:\/\/www.motocultura.com.br\/home\/wp-content\/uploads\/2018\/03\/2tempos019-300x225.jpg 300w, https:\/\/www.motocultura.com.br\/home\/wp-content\/uploads\/2018\/03\/2tempos019-768x576.jpg 768w\" sizes=\"(max-width: 1024px) 100vw, 1024px\" \/><\/p>\n<p><img decoding=\"async\" loading=\"lazy\" class=\"aligncenter size-large wp-image-1779\" src=\"https:\/\/www.motocultura.com.br\/home\/wp-content\/uploads\/2018\/03\/2tempos021-1024x768.jpg\" alt=\"\" width=\"1024\" height=\"768\" srcset=\"https:\/\/www.motocultura.com.br\/home\/wp-content\/uploads\/2018\/03\/2tempos021.jpg 1024w, https:\/\/www.motocultura.com.br\/home\/wp-content\/uploads\/2018\/03\/2tempos021-300x225.jpg 300w, https:\/\/www.motocultura.com.br\/home\/wp-content\/uploads\/2018\/03\/2tempos021-768x576.jpg 768w\" sizes=\"(max-width: 1024px) 100vw, 1024px\" \/><\/p>\n<p><img decoding=\"async\" loading=\"lazy\" class=\"aligncenter size-large wp-image-1780\" src=\"https:\/\/www.motocultura.com.br\/home\/wp-content\/uploads\/2018\/03\/2tempos022-1024x768.jpg\" alt=\"\" width=\"1024\" height=\"768\" srcset=\"https:\/\/www.motocultura.com.br\/home\/wp-content\/uploads\/2018\/03\/2tempos022.jpg 1024w, https:\/\/www.motocultura.com.br\/home\/wp-content\/uploads\/2018\/03\/2tempos022-300x225.jpg 300w, https:\/\/www.motocultura.com.br\/home\/wp-content\/uploads\/2018\/03\/2tempos022-768x576.jpg 768w\" sizes=\"(max-width: 1024px) 100vw, 1024px\" \/><\/p>\n<p><img decoding=\"async\" loading=\"lazy\" class=\"aligncenter size-large wp-image-1781\" src=\"https:\/\/www.motocultura.com.br\/home\/wp-content\/uploads\/2018\/03\/2tempos024-1024x768.jpg\" alt=\"\" width=\"1024\" height=\"768\" srcset=\"https:\/\/www.motocultura.com.br\/home\/wp-content\/uploads\/2018\/03\/2tempos024.jpg 1024w, https:\/\/www.motocultura.com.br\/home\/wp-content\/uploads\/2018\/03\/2tempos024-300x225.jpg 300w, https:\/\/www.motocultura.com.br\/home\/wp-content\/uploads\/2018\/03\/2tempos024-768x576.jpg 768w\" sizes=\"(max-width: 1024px) 100vw, 1024px\" \/><\/p>\n<p><img decoding=\"async\" loading=\"lazy\" class=\"aligncenter size-large wp-image-1782\" src=\"https:\/\/www.motocultura.com.br\/home\/wp-content\/uploads\/2018\/03\/2tempos026-1024x768.jpg\" alt=\"\" width=\"1024\" height=\"768\" srcset=\"https:\/\/www.motocultura.com.br\/home\/wp-content\/uploads\/2018\/03\/2tempos026.jpg 1024w, https:\/\/www.motocultura.com.br\/home\/wp-content\/uploads\/2018\/03\/2tempos026-300x225.jpg 300w, https:\/\/www.motocultura.com.br\/home\/wp-content\/uploads\/2018\/03\/2tempos026-768x576.jpg 768w\" sizes=\"(max-width: 1024px) 100vw, 1024px\" \/><\/p>\n<p><img decoding=\"async\" loading=\"lazy\" class=\"aligncenter size-large wp-image-1788\" src=\"https:\/\/www.motocultura.com.br\/home\/wp-content\/uploads\/2018\/03\/29884297_1241719709295426_886614190_o-1024x685.jpg\" alt=\"\" width=\"1024\" height=\"685\" srcset=\"https:\/\/www.motocultura.com.br\/home\/wp-content\/uploads\/2018\/03\/29884297_1241719709295426_886614190_o-1024x685.jpg 1024w, https:\/\/www.motocultura.com.br\/home\/wp-content\/uploads\/2018\/03\/29884297_1241719709295426_886614190_o-300x201.jpg 300w, https:\/\/www.motocultura.com.br\/home\/wp-content\/uploads\/2018\/03\/29884297_1241719709295426_886614190_o-768x514.jpg 768w, https:\/\/www.motocultura.com.br\/home\/wp-content\/uploads\/2018\/03\/29884297_1241719709295426_886614190_o.jpg 1435w\" sizes=\"(max-width: 1024px) 100vw, 1024px\" \/><\/p>\n<h3>SERVI\u00c7O<\/h3>\n<p><strong>6\u00b0 Encontro Nacional de Motos 2 Tempos<\/strong><br \/>\n<a href=\"http:\/\/www.facebook.com\/events\/214152295824167\/\" target=\"_blank\" rel=\"noopener\">P\u00e1gina do evento no Facebook<\/a><br \/>\n14 (s\u00e1bado) e 15 (domingo, exclusivo para motos 2 tempos) de Abril<br \/>\nA partir das 8 horas da manh\u00e3<br \/>\nIngresso: R$ 15,00<br \/>\nAtra\u00e7\u00f5es: Passeio pela cidade, show de manobras radicais, desafio de velocidade no dinam\u00f4metro com premia\u00e7\u00e3o, \u00e1rea para manobras, exposi\u00e7\u00e3o de motos 2 tempos, bandas, venda de pe\u00e7as e acess\u00f3rios, pra\u00e7a de alimenta\u00e7\u00e3o e choperia<\/p>\n<h3>CONTATOS<\/h3>\n<p><strong>Edinho Kroth<\/strong><br \/>\nFone: (47) 98481 1402<br \/>\nedinhokroth@hotmail.com<\/p>\n<p>&nbsp;<\/p>\n<p>&nbsp;<\/p>\n","protected":false},"excerpt":{"rendered":"<p>Em 2013, o ga\u00facho Edinho Kroth, entusiasta das motocicletas 2 tempos, decidiu que iria realizar um encontro dedicado as m\u00e1quinas que fizeram hist\u00f3ria, deixaram saudades (a produ\u00e7\u00e3o foi descontinuada) e tamb\u00e9m uma legi\u00e3o de f\u00e3s dedicados \u00e0s motocicletas carinhosamente chamadas de &#8220;fumacentas&#8221;. Cinco anos depois, Edinho \u00e9 o maestro de um encontro que cresceu, prosperou, [&hellip;]<\/p>\n","protected":false},"author":2,"featured_media":1785,"comment_status":"open","ping_status":"closed","sticky":false,"template":"","format":"standard","meta":[],"categories":[4],"tags":[88,87,89,72,14],"jetpack_featured_media_url":"https:\/\/www.motocultura.com.br\/home\/wp-content\/uploads\/2018\/03\/chamada.png","jetpack-related-posts":[{"id":2446,"url":"https:\/\/www.motocultura.com.br\/home\/canais-youtube-sobre-moto-que-valem-pena-acompanhar\/","url_meta":{"origin":1741,"position":0},"title":"Canais do Youtube sobre moto que valem a pena acompanhar","author":"Guilhes Damian","date":"5 de mar\u00e7o de 2019","format":false,"excerpt":"Se voc\u00ea \u00e9 daqueles que como muita gente trocou a televis\u00e3o pelo Youtube e vive procurando coisas novas e legais para assistir na plataforma de v\u00eddeos do Google, sabe que nem sempre \u00e9 f\u00e1cil separar o joio do trigo. Hoje em dia todo mundo \u00e9 aspirante a Youtuber, todo dia\u2026","rel":"","context":"Em &quot;CULTURA&quot;","block_context":{"text":"CULTURA","link":"https:\/\/www.motocultura.com.br\/home\/category\/cultura\/"},"img":{"alt_text":"","src":"https:\/\/i0.wp.com\/www.motocultura.com.br\/home\/wp-content\/uploads\/2019\/03\/chamada-1.png?resize=350%2C200&ssl=1","width":350,"height":200},"classes":[]},{"id":4338,"url":"https:\/\/www.motocultura.com.br\/home\/collector-73-motocicletas-exclusivas-em-uma-confraria-de-pilotos\/","url_meta":{"origin":1741,"position":1},"title":"Collector 73 &#8211; motocicletas exclusivas em uma confraria de pilotos","author":"Guilhes Damian","date":"1 de mar\u00e7o de 2023","format":false,"excerpt":"A precoce influ\u00eancia paterna e o \u00edmpeto de exercitar a criatividade, aliados ao fasc\u00ednio pelas duas rodas, plantou uma ideia persistente na cabe\u00e7a do administrador de empresas Carlos Delgado de Carvalho: materializar uma cole\u00e7\u00e3o exclusiva de motocicletas customizadas atreladas ao melhor do esp\u00edrito do motociclismo em uma esp\u00e9cie de confraria\u2026","rel":"","context":"Em &quot;CULTURA&quot;","block_context":{"text":"CULTURA","link":"https:\/\/www.motocultura.com.br\/home\/category\/cultura\/"},"img":{"alt_text":"","src":"https:\/\/i0.wp.com\/www.motocultura.com.br\/home\/wp-content\/uploads\/2023\/03\/abre-materia-collector-73.jpg?resize=350%2C200&ssl=1","width":350,"height":200,"srcset":"https:\/\/i0.wp.com\/www.motocultura.com.br\/home\/wp-content\/uploads\/2023\/03\/abre-materia-collector-73.jpg?resize=350%2C200&ssl=1 1x, https:\/\/i0.wp.com\/www.motocultura.com.br\/home\/wp-content\/uploads\/2023\/03\/abre-materia-collector-73.jpg?resize=700%2C400&ssl=1 2x"},"classes":[]},{"id":4046,"url":"https:\/\/www.motocultura.com.br\/home\/moto-honda-cg-125-cafe-racer-por-santiago-cafe\/","url_meta":{"origin":1741,"position":2},"title":"Moto Honda CG 125 cafe racer por Santiago Cafe","author":"Guilhes Damian","date":"9 de julho de 2022","format":false,"excerpt":"O chamado objeto de desejo nem sempre diz respeito a algum bem material car\u00edssimo, provavelmente acess\u00edvel a poucos com saldo banc\u00e1rio suficiente para tornar realidade um sonho de consumo em particular. Objeto de desejo, muitas vezes, tem rela\u00e7\u00e3o com identidade e, principalmente, em transformar algo ordin\u00e1rio, comum, em um objeto\u2026","rel":"","context":"Em &quot;CUSTOMIZA\u00c7\u00c3O&quot;","block_context":{"text":"CUSTOMIZA\u00c7\u00c3O","link":"https:\/\/www.motocultura.com.br\/home\/category\/customizacao\/"},"img":{"alt_text":"","src":"https:\/\/i0.wp.com\/www.motocultura.com.br\/home\/wp-content\/uploads\/2022\/07\/honda-cg-125-cafe-racer-001.jpg?resize=350%2C200&ssl=1","width":350,"height":200,"srcset":"https:\/\/i0.wp.com\/www.motocultura.com.br\/home\/wp-content\/uploads\/2022\/07\/honda-cg-125-cafe-racer-001.jpg?resize=350%2C200&ssl=1 1x, https:\/\/i0.wp.com\/www.motocultura.com.br\/home\/wp-content\/uploads\/2022\/07\/honda-cg-125-cafe-racer-001.jpg?resize=700%2C400&ssl=1 2x, https:\/\/i0.wp.com\/www.motocultura.com.br\/home\/wp-content\/uploads\/2022\/07\/honda-cg-125-cafe-racer-001.jpg?resize=1050%2C600&ssl=1 3x"},"classes":[]},{"id":943,"url":"https:\/\/www.motocultura.com.br\/home\/motocicletas-que-mudam-vidas-historia-frateschi-garage\/","url_meta":{"origin":1741,"position":3},"title":"Motocicletas que mudam vidas: a hist\u00f3ria da Frateschi Garage","author":"Guilhes Damian","date":"24 de abril de 2017","format":false,"excerpt":"Algumas pessoas precisam de eventos traum\u00e1ticos para perceberem que est\u00e3o vivendo uma vida no piloto autom\u00e1tico. Outras percebem e decidem pela mudan\u00e7a sutilmente, aos poucos. E\u00a0como n\u00f3s sabemos, e quase nunca conseguimos expressar\u00a0em palavras, as motos e o motociclismo, na maior parte do tempo, transformam as pessoas. Basta recorrer\u00a0\u00e0s in\u00fameras\u2026","rel":"","context":"Em &quot;CUSTOMIZA\u00c7\u00c3O&quot;","block_context":{"text":"CUSTOMIZA\u00c7\u00c3O","link":"https:\/\/www.motocultura.com.br\/home\/category\/customizacao\/"},"img":{"alt_text":"","src":"https:\/\/i0.wp.com\/www.motocultura.com.br\/home\/wp-content\/uploads\/2017\/04\/POST-MOTOCULTURA-temp.png?resize=350%2C200&ssl=1","width":350,"height":200},"classes":[]},{"id":3380,"url":"https:\/\/www.motocultura.com.br\/home\/vyrus-uma-das-motocicletas-esportivas-mais-exclusivas-e-tecnologicas-do-mundo\/","url_meta":{"origin":1741,"position":4},"title":"Vyrus: uma das motocicletas esportivas mais exclusivas e tecnol\u00f3gicas do mundo","author":"Guilhes Damian","date":"21 de abril de 2020","format":false,"excerpt":"Algo que todo motociclista aprende mais cedo ou mais tarde \u00e9 sobre a paix\u00e3o dos italianos pelas duas rodas. \u00c9 de l\u00e1 que sa\u00edram pilotos lend\u00e1rios como Giacomo Agostini e Valentino Rossi. \u00c9 tamb\u00e9m na It\u00e1lia onde a Ducati, frequentemente chamada de \"Ferrari\" das motocicletas, foi concebida e estabelecida. E\u2026","rel":"","context":"Em &quot;MOTOCICLETAS&quot;","block_context":{"text":"MOTOCICLETAS","link":"https:\/\/www.motocultura.com.br\/home\/category\/motocicletas\/"},"img":{"alt_text":"","src":"https:\/\/i0.wp.com\/www.motocultura.com.br\/home\/wp-content\/uploads\/2020\/04\/chama-vyrus.jpg?resize=350%2C200&ssl=1","width":350,"height":200,"srcset":"https:\/\/i0.wp.com\/www.motocultura.com.br\/home\/wp-content\/uploads\/2020\/04\/chama-vyrus.jpg?resize=350%2C200&ssl=1 1x, https:\/\/i0.wp.com\/www.motocultura.com.br\/home\/wp-content\/uploads\/2020\/04\/chama-vyrus.jpg?resize=700%2C400&ssl=1 2x"},"classes":[]},{"id":2008,"url":"https:\/\/www.motocultura.com.br\/home\/moto-customizada-do-ano-etapa-cafe-racer\/","url_meta":{"origin":1741,"position":5},"title":"Moto customizada do ano &#8211; Etapa cafe racer","author":"Guilhes Damian","date":"4 de agosto de 2018","format":false,"excerpt":"No dia 11 de julho de 2018 o grupo Cafe Racer Brasil, Motocultura, Bratstyle Brasil e Garagem Cafe Racer reuniram 7 motocicletas super legais, customizadas como cafe racers, para concorrerem ao t\u00edtulo de moto cafe racer customizada do ano. A iniciativa surgiu em 2017 (voc\u00ea pode conferir como foi a\u2026","rel":"","context":"Em &quot;CUSTOMIZA\u00c7\u00c3O&quot;","block_context":{"text":"CUSTOMIZA\u00c7\u00c3O","link":"https:\/\/www.motocultura.com.br\/home\/category\/customizacao\/"},"img":{"alt_text":"","src":"https:\/\/i0.wp.com\/www.motocultura.com.br\/home\/wp-content\/uploads\/2018\/08\/abre.png?resize=350%2C200&ssl=1","width":350,"height":200},"classes":[]}],"jetpack_sharing_enabled":true,"_links":{"self":[{"href":"https:\/\/www.motocultura.com.br\/home\/wp-json\/wp\/v2\/posts\/1741"}],"collection":[{"href":"https:\/\/www.motocultura.com.br\/home\/wp-json\/wp\/v2\/posts"}],"about":[{"href":"https:\/\/www.motocultura.com.br\/home\/wp-json\/wp\/v2\/types\/post"}],"author":[{"embeddable":true,"href":"https:\/\/www.motocultura.com.br\/home\/wp-json\/wp\/v2\/users\/2"}],"replies":[{"embeddable":true,"href":"https:\/\/www.motocultura.com.br\/home\/wp-json\/wp\/v2\/comments?post=1741"}],"version-history":[{"count":0,"href":"https:\/\/www.motocultura.com.br\/home\/wp-json\/wp\/v2\/posts\/1741\/revisions"}],"wp:featuredmedia":[{"embeddable":true,"href":"https:\/\/www.motocultura.com.br\/home\/wp-json\/wp\/v2\/media\/1785"}],"wp:attachment":[{"href":"https:\/\/www.motocultura.com.br\/home\/wp-json\/wp\/v2\/media?parent=1741"}],"wp:term":[{"taxonomy":"category","embeddable":true,"href":"https:\/\/www.motocultura.com.br\/home\/wp-json\/wp\/v2\/categories?post=1741"},{"taxonomy":"post_tag","embeddable":true,"href":"https:\/\/www.motocultura.com.br\/home\/wp-json\/wp\/v2\/tags?post=1741"}],"curies":[{"name":"wp","href":"https:\/\/api.w.org\/{rel}","templated":true}]}}