{"id":2461,"date":"2019-04-20T18:14:55","date_gmt":"2019-04-20T21:14:55","guid":{"rendered":"https:\/\/www.motocultura.com.br\/home\/?p=2461"},"modified":"2019-09-25T21:36:25","modified_gmt":"2019-09-26T00:36:25","slug":"workshops-gratuitos-de-customizacao-promovidos-por-motocultura","status":"publish","type":"post","link":"https:\/\/www.motocultura.com.br\/home\/workshops-gratuitos-de-customizacao-promovidos-por-motocultura\/","title":{"rendered":"Workshops gratuitos de customiza\u00e7\u00e3o promovidos por Motocultura"},"content":{"rendered":"<p>Em 2018 Motocultura iniciou um movimento de democratizar e difundir informa\u00e7\u00e3o e conhecimento sobre o trabalho de customiza\u00e7\u00e3o de motocicletas na forma de pequenos workshops e palestras totalmente gratuitos. O resultado foi super bacana e muita gente saiu dos encontros agradecendo pela oportunidade. Em 2019, voltamos com a mesma f\u00f3rmula. Sempre trazendo boas hist\u00f3rias e nomes da cena de customiza\u00e7\u00e3o (ou profissionais especialistas em algum tema ligado \u00e0 customiza\u00e7\u00e3o) para dividirem seu conhecimento, darem dicas e conversarem com outros profissionais.\u00a0\u00a0<!--more--><\/p>\n<p>Os workshops acontecer\u00e3o \u00e0 noite no <a href=\"http:\/\/www.johnniewash.com.br\/\" target=\"_blank\" rel=\"noopener\">Johnnie Wash<\/a>, espa\u00e7o de Ricardo Medrano, um dos mais antigos e respeitados customizadores brasileiros. Como o espa\u00e7o f\u00edsico \u00e9 limitado, estamos distribuindo ingressos gratuitos pela plataforma Eventbrite. A cada edi\u00e7\u00e3o os ingressos estar\u00e3o dispon\u00edveis algumas semanas antes. Mas se voc\u00ea n\u00e3o conseguir ingresso, n\u00e3o se preocupe, ningu\u00e9m vai barrar sua entrada. Os ingressos tem apenas a fun\u00e7\u00e3o de reservar um lugar sentado na plateia para quem se planejar com anteced\u00eancia. Todos s\u00e3o bem vindos e, se quiserem, podem se acomodar em algum cantinho para assistirem tamb\u00e9m. Confira abaixo os encontros que preparamos para voc\u00ea.<\/p>\n<h2>Agenda<\/h2>\n<h4><strong>Customiza\u00e7\u00e3o e Fabrica\u00e7\u00e3o Digital para o Design de Motos<\/strong><\/h4>\n<p><img decoding=\"async\" loading=\"lazy\" class=\"aligncenter size-full wp-image-2471\" src=\"https:\/\/www.motocultura.com.br\/home\/wp-content\/uploads\/2019\/04\/3d.jpg\" alt=\"\" width=\"800\" height=\"500\" srcset=\"https:\/\/www.motocultura.com.br\/home\/wp-content\/uploads\/2019\/04\/3d.jpg 800w, https:\/\/www.motocultura.com.br\/home\/wp-content\/uploads\/2019\/04\/3d-300x188.jpg 300w, https:\/\/www.motocultura.com.br\/home\/wp-content\/uploads\/2019\/04\/3d-768x480.jpg 768w\" sizes=\"(max-width: 800px) 100vw, 800px\" \/><\/p>\n<p><strong>29 de Abril (SEG) &#8211; 20hs<\/strong><br \/>\nConvidado: <strong>Guto Marinho<\/strong> (professor doutor em design)<br \/>\nNo encontro ser\u00e3o demonstradas e discutidas algumas das ferramentas modernas, ligadas ao projeto por computador, poss\u00edveis no processo de customiza\u00e7\u00e3o como usinagem (CNC), corte a laser e jato d\u00e1gua e impress\u00e3o 3D.<br \/>\n<a href=\"https:\/\/www.facebook.com\/motoculturaduc\/videos\/333189460555347\/\" target=\"_blank\" rel=\"noopener\">Assista \u00e0 live transmitida no Facebook<\/a><\/p>\n<h4><strong>Metal shaping\u00a0<\/strong><\/h4>\n<p><img decoding=\"async\" loading=\"lazy\" class=\"aligncenter size-full wp-image-2470\" src=\"https:\/\/www.motocultura.com.br\/home\/wp-content\/uploads\/2019\/04\/metal.jpg\" alt=\"\" width=\"800\" height=\"500\" srcset=\"https:\/\/www.motocultura.com.br\/home\/wp-content\/uploads\/2019\/04\/metal.jpg 800w, https:\/\/www.motocultura.com.br\/home\/wp-content\/uploads\/2019\/04\/metal-300x188.jpg 300w, https:\/\/www.motocultura.com.br\/home\/wp-content\/uploads\/2019\/04\/metal-768x480.jpg 768w\" sizes=\"(max-width: 800px) 100vw, 800px\" \/><\/p>\n<p><strong>13 de Junho (QUI) &#8211; 20hs<\/strong><br \/>\nConvidado: <strong>Alexandre Salzano<\/strong> (especialista em metal shaping e restaura\u00e7\u00e3o)<br \/>\nO renomado profissional propriet\u00e1rio do <a href=\"http:\/\/www.studiosalzano.com.br\" target=\"_blank\" rel=\"noopener\">Studio Salzano<\/a> vai introduzir o tema de constru\u00e7\u00e3o com metal para fins de fabrica\u00e7\u00e3o de pe\u00e7as ou restaura\u00e7\u00e3o utilizando ferramentas como a roda inglesa, por exemplo.<br \/>\n<a href=\"https:\/\/www.facebook.com\/motoculturaduc\/videos\/449058662325223\/\" target=\"_blank\" rel=\"noopener\">Assista \u00e0 live transmitida no Facebook\u00a0<\/a><\/p>\n<h4><strong>Processo de constru\u00e7\u00e3o e customiza\u00e7\u00e3o<\/strong><\/h4>\n<p><img decoding=\"async\" loading=\"lazy\" class=\"aligncenter size-full wp-image-2472\" src=\"https:\/\/www.motocultura.com.br\/home\/wp-content\/uploads\/2019\/04\/customizacao.jpg\" alt=\"\" width=\"800\" height=\"500\" srcset=\"https:\/\/www.motocultura.com.br\/home\/wp-content\/uploads\/2019\/04\/customizacao.jpg 800w, https:\/\/www.motocultura.com.br\/home\/wp-content\/uploads\/2019\/04\/customizacao-300x188.jpg 300w, https:\/\/www.motocultura.com.br\/home\/wp-content\/uploads\/2019\/04\/customizacao-768x480.jpg 768w\" sizes=\"(max-width: 800px) 100vw, 800px\" \/><\/p>\n<p><strong>15 de Agosto (QUI) &#8211; 20hs<\/strong><br \/>\nConvidado: <strong>Billy Pasqua<\/strong> (customizador)<br \/>\nO co-fundador da <a href=\"https:\/\/benditamacchina.com\/\" target=\"_blank\" rel=\"noopener\">Bendita Macchina<\/a> e atual propriet\u00e1rio da <a href=\"https:\/\/www.facebook.com\/benta.handmade.machines\/\" target=\"_blank\" rel=\"noopener\">Benta Handmande Machines<\/a> vai contar os pormenores, dicas e processos de seu trabalho de constru\u00e7\u00e3o e customiza\u00e7\u00e3o.<br \/>\n<a href=\"https:\/\/www.eventbrite.com\/e\/palestras-construcao-de-motocicletas-customizadas-tickets-64002555366\" target=\"_blank\" rel=\"noopener\">Reserve seu ingresso<\/a><\/p>\n<h4><strong>Acabamento e finaliza\u00e7\u00e3o<\/strong><\/h4>\n<p><img decoding=\"async\" loading=\"lazy\" class=\"aligncenter size-full wp-image-2473\" src=\"https:\/\/www.motocultura.com.br\/home\/wp-content\/uploads\/2019\/04\/acabamento.jpg\" alt=\"\" width=\"800\" height=\"500\" srcset=\"https:\/\/www.motocultura.com.br\/home\/wp-content\/uploads\/2019\/04\/acabamento.jpg 800w, https:\/\/www.motocultura.com.br\/home\/wp-content\/uploads\/2019\/04\/acabamento-300x188.jpg 300w, https:\/\/www.motocultura.com.br\/home\/wp-content\/uploads\/2019\/04\/acabamento-768x480.jpg 768w\" sizes=\"(max-width: 800px) 100vw, 800px\" \/><\/p>\n<p><strong>15 de Outubro (QUI) &#8211; 20hs<\/strong><br \/>\nConvidado: <strong>Ednei Eboly<\/strong> (designer chefe da \u00e1rea de color e trim da Volkswagen,<br \/>\nO designer falar\u00e1 da abrang\u00eancia do design, da import\u00e2ncia e processo dos diferentes tratamentos de superf\u00edcies e acabamentos.<\/p>\n<h4><strong>Customiza\u00e7\u00e3o: presente, passado e futuro<\/strong><\/h4>\n<p><img decoding=\"async\" loading=\"lazy\" class=\"aligncenter size-full wp-image-2474\" src=\"https:\/\/www.motocultura.com.br\/home\/wp-content\/uploads\/2019\/04\/medrano.jpg\" alt=\"\" width=\"800\" height=\"500\" srcset=\"https:\/\/www.motocultura.com.br\/home\/wp-content\/uploads\/2019\/04\/medrano.jpg 800w, https:\/\/www.motocultura.com.br\/home\/wp-content\/uploads\/2019\/04\/medrano-300x188.jpg 300w, https:\/\/www.motocultura.com.br\/home\/wp-content\/uploads\/2019\/04\/medrano-768x480.jpg 768w\" sizes=\"(max-width: 800px) 100vw, 800px\" \/><\/p>\n<p><strong>21 de Novembro (QUI) &#8211; 20hs<\/strong><br \/>\nConvidado: <strong>Ricardo Medrano<\/strong> (customizador)<br \/>\nRicardo Medrano, como um dos mais antigos customizadores do Brasil vai revisar todo o cen\u00e1rio e processos de customiza\u00e7\u00e3o desde sua origem at\u00e9 um cen\u00e1rio para o futuro englobando todo o conhecimento dos workshops anteriores.<\/p>\n<p>Esta \u00e9 uma oportunidade bacana para quem quer aprender um pouco mais e para pensar em caminhos e possibilidades para entrar ou seguir na profiss\u00e3o. Esperemos que seja super legal para todos que participarem. Obviamente, ao final de cada workshop, todos ter\u00e3o oportunidade de conversar pessoalmente com os professores para tirarem suas d\u00favidas ou baterem um papo para trocar conhecimento. Fique de olho nas datas e se programe!<\/p>\n<p>Voc\u00ea tamb\u00e9m pode acessar os conte\u00fados que foram divididos ao vivo nos eventos do ano passado.<\/p>\n<p>O primeiro deles conta a hist\u00f3ria do entusiasta Flavio Vianna que foi ao Jap\u00e3o aprender com um dos grandes nomes da cena japonesa para se inspirar e construir nos m\u00ednimos detalhes uma Kawasaki Ninja 250 cafe racer cujo projeto rodou o mundo. <a href=\"https:\/\/www.motocultura.com.br\/home\/cultura\/kawasaki-ninja-250-cafe-racer-de-flavio-vianna-aprendendo-com-o-customizador-kaichiro-kurosu\/\">Voc\u00ea pode ler a respeito aqui<\/a>.<\/p>\n<p>O segundo encontro est\u00e1 dispon\u00edvel na \u00edntegra em v\u00eddeo onde o profissional Renato Frateschi da Frateschi Garage conta como foi toda a trajet\u00f3ria de idealizar e montar um neg\u00f3cio de customiza\u00e7\u00e3o do zero e hoje est\u00e1 estabelecido como um reconhecido profissional do meio. <a href=\"https:\/\/www.motocultura.com.br\/home\/customizacao\/customizacao-profissional-dicas-e-como-comecar-por-renato-frateschi-da-frateschi-garage\/\">Assista aqui<\/a>.<\/p>\n<p>Nos vemos no <a href=\"http:\/\/www.johnniewash.com.br\/\" target=\"_blank\" rel=\"noopener\">Johnnie Wash<\/a>!<\/p>\n<blockquote><p>SERVI\u00c7O<br \/>\n<strong>Johnnie Wash<\/strong><br \/>\nRua gomes de carvalho, 815<br \/>\nS\u00e3o Paulo &#8211; SP<br \/>\n(11) 3054-3232<br \/>\nwww.johnniewash.com.br<\/p><\/blockquote>\n","protected":false},"excerpt":{"rendered":"<p>Em 2018 Motocultura iniciou um movimento de democratizar e difundir informa\u00e7\u00e3o e conhecimento sobre o trabalho de customiza\u00e7\u00e3o de motocicletas na forma de pequenos workshops e palestras totalmente gratuitos. O resultado foi super bacana e muita gente saiu dos encontros agradecendo pela oportunidade. Em 2019, voltamos com a mesma f\u00f3rmula. Sempre trazendo boas hist\u00f3rias e [&hellip;]<\/p>\n","protected":false},"author":2,"featured_media":2468,"comment_status":"open","ping_status":"closed","sticky":false,"template":"","format":"standard","meta":[],"categories":[3,5,10],"tags":[63,154,153,155,152,151],"jetpack_featured_media_url":"https:\/\/www.motocultura.com.br\/home\/wp-content\/uploads\/2019\/04\/workshops.png","jetpack-related-posts":[{"id":2646,"url":"https:\/\/www.motocultura.com.br\/home\/motocultura-no-hot-rods-brasil-oitava-edicao\/","url_meta":{"origin":2461,"position":0},"title":"Motocultura no HOT RODS BRASIL Oitava Edi\u00e7\u00e3o","author":"Guilhes Damian","date":"5 de setembro de 2019","format":false,"excerpt":"O HOT RODS BRASIL \u00e9 o maior evento nacional de ve\u00edculos hot rods, rat rods, custom cars, low riders, motos customizadas, produtos, acess\u00f3rios e servi\u00e7os relacionados a chamada kultura kustom. Em sua oitava edi\u00e7\u00e3o, em S\u00e3o Bernardo do Campo, o evento vem com tudo mais uma vez. E a grande\u2026","rel":"","context":"Em &quot;CULTURA&quot;","block_context":{"text":"CULTURA","link":"https:\/\/www.motocultura.com.br\/home\/category\/cultura\/"},"img":{"alt_text":"","src":"https:\/\/i0.wp.com\/www.motocultura.com.br\/home\/wp-content\/uploads\/2019\/09\/post-hot.jpg?resize=350%2C200&ssl=1","width":350,"height":200},"classes":[]},{"id":4076,"url":"https:\/\/www.motocultura.com.br\/home\/podcast-1-motocultura-entrevista-com-ricardo-medrano-da-oficina-de-customizacao-johnnie-wash\/","url_meta":{"origin":2461,"position":1},"title":"Podcast Motocultura \u2013 Entrevista com Ricardo Medrano da oficina de customiza\u00e7\u00e3o Johnnie Wash","author":"Guilhes Damian","date":"16 de julho de 2022","format":false,"excerpt":"Ricardo Medrano \u00e9 um dos dos precursores da customiza\u00e7\u00e3o de motocicletas no Brasil, reconhecido e respeitado nacional e internacionalmente no meio e tamb\u00e9m o empreendedor fundador de um dos mais tradicionais pontos do motociclismo na cidade de S\u00e3o Paulo, o Johnnie Wash. Conhecemos a hist\u00f3ria e trajet\u00f3ria do Johnnie desde\u2026","rel":"","context":"Em &quot;CUSTOMIZA\u00c7\u00c3O&quot;","block_context":{"text":"CUSTOMIZA\u00c7\u00c3O","link":"https:\/\/www.motocultura.com.br\/home\/category\/customizacao\/"},"img":{"alt_text":"","src":"https:\/\/i0.wp.com\/www.motocultura.com.br\/home\/wp-content\/uploads\/2022\/07\/abre-ricardo.jpg?resize=350%2C200&ssl=1","width":350,"height":200,"srcset":"https:\/\/i0.wp.com\/www.motocultura.com.br\/home\/wp-content\/uploads\/2022\/07\/abre-ricardo.jpg?resize=350%2C200&ssl=1 1x, https:\/\/i0.wp.com\/www.motocultura.com.br\/home\/wp-content\/uploads\/2022\/07\/abre-ricardo.jpg?resize=700%2C400&ssl=1 2x, https:\/\/i0.wp.com\/www.motocultura.com.br\/home\/wp-content\/uploads\/2022\/07\/abre-ricardo.jpg?resize=1050%2C600&ssl=1 3x"},"classes":[]},{"id":3525,"url":"https:\/\/www.motocultura.com.br\/home\/customizacao-palestra-sobre-metal-shaping-com-alexandre-salzano\/","url_meta":{"origin":2461,"position":2},"title":"Customiza\u00e7\u00e3o: Palestra Sobre Metal Shaping com Alexandre Salzano","author":"Guilhes Damian","date":"8 de junho de 2020","format":false,"excerpt":"Em 2019, Motocultura promoveu uma s\u00e9rie de palestras com importantes nomes do cen\u00e1rio da customiza\u00e7\u00e3o no Brasil. Um deles foi Alexandre Salzano, renomado profissional especializado na t\u00e9cnica de metal shaping, formado na Inglaterra, premiado internacionalmente e um dos mais requisitados no pa\u00eds. Alexandre Salzano \u00e9 propriet\u00e1rio do Studio Salzano em\u2026","rel":"","context":"Em &quot;CUSTOMIZA\u00c7\u00c3O&quot;","block_context":{"text":"CUSTOMIZA\u00c7\u00c3O","link":"https:\/\/www.motocultura.com.br\/home\/category\/customizacao\/"},"img":{"alt_text":"","src":"https:\/\/i0.wp.com\/www.motocultura.com.br\/home\/wp-content\/uploads\/2020\/06\/alexandre-salzano.jpg?resize=350%2C200&ssl=1","width":350,"height":200,"srcset":"https:\/\/i0.wp.com\/www.motocultura.com.br\/home\/wp-content\/uploads\/2020\/06\/alexandre-salzano.jpg?resize=350%2C200&ssl=1 1x, https:\/\/i0.wp.com\/www.motocultura.com.br\/home\/wp-content\/uploads\/2020\/06\/alexandre-salzano.jpg?resize=700%2C400&ssl=1 2x"},"classes":[]},{"id":3531,"url":"https:\/\/www.motocultura.com.br\/home\/customizacao-palestra-sobre-construcao-de-motos-customizadas-com-billy-pasqua-da-benta-handmade\/","url_meta":{"origin":2461,"position":3},"title":"Customiza\u00e7\u00e3o: Palestra sobre Constru\u00e7\u00e3o de Motos Customizadas com Billy Pasqua da Benta Handmade","author":"Guilhes Damian","date":"8 de junho de 2020","format":false,"excerpt":"Na programa\u00e7\u00e3o de 2019 de Motocultura, chamamos o customizador Billy Pasqua da Benta Handmade para contar sobre seu trabalho e seu processo de cria\u00e7\u00e3o na customiza\u00e7\u00e3o de motocicletas. Billy foi um dos fundadores da oficina Bendita Macchina, especializada em customiza\u00e7\u00e3o de baixa cilindrada. Hoje, comanda nova oficina onde trabalha com\u2026","rel":"","context":"Em &quot;CUSTOMIZA\u00c7\u00c3O&quot;","block_context":{"text":"CUSTOMIZA\u00c7\u00c3O","link":"https:\/\/www.motocultura.com.br\/home\/category\/customizacao\/"},"img":{"alt_text":"","src":"https:\/\/i0.wp.com\/www.motocultura.com.br\/home\/wp-content\/uploads\/2020\/06\/palestra-billy-pasqua.jpg?resize=350%2C200&ssl=1","width":350,"height":200,"srcset":"https:\/\/i0.wp.com\/www.motocultura.com.br\/home\/wp-content\/uploads\/2020\/06\/palestra-billy-pasqua.jpg?resize=350%2C200&ssl=1 1x, https:\/\/i0.wp.com\/www.motocultura.com.br\/home\/wp-content\/uploads\/2020\/06\/palestra-billy-pasqua.jpg?resize=700%2C400&ssl=1 2x"},"classes":[]},{"id":4095,"url":"https:\/\/www.motocultura.com.br\/home\/concurso-moto-customizada-do-ano-motocultura-edicao-2021\/","url_meta":{"origin":2461,"position":4},"title":"Concurso Moto Customizada do Ano Motocultura &#8211; Edi\u00e7\u00e3o 2021","author":"Guilhes Damian","date":"10 de setembro de 2022","format":false,"excerpt":"Em dezembro de 2021, Motocultura realizou a quinta edi\u00e7\u00e3o do seu j\u00e1 tradicional concurso de customiza\u00e7\u00e3o. Desde seu in\u00edcio, Motocultura e o concurso tem como principal objetivo apoiar e divulgar a cena da customiza\u00e7\u00e3o no Brasil. Nesta edi\u00e7\u00e3o superarmos todas as nossas expectativas e rompemos as fronteiras do nosso pa\u00eds,\u2026","rel":"","context":"Em &quot;CUSTOMIZA\u00c7\u00c3O&quot;","block_context":{"text":"CUSTOMIZA\u00c7\u00c3O","link":"https:\/\/www.motocultura.com.br\/home\/category\/customizacao\/"},"img":{"alt_text":"","src":"https:\/\/i0.wp.com\/www.motocultura.com.br\/home\/wp-content\/uploads\/2022\/09\/abertura-2021-concurso.jpg?resize=350%2C200&ssl=1","width":350,"height":200,"srcset":"https:\/\/i0.wp.com\/www.motocultura.com.br\/home\/wp-content\/uploads\/2022\/09\/abertura-2021-concurso.jpg?resize=350%2C200&ssl=1 1x, https:\/\/i0.wp.com\/www.motocultura.com.br\/home\/wp-content\/uploads\/2022\/09\/abertura-2021-concurso.jpg?resize=700%2C400&ssl=1 2x"},"classes":[]},{"id":3847,"url":"https:\/\/www.motocultura.com.br\/home\/customizacao-de-motos-acabamento-e-finalizacao-por-edney-eboli\/","url_meta":{"origin":2461,"position":5},"title":"Customiza\u00e7\u00e3o de motos &#8211; Acabamento e finaliza\u00e7\u00e3o por Edney Eboli","author":"Guilhes Damian","date":"23 de setembro de 2020","format":false,"excerpt":"Como parte da programa\u00e7\u00e3o de workshops de 2019, Motocultura promoveu encontros com profissionais ligados \u00e0 customiza\u00e7\u00e3o e cria\u00e7\u00e3o. Um deles foi Edney Eboli, designer de produto especializado em texturas. No encontro, Edney fala sobre a abrang\u00eancia e import\u00e2ncia do design e o processo dos diferentes tratamentos de superf\u00edcies e acabamentos.\u2026","rel":"","context":"Em &quot;CUSTOMIZA\u00c7\u00c3O&quot;","block_context":{"text":"CUSTOMIZA\u00c7\u00c3O","link":"https:\/\/www.motocultura.com.br\/home\/category\/customizacao\/"},"img":{"alt_text":"","src":"https:\/\/i0.wp.com\/www.motocultura.com.br\/home\/wp-content\/uploads\/2020\/09\/pos-acabamento.jpg?resize=350%2C200&ssl=1","width":350,"height":200,"srcset":"https:\/\/i0.wp.com\/www.motocultura.com.br\/home\/wp-content\/uploads\/2020\/09\/pos-acabamento.jpg?resize=350%2C200&ssl=1 1x, https:\/\/i0.wp.com\/www.motocultura.com.br\/home\/wp-content\/uploads\/2020\/09\/pos-acabamento.jpg?resize=700%2C400&ssl=1 2x"},"classes":[]}],"jetpack_sharing_enabled":true,"_links":{"self":[{"href":"https:\/\/www.motocultura.com.br\/home\/wp-json\/wp\/v2\/posts\/2461"}],"collection":[{"href":"https:\/\/www.motocultura.com.br\/home\/wp-json\/wp\/v2\/posts"}],"about":[{"href":"https:\/\/www.motocultura.com.br\/home\/wp-json\/wp\/v2\/types\/post"}],"author":[{"embeddable":true,"href":"https:\/\/www.motocultura.com.br\/home\/wp-json\/wp\/v2\/users\/2"}],"replies":[{"embeddable":true,"href":"https:\/\/www.motocultura.com.br\/home\/wp-json\/wp\/v2\/comments?post=2461"}],"version-history":[{"count":0,"href":"https:\/\/www.motocultura.com.br\/home\/wp-json\/wp\/v2\/posts\/2461\/revisions"}],"wp:featuredmedia":[{"embeddable":true,"href":"https:\/\/www.motocultura.com.br\/home\/wp-json\/wp\/v2\/media\/2468"}],"wp:attachment":[{"href":"https:\/\/www.motocultura.com.br\/home\/wp-json\/wp\/v2\/media?parent=2461"}],"wp:term":[{"taxonomy":"category","embeddable":true,"href":"https:\/\/www.motocultura.com.br\/home\/wp-json\/wp\/v2\/categories?post=2461"},{"taxonomy":"post_tag","embeddable":true,"href":"https:\/\/www.motocultura.com.br\/home\/wp-json\/wp\/v2\/tags?post=2461"}],"curies":[{"name":"wp","href":"https:\/\/api.w.org\/{rel}","templated":true}]}}