{"id":2526,"date":"2019-07-11T05:34:20","date_gmt":"2019-07-11T08:34:20","guid":{"rendered":"https:\/\/www.motocultura.com.br\/home\/?p=2526"},"modified":"2019-07-11T13:44:08","modified_gmt":"2019-07-11T16:44:08","slug":"honda-africa-twin-historia-do-modelo","status":"publish","type":"post","link":"https:\/\/www.motocultura.com.br\/home\/honda-africa-twin-historia-do-modelo\/","title":{"rendered":"Honda Africa Twin &#8211; Hist\u00f3ria do modelo"},"content":{"rendered":"<p>Em 20 de maio de 1988 a Honda colocava no mercado sua mais ic\u00f4nica e querida big trail. Era a imponente Africa Twin que, desde o nome at\u00e9 as cores, evocava o esp\u00edrito aventureiro da maior e mais perigosa competi\u00e7\u00e3o fora de estrada do mundo, o Rally Paris Dakar.<!--more--><\/p>\n<figure id=\"attachment_2532\" aria-describedby=\"caption-attachment-2532\" style=\"width: 1024px\" class=\"wp-caption aligncenter\"><img decoding=\"async\" loading=\"lazy\" class=\"wp-image-2532 size-large\" src=\"https:\/\/www.motocultura.com.br\/home\/wp-content\/uploads\/2019\/07\/1988-XRV650_Africa_Twin-RD03-1024x706.jpg\" alt=\"\" width=\"1024\" height=\"706\" srcset=\"https:\/\/www.motocultura.com.br\/home\/wp-content\/uploads\/2019\/07\/1988-XRV650_Africa_Twin-RD03-1024x706.jpg 1024w, https:\/\/www.motocultura.com.br\/home\/wp-content\/uploads\/2019\/07\/1988-XRV650_Africa_Twin-RD03-300x207.jpg 300w, https:\/\/www.motocultura.com.br\/home\/wp-content\/uploads\/2019\/07\/1988-XRV650_Africa_Twin-RD03-768x529.jpg 768w, https:\/\/www.motocultura.com.br\/home\/wp-content\/uploads\/2019\/07\/1988-XRV650_Africa_Twin-RD03.jpg 1500w\" sizes=\"(max-width: 1024px) 100vw, 1024px\" \/><figcaption id=\"caption-attachment-2532\" class=\"wp-caption-text\">1988: no auge do sucesso nasce a primeira Africa Twin de rua<\/figcaption><\/figure>\n<p>O azul, o vermelho e o branco eram de fato explicitamente retirados da motocicleta prot\u00f3tipo de competi\u00e7\u00e3o, a NXR 750V, criada especialmente para o rally de 1986 pela divis\u00e3o de competi\u00e7\u00e3o da Honda. A moto foi pilotada pelo franc\u00eas\u00a0Cyril Neveu que, com ela, venceu no mesmo ano, 1986, e tamb\u00e9m em 1987. Em 88 e 89 a big trail, com 100 cc a mais, levou o grande pr\u00eamio novamente pelas m\u00e3os de Edi Orioli e Gilles Lalay respectivamente.<\/p>\n<figure id=\"attachment_2534\" aria-describedby=\"caption-attachment-2534\" style=\"width: 1024px\" class=\"wp-caption aligncenter\"><img decoding=\"async\" loading=\"lazy\" class=\"size-large wp-image-2534\" src=\"https:\/\/www.motocultura.com.br\/home\/wp-content\/uploads\/2019\/07\/Orioli-taking-the-NXR-to-its-1988-Paris-Dakar-win.-1024x691.jpg\" alt=\"\" width=\"1024\" height=\"691\" srcset=\"https:\/\/www.motocultura.com.br\/home\/wp-content\/uploads\/2019\/07\/Orioli-taking-the-NXR-to-its-1988-Paris-Dakar-win.-1024x691.jpg 1024w, https:\/\/www.motocultura.com.br\/home\/wp-content\/uploads\/2019\/07\/Orioli-taking-the-NXR-to-its-1988-Paris-Dakar-win.-300x202.jpg 300w, https:\/\/www.motocultura.com.br\/home\/wp-content\/uploads\/2019\/07\/Orioli-taking-the-NXR-to-its-1988-Paris-Dakar-win.-768x518.jpg 768w, https:\/\/www.motocultura.com.br\/home\/wp-content\/uploads\/2019\/07\/Orioli-taking-the-NXR-to-its-1988-Paris-Dakar-win..jpg 1500w\" sizes=\"(max-width: 1024px) 100vw, 1024px\" \/><figcaption id=\"caption-attachment-2534\" class=\"wp-caption-text\">O piloto italiano Edi Orioli com a NXR 750V de 1988 que inspirou a irm\u00e3 comportada<\/figcaption><\/figure>\n<p>Mas \u00e9 preciso deixar claro que a fama da Africa Twin tem muito mais rela\u00e7\u00e3o com o auge de popularidade da competi\u00e7\u00e3o (o final dos anos 80) do que com exatamente o n\u00famero de vit\u00f3rias ao longo do tempo. Depois de 89 a Honda nunca mais venceu o rally que foi praticamente dominado pelas KTM (que vencem sem parar desde 2001). Al\u00e9m das quatro vit\u00f3rias da NXR 750V, houve apenas uma, anterior, em 1982, com a Honda XR550.<\/p>\n<figure id=\"attachment_2535\" aria-describedby=\"caption-attachment-2535\" style=\"width: 1024px\" class=\"wp-caption aligncenter\"><img decoding=\"async\" loading=\"lazy\" class=\"wp-image-2535 size-large\" src=\"https:\/\/www.motocultura.com.br\/home\/wp-content\/uploads\/2019\/07\/Cyril-Neveu-Honda-780-NXR-Paris-Dakar-1986-1024x631.jpg\" alt=\"\" width=\"1024\" height=\"631\" srcset=\"https:\/\/www.motocultura.com.br\/home\/wp-content\/uploads\/2019\/07\/Cyril-Neveu-Honda-780-NXR-Paris-Dakar-1986.jpg 1024w, https:\/\/www.motocultura.com.br\/home\/wp-content\/uploads\/2019\/07\/Cyril-Neveu-Honda-780-NXR-Paris-Dakar-1986-300x185.jpg 300w, https:\/\/www.motocultura.com.br\/home\/wp-content\/uploads\/2019\/07\/Cyril-Neveu-Honda-780-NXR-Paris-Dakar-1986-768x473.jpg 768w\" sizes=\"(max-width: 1024px) 100vw, 1024px\" \/><figcaption id=\"caption-attachment-2535\" class=\"wp-caption-text\">A primeira moto pilotada pelo franc\u00eas Cyril Neveu. Prot\u00f3tipo de 1986 com o lindo esquema de pintura Rothmans<\/figcaption><\/figure>\n<figure id=\"attachment_2536\" aria-describedby=\"caption-attachment-2536\" style=\"width: 691px\" class=\"wp-caption aligncenter\"><img decoding=\"async\" loading=\"lazy\" class=\"wp-image-2536 size-large\" src=\"https:\/\/www.motocultura.com.br\/home\/wp-content\/uploads\/2019\/07\/Gilles-Lalay-takes-first-in-the-1989-P-691x1024.jpg\" alt=\"\" width=\"691\" height=\"1024\" srcset=\"https:\/\/www.motocultura.com.br\/home\/wp-content\/uploads\/2019\/07\/Gilles-Lalay-takes-first-in-the-1989-P-691x1024.jpg 691w, https:\/\/www.motocultura.com.br\/home\/wp-content\/uploads\/2019\/07\/Gilles-Lalay-takes-first-in-the-1989-P-203x300.jpg 203w, https:\/\/www.motocultura.com.br\/home\/wp-content\/uploads\/2019\/07\/Gilles-Lalay-takes-first-in-the-1989-P-768x1138.jpg 768w, https:\/\/www.motocultura.com.br\/home\/wp-content\/uploads\/2019\/07\/Gilles-Lalay-takes-first-in-the-1989-P.jpg 1500w\" sizes=\"(max-width: 691px) 100vw, 691px\" \/><figcaption id=\"caption-attachment-2536\" class=\"wp-caption-text\">Gilles Lalay com o modelo 1989 no Paris Dakar<\/figcaption><\/figure>\n<figure id=\"attachment_2537\" aria-describedby=\"caption-attachment-2537\" style=\"width: 800px\" class=\"wp-caption aligncenter\"><img decoding=\"async\" loading=\"lazy\" class=\"wp-image-2537 size-full\" src=\"https:\/\/www.motocultura.com.br\/home\/wp-content\/uploads\/2019\/07\/NXR_XRV.jpg\" alt=\"\" width=\"800\" height=\"459\" srcset=\"https:\/\/www.motocultura.com.br\/home\/wp-content\/uploads\/2019\/07\/NXR_XRV.jpg 800w, https:\/\/www.motocultura.com.br\/home\/wp-content\/uploads\/2019\/07\/NXR_XRV-300x172.jpg 300w, https:\/\/www.motocultura.com.br\/home\/wp-content\/uploads\/2019\/07\/NXR_XRV-768x441.jpg 768w\" sizes=\"(max-width: 800px) 100vw, 800px\" \/><figcaption id=\"caption-attachment-2537\" class=\"wp-caption-text\">Irm\u00e3s: a fera do deserto e a bela das ruas<\/figcaption><\/figure>\n<figure id=\"attachment_2538\" aria-describedby=\"caption-attachment-2538\" style=\"width: 1024px\" class=\"wp-caption aligncenter\"><img decoding=\"async\" loading=\"lazy\" class=\"wp-image-2538 size-large\" src=\"https:\/\/www.motocultura.com.br\/home\/wp-content\/uploads\/2019\/07\/Honda-XL-1982-1-1024x672.jpg\" alt=\"\" width=\"1024\" height=\"672\" srcset=\"https:\/\/www.motocultura.com.br\/home\/wp-content\/uploads\/2019\/07\/Honda-XL-1982-1-1024x672.jpg 1024w, https:\/\/www.motocultura.com.br\/home\/wp-content\/uploads\/2019\/07\/Honda-XL-1982-1-300x197.jpg 300w, https:\/\/www.motocultura.com.br\/home\/wp-content\/uploads\/2019\/07\/Honda-XL-1982-1-768x504.jpg 768w, https:\/\/www.motocultura.com.br\/home\/wp-content\/uploads\/2019\/07\/Honda-XL-1982-1.jpg 1241w\" sizes=\"(max-width: 1024px) 100vw, 1024px\" \/><figcaption id=\"caption-attachment-2538\" class=\"wp-caption-text\">A primeira Honda a vencer o Paris Dakar em 1982 antes das Africa: XR550<\/figcaption><\/figure>\n<figure id=\"attachment_2555\" aria-describedby=\"caption-attachment-2555\" style=\"width: 1024px\" class=\"wp-caption aligncenter\"><img decoding=\"async\" loading=\"lazy\" class=\"wp-image-2555 size-large\" src=\"https:\/\/www.motocultura.com.br\/home\/wp-content\/uploads\/2019\/07\/Honda-NXR750-1989-1024x782.jpg\" alt=\"\" width=\"1024\" height=\"782\" srcset=\"https:\/\/www.motocultura.com.br\/home\/wp-content\/uploads\/2019\/07\/Honda-NXR750-1989-1024x782.jpg 1024w, https:\/\/www.motocultura.com.br\/home\/wp-content\/uploads\/2019\/07\/Honda-NXR750-1989-300x229.jpg 300w, https:\/\/www.motocultura.com.br\/home\/wp-content\/uploads\/2019\/07\/Honda-NXR750-1989-768x586.jpg 768w, https:\/\/www.motocultura.com.br\/home\/wp-content\/uploads\/2019\/07\/Honda-NXR750-1989.jpg 1036w\" sizes=\"(max-width: 1024px) 100vw, 1024px\" \/><figcaption id=\"caption-attachment-2555\" class=\"wp-caption-text\">A fera do Dakar de 1989, de volta \u00e0 pintura Rothmans<\/figcaption><\/figure>\n<p>Como n\u00e3o era boba, a fabricante viu em 88 a janela de oportunidade para lan\u00e7ar um modelo de rua inspirado em sua campe\u00e3. At\u00e9 por que sua grande concorrente, a Yamaha, vendeu as XTs como \u00e1gua no deserto depois das vit\u00f3rias\u00a0no Dakar em 1979 e 1980. Apesar de obviamente n\u00e3o ser a mesma moto, a Africa de rua, com 650 cilindradas, mantinha a ess\u00eancia das motos de competi\u00e7\u00e3o com seu motor em V, suspens\u00f5es longas, aro 21 na frente e um volumoso tanque de combust\u00edvel de grande capacidade. Sua concorrente direta na \u00e9poca, a Yamaha XT 600Z Tenere, apanhava feio. O bicil\u00edndrico refrigerado a \u00e1gua da Honda gerava 57 cavalos contra os 46 do monocil\u00edndrico da Yamaha. Mas, como em toda boa briga de vizinhos, no ano seguinte, a Yamaha revidou e lan\u00e7ou sua fant\u00e1stica XTZ 750 Super Tenere. Claro que a Honda reagiu imediatamente e, em 1990, elevou a capacidade da Africa para 750 cilindradas\u00a0 pra n\u00e3o ficar, literalmente, para tr\u00e1s (n\u00e3o contem pra ningu\u00e9m mas a Super Tenere continuou sendo superior em cavalaria e desempenho&#8230;).<\/p>\n<p><img decoding=\"async\" loading=\"lazy\" class=\"aligncenter size-large wp-image-2540\" src=\"https:\/\/www.motocultura.com.br\/home\/wp-content\/uploads\/2019\/07\/1988-XRV650_Africa_Twin-RD03-1-1024x706.jpg\" alt=\"\" width=\"1024\" height=\"706\" srcset=\"https:\/\/www.motocultura.com.br\/home\/wp-content\/uploads\/2019\/07\/1988-XRV650_Africa_Twin-RD03-1-1024x706.jpg 1024w, https:\/\/www.motocultura.com.br\/home\/wp-content\/uploads\/2019\/07\/1988-XRV650_Africa_Twin-RD03-1-300x207.jpg 300w, https:\/\/www.motocultura.com.br\/home\/wp-content\/uploads\/2019\/07\/1988-XRV650_Africa_Twin-RD03-1-768x529.jpg 768w, https:\/\/www.motocultura.com.br\/home\/wp-content\/uploads\/2019\/07\/1988-XRV650_Africa_Twin-RD03-1.jpg 1500w\" sizes=\"(max-width: 1024px) 100vw, 1024px\" \/><\/p>\n<p><img decoding=\"async\" loading=\"lazy\" class=\"aligncenter size-large wp-image-2541\" src=\"https:\/\/www.motocultura.com.br\/home\/wp-content\/uploads\/2019\/07\/Honda-XSR650-Africa-Twin_002-688x1024.jpg\" alt=\"\" width=\"688\" height=\"1024\" srcset=\"https:\/\/www.motocultura.com.br\/home\/wp-content\/uploads\/2019\/07\/Honda-XSR650-Africa-Twin_002-688x1024.jpg 688w, https:\/\/www.motocultura.com.br\/home\/wp-content\/uploads\/2019\/07\/Honda-XSR650-Africa-Twin_002-201x300.jpg 201w, https:\/\/www.motocultura.com.br\/home\/wp-content\/uploads\/2019\/07\/Honda-XSR650-Africa-Twin_002-768x1144.jpg 768w, https:\/\/www.motocultura.com.br\/home\/wp-content\/uploads\/2019\/07\/Honda-XSR650-Africa-Twin_002.jpg 1500w\" sizes=\"(max-width: 688px) 100vw, 688px\" \/><\/p>\n<p><img decoding=\"async\" loading=\"lazy\" class=\"aligncenter size-large wp-image-2542\" src=\"https:\/\/www.motocultura.com.br\/home\/wp-content\/uploads\/2019\/07\/Honda-XSR650-Africa-Twin_004-688x1024.jpg\" alt=\"\" width=\"688\" height=\"1024\" srcset=\"https:\/\/www.motocultura.com.br\/home\/wp-content\/uploads\/2019\/07\/Honda-XSR650-Africa-Twin_004-688x1024.jpg 688w, https:\/\/www.motocultura.com.br\/home\/wp-content\/uploads\/2019\/07\/Honda-XSR650-Africa-Twin_004-201x300.jpg 201w, https:\/\/www.motocultura.com.br\/home\/wp-content\/uploads\/2019\/07\/Honda-XSR650-Africa-Twin_004-768x1144.jpg 768w, https:\/\/www.motocultura.com.br\/home\/wp-content\/uploads\/2019\/07\/Honda-XSR650-Africa-Twin_004.jpg 1500w\" sizes=\"(max-width: 688px) 100vw, 688px\" \/><\/p>\n<figure id=\"attachment_2543\" aria-describedby=\"caption-attachment-2543\" style=\"width: 1024px\" class=\"wp-caption aligncenter\"><img decoding=\"async\" loading=\"lazy\" class=\"wp-image-2543 size-large\" src=\"https:\/\/www.motocultura.com.br\/home\/wp-content\/uploads\/2019\/07\/XRV650-Design-1024x550.jpg\" alt=\"\" width=\"1024\" height=\"550\" srcset=\"https:\/\/www.motocultura.com.br\/home\/wp-content\/uploads\/2019\/07\/XRV650-Design-1024x550.jpg 1024w, https:\/\/www.motocultura.com.br\/home\/wp-content\/uploads\/2019\/07\/XRV650-Design-300x161.jpg 300w, https:\/\/www.motocultura.com.br\/home\/wp-content\/uploads\/2019\/07\/XRV650-Design-768x412.jpg 768w, https:\/\/www.motocultura.com.br\/home\/wp-content\/uploads\/2019\/07\/XRV650-Design.jpg 1500w\" sizes=\"(max-width: 1024px) 100vw, 1024px\" \/><figcaption id=\"caption-attachment-2543\" class=\"wp-caption-text\">Concept de \u00e9poca<\/figcaption><\/figure>\n<figure id=\"attachment_2544\" aria-describedby=\"caption-attachment-2544\" style=\"width: 893px\" class=\"wp-caption aligncenter\"><img decoding=\"async\" loading=\"lazy\" class=\"wp-image-2544 size-full\" src=\"https:\/\/www.motocultura.com.br\/home\/wp-content\/uploads\/2019\/07\/3950556db60580e68ef3d289c913446b-700.jpg\" alt=\"\" width=\"893\" height=\"700\" srcset=\"https:\/\/www.motocultura.com.br\/home\/wp-content\/uploads\/2019\/07\/3950556db60580e68ef3d289c913446b-700.jpg 893w, https:\/\/www.motocultura.com.br\/home\/wp-content\/uploads\/2019\/07\/3950556db60580e68ef3d289c913446b-700-300x235.jpg 300w, https:\/\/www.motocultura.com.br\/home\/wp-content\/uploads\/2019\/07\/3950556db60580e68ef3d289c913446b-700-768x602.jpg 768w\" sizes=\"(max-width: 893px) 100vw, 893px\" \/><figcaption id=\"caption-attachment-2544\" class=\"wp-caption-text\">A concorrente direta da Africa Twin: Yamaha XT600 Tenere<\/figcaption><\/figure>\n<figure id=\"attachment_2545\" aria-describedby=\"caption-attachment-2545\" style=\"width: 1024px\" class=\"wp-caption aligncenter\"><img decoding=\"async\" loading=\"lazy\" class=\"wp-image-2545 size-large\" src=\"https:\/\/www.motocultura.com.br\/home\/wp-content\/uploads\/2019\/07\/yamaha-xt-z-750-super-tenere-11-1024x750.jpg\" alt=\"\" width=\"1024\" height=\"750\" srcset=\"https:\/\/www.motocultura.com.br\/home\/wp-content\/uploads\/2019\/07\/yamaha-xt-z-750-super-tenere-11.jpg 1024w, https:\/\/www.motocultura.com.br\/home\/wp-content\/uploads\/2019\/07\/yamaha-xt-z-750-super-tenere-11-300x220.jpg 300w, https:\/\/www.motocultura.com.br\/home\/wp-content\/uploads\/2019\/07\/yamaha-xt-z-750-super-tenere-11-768x563.jpg 768w\" sizes=\"(max-width: 1024px) 100vw, 1024px\" \/><figcaption id=\"caption-attachment-2545\" class=\"wp-caption-text\">XTZ 750 Super Tenere: a bela resposta da Yamaha \u00e0 Africa Twin<\/figcaption><\/figure>\n<p>Em 1992 um trip computer foi adicionado ao conjunto e em 1993 a Africa recebeu suas maiores modifica\u00e7\u00f5es com um novo quadro, novo tanque e altera\u00e7\u00f5es no motor. A motoca continuou recebendo algumas atualiza\u00e7\u00f5es at\u00e9 2003 quando sua produ\u00e7\u00e3o foi definitivamente encerrada.<\/p>\n<figure id=\"attachment_2561\" aria-describedby=\"caption-attachment-2561\" style=\"width: 1024px\" class=\"wp-caption aligncenter\"><img decoding=\"async\" loading=\"lazy\" class=\"wp-image-2561 size-large\" src=\"https:\/\/www.motocultura.com.br\/home\/wp-content\/uploads\/2019\/07\/honda_xrv650_africa_twin_1-1024x691.jpeg\" alt=\"\" width=\"1024\" height=\"691\" srcset=\"https:\/\/www.motocultura.com.br\/home\/wp-content\/uploads\/2019\/07\/honda_xrv650_africa_twin_1-1024x691.jpeg 1024w, https:\/\/www.motocultura.com.br\/home\/wp-content\/uploads\/2019\/07\/honda_xrv650_africa_twin_1-300x203.jpeg 300w, https:\/\/www.motocultura.com.br\/home\/wp-content\/uploads\/2019\/07\/honda_xrv650_africa_twin_1-768x518.jpeg 768w, https:\/\/www.motocultura.com.br\/home\/wp-content\/uploads\/2019\/07\/honda_xrv650_africa_twin_1.jpeg 1791w\" sizes=\"(max-width: 1024px) 100vw, 1024px\" \/><figcaption id=\"caption-attachment-2561\" class=\"wp-caption-text\">1988: a primog\u00eanita com 650 cc<\/figcaption><\/figure>\n<figure id=\"attachment_2549\" aria-describedby=\"caption-attachment-2549\" style=\"width: 1024px\" class=\"wp-caption aligncenter\"><img decoding=\"async\" loading=\"lazy\" class=\"size-large wp-image-2549\" src=\"https:\/\/www.motocultura.com.br\/home\/wp-content\/uploads\/2019\/07\/1993-Honda-XRV750-93-2-1024x819.jpg\" alt=\"\" width=\"1024\" height=\"819\" srcset=\"https:\/\/www.motocultura.com.br\/home\/wp-content\/uploads\/2019\/07\/1993-Honda-XRV750-93-2-1024x819.jpg 1024w, https:\/\/www.motocultura.com.br\/home\/wp-content\/uploads\/2019\/07\/1993-Honda-XRV750-93-2-300x240.jpg 300w, https:\/\/www.motocultura.com.br\/home\/wp-content\/uploads\/2019\/07\/1993-Honda-XRV750-93-2-768x614.jpg 768w, https:\/\/www.motocultura.com.br\/home\/wp-content\/uploads\/2019\/07\/1993-Honda-XRV750-93-2.jpg 1500w\" sizes=\"(max-width: 1024px) 100vw, 1024px\" \/><figcaption id=\"caption-attachment-2549\" class=\"wp-caption-text\">1993: primeiro grande upgrade. Novo quadro, novo tanque, novas carenagens e j\u00e1 com o novo motor de 750cc<\/figcaption><\/figure>\n<figure id=\"attachment_2550\" aria-describedby=\"caption-attachment-2550\" style=\"width: 1024px\" class=\"wp-caption aligncenter\"><img decoding=\"async\" loading=\"lazy\" class=\"size-large wp-image-2550\" src=\"https:\/\/www.motocultura.com.br\/home\/wp-content\/uploads\/2019\/07\/1996-honda-xrv750-africa-twin-1996-1-1024x797.jpg\" alt=\"\" width=\"1024\" height=\"797\" srcset=\"https:\/\/www.motocultura.com.br\/home\/wp-content\/uploads\/2019\/07\/1996-honda-xrv750-africa-twin-1996-1-1024x797.jpg 1024w, https:\/\/www.motocultura.com.br\/home\/wp-content\/uploads\/2019\/07\/1996-honda-xrv750-africa-twin-1996-1-300x233.jpg 300w, https:\/\/www.motocultura.com.br\/home\/wp-content\/uploads\/2019\/07\/1996-honda-xrv750-africa-twin-1996-1-768x598.jpg 768w, https:\/\/www.motocultura.com.br\/home\/wp-content\/uploads\/2019\/07\/1996-honda-xrv750-africa-twin-1996-1.jpg 1500w\" sizes=\"(max-width: 1024px) 100vw, 1024px\" \/><figcaption id=\"caption-attachment-2550\" class=\"wp-caption-text\">1996<\/figcaption><\/figure>\n<figure id=\"attachment_2551\" aria-describedby=\"caption-attachment-2551\" style=\"width: 1024px\" class=\"wp-caption aligncenter\"><img decoding=\"async\" loading=\"lazy\" class=\"wp-image-2551 size-large\" src=\"https:\/\/www.motocultura.com.br\/home\/wp-content\/uploads\/2019\/07\/honda_xrv750_africa_twin_6-1024x708.jpeg\" alt=\"\" width=\"1024\" height=\"708\" srcset=\"https:\/\/www.motocultura.com.br\/home\/wp-content\/uploads\/2019\/07\/honda_xrv750_africa_twin_6-1024x708.jpeg 1024w, https:\/\/www.motocultura.com.br\/home\/wp-content\/uploads\/2019\/07\/honda_xrv750_africa_twin_6-300x207.jpeg 300w, https:\/\/www.motocultura.com.br\/home\/wp-content\/uploads\/2019\/07\/honda_xrv750_africa_twin_6-768x531.jpeg 768w, https:\/\/www.motocultura.com.br\/home\/wp-content\/uploads\/2019\/07\/honda_xrv750_africa_twin_6.jpeg 1791w\" sizes=\"(max-width: 1024px) 100vw, 1024px\" \/><figcaption id=\"caption-attachment-2551\" class=\"wp-caption-text\">Africa Twin 2003: \u00faltimo modelo que encerrou a produ\u00e7\u00e3o da segunda gera\u00e7\u00e3o<\/figcaption><\/figure>\n<p>Em 2016 a Honda resolveu reviver a ic\u00f4nica filha e trouxe de volta o sobrenome de peso na CRF 1000L, desta vez com um bicil\u00edndrico paralelo de 999 cc, 90 cavalos de pot\u00eancia e com toda a tecnologia dispon\u00edvel dos anos 2000 como ABS, controle de tra\u00e7\u00e3o, luzes em LED, painel em LCD e a grande novidade do\u00a0Dual Clutch Transmission (veja o v\u00eddeo explicando seu funcionamento abaixo), sistema que permite a troca de marchas assistidas e de forma completamente autom\u00e1tica.<\/p>\n<p><iframe loading=\"lazy\" width=\"1200\" height=\"675\" src=\"https:\/\/www.youtube.com\/embed\/vgj_ZUZa3WA?feature=oembed\" frameborder=\"0\" allow=\"accelerometer; autoplay; encrypted-media; gyroscope; picture-in-picture\" allowfullscreen><\/iframe><\/p>\n<p>Mas o movimento foi muito mais uma rea\u00e7\u00e3o do que propriamente uma decis\u00e3o ousada da marca que, como todo sabem, \u00e9 bem conservadora. O mercado de big trails estava super aquecido com as principais concorrentes da nova Africa enchendo as ruas. Eram as BMWR 1200, as BMW F 800 GS, as KTM Adventure e as onipresentes Tiger da Triumph. A nova Africa nasceu justamente pra tentar abocanhar uma parte deste mercado.<\/p>\n<figure id=\"attachment_2553\" aria-describedby=\"caption-attachment-2553\" style=\"width: 1024px\" class=\"wp-caption aligncenter\"><img decoding=\"async\" loading=\"lazy\" class=\"size-large wp-image-2553\" src=\"https:\/\/www.motocultura.com.br\/home\/wp-content\/uploads\/2019\/07\/honda_crf1000l_africatwin_ym16_1391b-1024x699.jpg\" alt=\"\" width=\"1024\" height=\"699\" srcset=\"https:\/\/www.motocultura.com.br\/home\/wp-content\/uploads\/2019\/07\/honda_crf1000l_africatwin_ym16_1391b-1024x699.jpg 1024w, https:\/\/www.motocultura.com.br\/home\/wp-content\/uploads\/2019\/07\/honda_crf1000l_africatwin_ym16_1391b-300x205.jpg 300w, https:\/\/www.motocultura.com.br\/home\/wp-content\/uploads\/2019\/07\/honda_crf1000l_africatwin_ym16_1391b-768x524.jpg 768w, https:\/\/www.motocultura.com.br\/home\/wp-content\/uploads\/2019\/07\/honda_crf1000l_africatwin_ym16_1391b.jpg 2000w\" sizes=\"(max-width: 1024px) 100vw, 1024px\" \/><figcaption id=\"caption-attachment-2553\" class=\"wp-caption-text\">2016: a nova herdeira da linhagem<\/figcaption><\/figure>\n<p>O primeiro prot\u00f3tipo foi apresentado em 2014 na EICMA de Mil\u00e3o, devidamente mascarado em camuflagens e lama. Nessa vers\u00e3o n\u00e3o havia nem mesmo o manete de embreagem, j\u00e1 sinalizando que tinha novidade chegando em termos de transmiss\u00e3o. Em 2015 o modelo em sua vers\u00e3o final j\u00e1 dava as caras no Reino Unido e, finalmente, em 2016 era lan\u00e7ado mundialmente.<\/p>\n<figure id=\"attachment_2554\" aria-describedby=\"caption-attachment-2554\" style=\"width: 1024px\" class=\"wp-caption aligncenter\"><img decoding=\"async\" loading=\"lazy\" class=\"wp-image-2554 size-large\" src=\"https:\/\/www.motocultura.com.br\/home\/wp-content\/uploads\/2019\/07\/Honda-Africa-Twin-True-Adventure-Prototype-EICMA-2014-1024x768.jpg\" alt=\"\" width=\"1024\" height=\"768\" srcset=\"https:\/\/www.motocultura.com.br\/home\/wp-content\/uploads\/2019\/07\/Honda-Africa-Twin-True-Adventure-Prototype-EICMA-2014-1024x768.jpg 1024w, https:\/\/www.motocultura.com.br\/home\/wp-content\/uploads\/2019\/07\/Honda-Africa-Twin-True-Adventure-Prototype-EICMA-2014-300x225.jpg 300w, https:\/\/www.motocultura.com.br\/home\/wp-content\/uploads\/2019\/07\/Honda-Africa-Twin-True-Adventure-Prototype-EICMA-2014-768x576.jpg 768w, https:\/\/www.motocultura.com.br\/home\/wp-content\/uploads\/2019\/07\/Honda-Africa-Twin-True-Adventure-Prototype-EICMA-2014.jpg 2000w\" sizes=\"(max-width: 1024px) 100vw, 1024px\" \/><figcaption id=\"caption-attachment-2554\" class=\"wp-caption-text\">A revela\u00e7\u00e3o na EICMA de 2014: camuflagem e lama pra disfar\u00e7ar<\/figcaption><\/figure>\n<p>Hoje a Honda disponibiliza dois modelos, a CRF 1000L Africa Twin e a Africa Twin Adventure Sports. A\u00a0 Adventure Sports tem algumas coisinhas a mais: bolha maior e mais alta, pedaleiras maiores, tanque de maior capacidade\u00a0 (5,4 litros a mais), suspens\u00f5es de maior curso (18 mm a mais na traseira e 20 mm a mais na dianteira), protetor de motor mais robusto, protetores de tanque e carenagens, posi\u00e7\u00e3o de pilotagem\u00a0 mais elevada e uma cor exclusiva que, novamente, remete \u00e0 origem do modelo nos prim\u00f3rdios do Dakar. Por tudo isso, a vers\u00e3o &#8220;top&#8221; (desculpem o termo) tamb\u00e9m \u00e9 mais alta e mais pesada (tem 8 quilos a mais que o modelo &#8220;b\u00e1sico&#8221;). E como tudo nessa vida tem um pre\u00e7o, se voc\u00ea quiser a vers\u00e3o anabolizada da Africa vai ter de desembolsar uns R$ 7,000 a mais num total de R$ 64.990 contra R$ 57.990 da Africa &#8220;normal&#8221; (valores em julho de 2019). Se preferir, leve a mais barata e com os 7 contos que sobram d\u00e1 pra levar tamb\u00e9m uma Honda Pop pra fazer entrega de Uber Eats. E sobram pouco mais de R$ 1.000 pra fazer um churrasco e comemorar as duas motos na garagem.<\/p>\n<figure id=\"attachment_2562\" aria-describedby=\"caption-attachment-2562\" style=\"width: 1024px\" class=\"wp-caption aligncenter\"><img decoding=\"async\" loading=\"lazy\" class=\"wp-image-2562 size-large\" src=\"https:\/\/www.motocultura.com.br\/home\/wp-content\/uploads\/2019\/07\/128717_2018_Honda_Africa_Twin_Adventure_Sports-1024x683.jpg\" alt=\"\" width=\"1024\" height=\"683\" srcset=\"https:\/\/www.motocultura.com.br\/home\/wp-content\/uploads\/2019\/07\/128717_2018_Honda_Africa_Twin_Adventure_Sports-1024x683.jpg 1024w, https:\/\/www.motocultura.com.br\/home\/wp-content\/uploads\/2019\/07\/128717_2018_Honda_Africa_Twin_Adventure_Sports-300x200.jpg 300w, https:\/\/www.motocultura.com.br\/home\/wp-content\/uploads\/2019\/07\/128717_2018_Honda_Africa_Twin_Adventure_Sports-768x512.jpg 768w, https:\/\/www.motocultura.com.br\/home\/wp-content\/uploads\/2019\/07\/128717_2018_Honda_Africa_Twin_Adventure_Sports.jpg 1350w\" sizes=\"(max-width: 1024px) 100vw, 1024px\" \/><figcaption id=\"caption-attachment-2562\" class=\"wp-caption-text\">Duas gera\u00e7\u00f5es: 31 anos de diferen\u00e7a<\/figcaption><\/figure>\n<figure id=\"attachment_2559\" aria-describedby=\"caption-attachment-2559\" style=\"width: 800px\" class=\"wp-caption aligncenter\"><img decoding=\"async\" loading=\"lazy\" class=\"wp-image-2559 size-full\" src=\"https:\/\/www.motocultura.com.br\/home\/wp-content\/uploads\/2019\/07\/twin-1.jpg\" alt=\"\" width=\"800\" height=\"600\" srcset=\"https:\/\/www.motocultura.com.br\/home\/wp-content\/uploads\/2019\/07\/twin-1.jpg 800w, https:\/\/www.motocultura.com.br\/home\/wp-content\/uploads\/2019\/07\/twin-1-300x225.jpg 300w, https:\/\/www.motocultura.com.br\/home\/wp-content\/uploads\/2019\/07\/twin-1-768x576.jpg 768w\" sizes=\"(max-width: 800px) 100vw, 800px\" \/><figcaption id=\"caption-attachment-2559\" class=\"wp-caption-text\">A nova Africa Twin na vers\u00e3o do Batman<\/figcaption><\/figure>\n<figure id=\"attachment_2558\" aria-describedby=\"caption-attachment-2558\" style=\"width: 800px\" class=\"wp-caption aligncenter\"><img decoding=\"async\" loading=\"lazy\" class=\"wp-image-2558 size-full\" src=\"https:\/\/www.motocultura.com.br\/home\/wp-content\/uploads\/2019\/07\/twin-2.jpg\" alt=\"\" width=\"800\" height=\"600\" srcset=\"https:\/\/www.motocultura.com.br\/home\/wp-content\/uploads\/2019\/07\/twin-2.jpg 800w, https:\/\/www.motocultura.com.br\/home\/wp-content\/uploads\/2019\/07\/twin-2-300x225.jpg 300w, https:\/\/www.motocultura.com.br\/home\/wp-content\/uploads\/2019\/07\/twin-2-768x576.jpg 768w\" sizes=\"(max-width: 800px) 100vw, 800px\" \/><figcaption id=\"caption-attachment-2558\" class=\"wp-caption-text\">Variante TE com cinto de utilidades: ba\u00fas laterais e na garupa.<\/figcaption><\/figure>\n<figure id=\"attachment_2557\" aria-describedby=\"caption-attachment-2557\" style=\"width: 800px\" class=\"wp-caption aligncenter\"><img decoding=\"async\" loading=\"lazy\" class=\"wp-image-2557 size-full\" src=\"https:\/\/www.motocultura.com.br\/home\/wp-content\/uploads\/2019\/07\/twin-3.jpg\" alt=\"\" width=\"800\" height=\"600\" srcset=\"https:\/\/www.motocultura.com.br\/home\/wp-content\/uploads\/2019\/07\/twin-3.jpg 800w, https:\/\/www.motocultura.com.br\/home\/wp-content\/uploads\/2019\/07\/twin-3-300x225.jpg 300w, https:\/\/www.motocultura.com.br\/home\/wp-content\/uploads\/2019\/07\/twin-3-768x576.jpg 768w\" sizes=\"(max-width: 800px) 100vw, 800px\" \/><figcaption id=\"caption-attachment-2557\" class=\"wp-caption-text\">A vers\u00e3o Adventure: turbinada<\/figcaption><\/figure>\n<figure id=\"attachment_2556\" aria-describedby=\"caption-attachment-2556\" style=\"width: 800px\" class=\"wp-caption aligncenter\"><img decoding=\"async\" loading=\"lazy\" class=\"wp-image-2556 size-full\" src=\"https:\/\/www.motocultura.com.br\/home\/wp-content\/uploads\/2019\/07\/twin-4.jpg\" alt=\"\" width=\"800\" height=\"600\" srcset=\"https:\/\/www.motocultura.com.br\/home\/wp-content\/uploads\/2019\/07\/twin-4.jpg 800w, https:\/\/www.motocultura.com.br\/home\/wp-content\/uploads\/2019\/07\/twin-4-300x225.jpg 300w, https:\/\/www.motocultura.com.br\/home\/wp-content\/uploads\/2019\/07\/twin-4-768x576.jpg 768w\" sizes=\"(max-width: 800px) 100vw, 800px\" \/><figcaption id=\"caption-attachment-2556\" class=\"wp-caption-text\">Vers\u00e3o Adventure TE: mais moto, menos ba\u00fas. N\u00e3o se pode ter tudo.<\/figcaption><\/figure>\n<p>Vale lembrar que as duas vers\u00f5es tem uma variante chamada TE, de &#8220;travel edition&#8221;. Na Twin, por R$ 9.000 a mais voc\u00ea pode viver a aventura de levar pra casa (e ter de explicar) dois ba\u00fas laterais e um de garupa cravejados de diamantes (a parte dos diamantes \u00e9 mentira). Na Twin Adventure, a aventura sai mais em conta. Pagando R$ 5.000 a mais voc\u00ea leva pra casa dois ba\u00fas laterais\u00a0 folheados \u00e0 ouro. (Voc\u00ea entendeu n\u00e9? \u00c9 ironia.). Aparentemente tem algumas coisinhas a mais al\u00e9m dos ba\u00fas milion\u00e1rios nas vers\u00f5es TE mas, no site, infelizmente, n\u00e3o est\u00e1 muito claro.<\/p>\n<p>Para evitar copy paste sem sentido e contribuir para o meio ambiente, voc\u00ea pode conferir todas as especifica\u00e7\u00f5es e mais fotos em detalhe dos dois modelos <a href=\"https:\/\/www.honda.com.br\/motos\/crf-1000l-africa-twin\" target=\"_blank\" rel=\"noopener\">no site da Honda<\/a>.<\/p>\n<p>Dentro da linha mon\u00f3tona de design da Honda (mas quase sempre de muito bom gosto e equil\u00edbrio), a nova Africa \u00e9 seguramente uma das motocicletas mais bonitas da linha atual dispon\u00edvel ao consumidor. Fora ela, vale destacar a bem vinda ousadia est\u00e9tica na <a href=\"https:\/\/www.motocultura.com.br\/home\/motocicletas\/honda-cb1000r-neo-sports-cafe\/\" target=\"_blank\" rel=\"noopener\">nova CB1000R<\/a>. S\u00f3 resta saber se a recente encarna\u00e7\u00e3o vai se tornar, no futuro, uma cl\u00e1ssica t\u00e3o admirada e desejada assim como foram as suas antecessoras (a vers\u00e3o de 1988 \u00e9 disputada a tapa e dedo no olho por admiradores e colecionadores hoje em dia).<\/p>\n<p>E a pergunta que n\u00e3o quer calar:\u00a0ser\u00e1 que a Africa Twin\u00a0&#8220;millennial&#8221; aguenta um Dakar sem reclamar? Nunca saberemos.<\/p>\n","protected":false},"excerpt":{"rendered":"<p>Em 20 de maio de 1988 a Honda colocava no mercado sua mais ic\u00f4nica e querida big trail. Era a imponente Africa Twin que, desde o nome at\u00e9 as cores, evocava o esp\u00edrito aventureiro da maior e mais perigosa competi\u00e7\u00e3o fora de estrada do mundo, o Rally Paris Dakar.<\/p>\n","protected":false},"author":2,"featured_media":2564,"comment_status":"open","ping_status":"closed","sticky":false,"template":"","format":"standard","meta":[],"categories":[7],"tags":[176,178,180,42,13,181,183,179,177,182],"jetpack_featured_media_url":"https:\/\/www.motocultura.com.br\/home\/wp-content\/uploads\/2019\/07\/POST-MOTOCULTURA.png","jetpack-related-posts":[{"id":3564,"url":"https:\/\/www.motocultura.com.br\/home\/yamaha-tenere-a-historia-da-motocicleta-e-seus-modelos\/","url_meta":{"origin":2526,"position":0},"title":"Yamaha T\u00e9n\u00e9r\u00e9 &#8211; a hist\u00f3ria da motocicleta e seus modelos","author":"Guilhes Damian","date":"27 de junho de 2020","format":false,"excerpt":"A motocicleta todo terreno mais famosa da Yamaha, e provavelmente entre todas de mesma proposta, nasceu da evolu\u00e7\u00e3o de uma leg\u00edtima campe\u00e3, a Yamaha XT 500, nascida em 1974 e vencedora das duas primeiras competi\u00e7\u00f5es do Rally Paris Dakar em 1979 e 1980 pilotada, em ambas as ocasi\u00f5es, pelo piloto\u2026","rel":"","context":"Em &quot;MOTOCICLETAS&quot;","block_context":{"text":"MOTOCICLETAS","link":"https:\/\/www.motocultura.com.br\/home\/category\/motocicletas\/"},"img":{"alt_text":"","src":"https:\/\/i0.wp.com\/www.motocultura.com.br\/home\/wp-content\/uploads\/2020\/06\/chamadatenere.jpg?resize=350%2C200&ssl=1","width":350,"height":200,"srcset":"https:\/\/i0.wp.com\/www.motocultura.com.br\/home\/wp-content\/uploads\/2020\/06\/chamadatenere.jpg?resize=350%2C200&ssl=1 1x, https:\/\/i0.wp.com\/www.motocultura.com.br\/home\/wp-content\/uploads\/2020\/06\/chamadatenere.jpg?resize=700%2C400&ssl=1 2x"},"classes":[]},{"id":2218,"url":"https:\/\/www.motocultura.com.br\/home\/royal-enfield-concept-kx-v-twin\/","url_meta":{"origin":2526,"position":1},"title":"Royal Enfield Concept KX V-Twin","author":"Guilhes Damian","date":"6 de novembro de 2018","format":false,"excerpt":"Em um mercado e momento atual onde pouqu\u00edssimos se arriscam, sempre vem a boa surpresa de onde menos se espera. A Royal Enfield, conhecida por fabricar motocicletas da forma (e na sua forma) mais tradicional poss\u00edvel, apresenta um prot\u00f3tipo ousad\u00edssimo em termos de design, principalmente levando em conta a tradi\u00e7\u00e3o\u2026","rel":"","context":"Em &quot;MOTOCICLETAS&quot;","block_context":{"text":"MOTOCICLETAS","link":"https:\/\/www.motocultura.com.br\/home\/category\/motocicletas\/"},"img":{"alt_text":"","src":"https:\/\/i0.wp.com\/www.motocultura.com.br\/home\/wp-content\/uploads\/2018\/11\/royal-kx-concept.png?resize=350%2C200&ssl=1","width":350,"height":200},"classes":[]},{"id":3716,"url":"https:\/\/www.motocultura.com.br\/home\/honda-nsr-250-mad-gt-uma-esportiva-2-tempos-chopper-a-sport-two-stroke-chopper\/","url_meta":{"origin":2526,"position":2},"title":"Honda NSR 250 Mad GT3 &#8211; Uma esportiva 2 tempos chopper \/ A sport two stroke chopper","author":"Guilhes Damian","date":"12 de agosto de 2020","format":false,"excerpt":"Como em qualquer outro dia, navegando pelo feed do Instagram e procurando por projetos interessantes e diferentes, a MAD GT3 caiu como uma bomba na nossa cabe\u00e7a. Em uma primeira olhada, era dif\u00edcil identificar exatamente todas as pe\u00e7as e partes que formavam o conjunto. Mas nunca hav\u00edamos visto algo parecido\u2026","rel":"","context":"Em &quot;CUSTOMIZA\u00c7\u00c3O&quot;","block_context":{"text":"CUSTOMIZA\u00c7\u00c3O","link":"https:\/\/www.motocultura.com.br\/home\/category\/customizacao\/"},"img":{"alt_text":"","src":"https:\/\/i0.wp.com\/www.motocultura.com.br\/home\/wp-content\/uploads\/2020\/08\/chamada-nsr250-chopper-ok.jpg?resize=350%2C200&ssl=1","width":350,"height":200,"srcset":"https:\/\/i0.wp.com\/www.motocultura.com.br\/home\/wp-content\/uploads\/2020\/08\/chamada-nsr250-chopper-ok.jpg?resize=350%2C200&ssl=1 1x, https:\/\/i0.wp.com\/www.motocultura.com.br\/home\/wp-content\/uploads\/2020\/08\/chamada-nsr250-chopper-ok.jpg?resize=700%2C400&ssl=1 2x"},"classes":[]},{"id":371,"url":"https:\/\/www.motocultura.com.br\/home\/museu-de-motos-classicas-honda-em-sao-paulo\/","url_meta":{"origin":2526,"position":3},"title":"Museu de motos cl\u00e1ssicas Honda em S\u00e3o Paulo","author":"Motocultura","date":"26 de fevereiro de 2017","format":false,"excerpt":"Um passeio bacana para quem est\u00e1 na cidade de S\u00e3o Paulo \u00e9 visitar um incr\u00edvel\u00a0museu permanente montado pela concession\u00e1ria Honda Moto Remazza. L\u00e1 voc\u00ea vai poder ver de perto, em estado de conserva\u00e7\u00e3o impec\u00e1vel, muitas motocicletas da marca que fizeram hist\u00f3ria no Brasil e tamb\u00e9m no mundo. A cole\u00e7\u00e3o do\u2026","rel":"","context":"Em &quot;CULTURA&quot;","block_context":{"text":"CULTURA","link":"https:\/\/www.motocultura.com.br\/home\/category\/cultura\/"},"img":{"alt_text":"","src":"https:\/\/i0.wp.com\/www.motocultura.com.br\/home\/wp-content\/uploads\/2017\/02\/2d8a9373b-12.jpg?resize=350%2C200&ssl=1","width":350,"height":200},"classes":[]},{"id":9391,"url":"https:\/\/www.motocultura.com.br\/home\/custom-bike-contest-2025\/","url_meta":{"origin":2526,"position":4},"title":"Custom Bike Contest 2025","author":"Victor Marinho (Duc)","date":"27 de dezembro de 2025","format":false,"excerpt":"The 10 Most Shared Custom Motorcycles of the Year on Motocultura\u2019s Instagram As 10 motos mais compartilhadas do ano no Instagram do Motocultura In an era dominated by inflated metrics, hollow numbers and artificial engagement, Motocultura chose to focus on a far more revealing signal: the share. Unlike a like\u2026","rel":"","context":"Em &quot;CUSTOMIZA\u00c7\u00c3O&quot;","block_context":{"text":"CUSTOMIZA\u00c7\u00c3O","link":"https:\/\/www.motocultura.com.br\/home\/category\/customizacao\/"},"img":{"alt_text":"","src":"https:\/\/i0.wp.com\/www.motocultura.com.br\/home\/wp-content\/uploads\/2025\/12\/capa.png?resize=350%2C200&ssl=1","width":350,"height":200,"srcset":"https:\/\/i0.wp.com\/www.motocultura.com.br\/home\/wp-content\/uploads\/2025\/12\/capa.png?resize=350%2C200&ssl=1 1x, https:\/\/i0.wp.com\/www.motocultura.com.br\/home\/wp-content\/uploads\/2025\/12\/capa.png?resize=700%2C400&ssl=1 2x"},"classes":[]},{"id":1954,"url":"https:\/\/www.motocultura.com.br\/home\/kawasaki-z900-rs-a-historia-de-1972-ao-modelo-2018\/","url_meta":{"origin":2526,"position":5},"title":"Kawasaki Z900 RS &#8211; A hist\u00f3ria de 1972 ao modelo 2018","author":"Guilhes Damian","date":"14 de junho de 2018","format":false,"excerpt":"Em uma \u00e9poca onde a garota propaganda das montadoras ainda era seu modelo de maior cilindrada, nascia uma disputa por olhares e suspiros. Disputa essa que movimentou o mercado de motocicletas como nunca e, tamanha briga por aten\u00e7\u00e3o, acabou estimulando uma corrida tecnol\u00f3gica e criativa que deu a luz, em\u2026","rel":"","context":"Em &quot;MODA E ESTILO&quot;","block_context":{"text":"MODA E ESTILO","link":"https:\/\/www.motocultura.com.br\/home\/category\/moda-e-estilo\/"},"img":{"alt_text":"","src":"https:\/\/i0.wp.com\/www.motocultura.com.br\/home\/wp-content\/uploads\/2018\/06\/post-kara.png?resize=350%2C200&ssl=1","width":350,"height":200},"classes":[]}],"jetpack_sharing_enabled":true,"_links":{"self":[{"href":"https:\/\/www.motocultura.com.br\/home\/wp-json\/wp\/v2\/posts\/2526"}],"collection":[{"href":"https:\/\/www.motocultura.com.br\/home\/wp-json\/wp\/v2\/posts"}],"about":[{"href":"https:\/\/www.motocultura.com.br\/home\/wp-json\/wp\/v2\/types\/post"}],"author":[{"embeddable":true,"href":"https:\/\/www.motocultura.com.br\/home\/wp-json\/wp\/v2\/users\/2"}],"replies":[{"embeddable":true,"href":"https:\/\/www.motocultura.com.br\/home\/wp-json\/wp\/v2\/comments?post=2526"}],"version-history":[{"count":0,"href":"https:\/\/www.motocultura.com.br\/home\/wp-json\/wp\/v2\/posts\/2526\/revisions"}],"wp:featuredmedia":[{"embeddable":true,"href":"https:\/\/www.motocultura.com.br\/home\/wp-json\/wp\/v2\/media\/2564"}],"wp:attachment":[{"href":"https:\/\/www.motocultura.com.br\/home\/wp-json\/wp\/v2\/media?parent=2526"}],"wp:term":[{"taxonomy":"category","embeddable":true,"href":"https:\/\/www.motocultura.com.br\/home\/wp-json\/wp\/v2\/categories?post=2526"},{"taxonomy":"post_tag","embeddable":true,"href":"https:\/\/www.motocultura.com.br\/home\/wp-json\/wp\/v2\/tags?post=2526"}],"curies":[{"name":"wp","href":"https:\/\/api.w.org\/{rel}","templated":true}]}}