{"id":2646,"date":"2019-09-05T09:20:20","date_gmt":"2019-09-05T12:20:20","guid":{"rendered":"https:\/\/www.motocultura.com.br\/home\/?p=2646"},"modified":"2019-09-05T10:16:25","modified_gmt":"2019-09-05T13:16:25","slug":"motocultura-no-hot-rods-brasil-oitava-edicao","status":"publish","type":"post","link":"https:\/\/www.motocultura.com.br\/home\/motocultura-no-hot-rods-brasil-oitava-edicao\/","title":{"rendered":"Motocultura no HOT RODS BRASIL Oitava Edi\u00e7\u00e3o"},"content":{"rendered":"<p>O <a href=\"http:\/\/www.hotrodsbrasil.com.br\/\" target=\"_blank\" rel=\"noopener\"><strong>HOT RODS BRASIL<\/strong><\/a> \u00e9 o maior evento nacional de ve\u00edculos hot rods, rat rods, custom cars, low riders, motos customizadas, produtos, acess\u00f3rios e servi\u00e7os relacionados a chamada kultura kustom. Em sua oitava edi\u00e7\u00e3o, em S\u00e3o Bernardo do Campo, o evento vem com tudo mais uma vez. E a grande novidade \u00e9 que, neste ano (2019), <strong>Motocultura<\/strong> ser\u00e1 parceira do evento e respons\u00e1vel pela curadoria de tudo que diz respeito ao universo das duas rodas.<!--more--><\/p>\n<p>A edi\u00e7\u00e3o 2019 acontece nos<strong> dias 15, 16 e 17 de novembro<\/strong> no <strong>Complexo Poliesportivo em S\u00e3o Bernardo do Campo (SP)<\/strong> e tem muita coisa super legal pra quem curte esse universo. Tem exposi\u00e7\u00e3o de m\u00e1quinas incr\u00edveis em quatro e duas rodas mas as atra\u00e7\u00f5es n\u00e3o ficam apenas nos motores. O evento tamb\u00e9m vai mostrar muita coisa relacionada ao mundo da kultura kustom como exposi\u00e7\u00e3o de artistas que customizam m\u00f3veis, pe\u00e7as de arte, produtos, moda e fazem trabalhos sensacionais com pinstripe, aerografia, lettering e engrave.<\/p>\n<p>Pra completar, haver\u00e3o palestras e workshops relacionados ao tema assim como muita m\u00fasica ao vivo, boa comida e boa bebida.<\/p>\n<h4>Confira o v\u00eddeo teaser<\/h4>\n<p><iframe loading=\"lazy\" width=\"1200\" height=\"675\" src=\"https:\/\/www.youtube.com\/embed\/pu6-Z3tIaEs?feature=oembed\" frameborder=\"0\" allow=\"accelerometer; autoplay; encrypted-media; gyroscope; picture-in-picture\" allowfullscreen><\/iframe><\/p>\n<h4>Confira a edi\u00e7\u00e3o anterior<\/h4>\n<p><iframe loading=\"lazy\" width=\"1200\" height=\"675\" src=\"https:\/\/www.youtube.com\/embed\/cDISEs75Zm8?feature=oembed\" frameborder=\"0\" allow=\"accelerometer; autoplay; encrypted-media; gyroscope; picture-in-picture\" allowfullscreen><\/iframe><\/p>\n<p>\u00c9 customizador profissional, customizador lobo solit\u00e1rio, customizador amador ou trabalha com algo relacionado a customiza\u00e7\u00e3o e <strong>quer mostrar seu trabalho no HOT RODS BRASIL<\/strong>? S\u00f3 bater um papo com a gente. Motocultura j\u00e1 est\u00e1 se mexendo e se organizando pra levar v\u00e1rias atra\u00e7\u00f5es e novidades pra dentro do HOT RODS BRASIL 2019.<\/p>\n<p>Durante o evento vamos revelar a <strong><a href=\"https:\/\/www.motocultura.com.br\/home\/moto-customizada-do-ano\/\">Moto Customizada do Ano<\/a><\/strong>, a grande vencedora do concurso promovido por Motocultura que est\u00e1 em sua terceira edi\u00e7\u00e3o. L\u00e1 tamb\u00e9m vamos revelar os dois grafismos vencedores do <a href=\"https:\/\/www.motocultura.com.br\/home\/concurso-de-grafismo-ducati-scrambler-e-xdiavel-dos-sonhos\/\"><strong>Concurso Ducati dos Sonhos Motocultura<\/strong><\/a>.<\/p>\n<p>Outra atra\u00e7\u00e3o super bacana ser\u00e1 a palestra de um dos mais respeitados customizadores de motocicletas do Brasil. <strong>Ricardo Medrano,<\/strong> da <a href=\"http:\/\/www.johnniewash.com.br\/\"><strong>Johnnie Wash<\/strong><\/a>, vai encerrar o <a href=\"https:\/\/www.motocultura.com.br\/home\/basico\/workshops-gratuitos-de-customizacao-promovidos-por-motocultura\/\">ciclo de workshops<\/a> promovidos por Motocultura no ano de 2019 falando sobre a hist\u00f3ria, cen\u00e1rio atual e futuro da customiza\u00e7\u00e3o no Brasil.<\/p>\n<p>O HOT RODS BRASIL, j\u00e1 consagrado, agora \u00e9 uma oportunidade \u00fanica para ver de perto customiza\u00e7\u00f5es incr\u00edveis, conhecer profissionais do meio, ver novidades de produtos e servi\u00e7os do mundo das duas rodas e, se trabalha nesse meio, fazer uma rede de contatos bem legal.<\/p>\n<p>E como a gente \u00e9 bom demais pra quem nos acompanha, aqui vai uma <strong>condi\u00e7\u00e3o exclusiva de lan\u00e7amento dos ingressos<\/strong> que come\u00e7a hoje (5 de setembro) e com dura\u00e7\u00e3o limitada!<\/p>\n<p><strong>Voc\u00ea tem 96hs pra comprar o passaporte que d\u00e1 direito aos tr\u00eas dias de evento pelo valor de apenas R$ 21,00<\/strong>. Legal n\u00e3o \u00e9? Ent\u00e3o deixa de vacilo e clica no banner abaixo e adquira seu passaporte com pre\u00e7o de amigo. Nos vemos em S\u00e3o Bernardo!<\/p>\n<p><\/a><\/p>\n<p>{bot\u00e3o}<\/p>\n<blockquote>\n<h4>SERVI\u00c7O<\/h4>\n<p><strong>HOT RODS BRASIL 2019<\/strong><br \/>\nComplexo Poliesportivo<br \/>\nAv Kenedy, 1155<br \/>\nParque Anchieta<br \/>\nS\u00e3o Bernardo do Campo &#8211; SP<br \/>\nDias 15, 16 e 17 de Novembro de 2019<br \/>\nSite oficial: <a href=\"http:\/\/www.hotrodsbrasil.com.br\/\" target=\"_blank\" rel=\"noopener\">hotrodsbrasil.com.br<\/a><br \/>\nFacebook: <a href=\"https:\/\/www.facebook.com\/pg\/hotrodsbrasiloficial\/\" target=\"_blank\" rel=\"noopener\">facebook.com\/pg\/hotrodsbrasiloficial\/<\/a><br \/>\nInstagram: <a href=\"https:\/\/www.instagram.com\/hotrodbrasil\/\" target=\"_blank\" rel=\"noopener\">instagram.com\/hotrodbrasil\/<\/a><\/p>\n<h4>CONTATO PARA EXPOSITORES<\/h4>\n<p>Quer expor sua moto, suas motos, seus produtos ou servi\u00e7os relacionados a duas rodas?<br \/>\nEntre em contato com\u00a0 a gente:<br \/>\nEmail: <a href=\"mailto:contato@www.goseven.com.br\">contato@www.goseven.com.br<\/a><br \/>\nTelefones: 11 98107 7218 (Duc), 11 991940229 (Maur\u00edcio)<\/p><\/blockquote>\n<p>&nbsp;<\/p>\n","protected":false},"excerpt":{"rendered":"<p>O HOT RODS BRASIL \u00e9 o maior evento nacional de ve\u00edculos hot rods, rat rods, custom cars, low riders, motos customizadas, produtos, acess\u00f3rios e servi\u00e7os relacionados a chamada kultura kustom. Em sua oitava edi\u00e7\u00e3o, em S\u00e3o Bernardo do Campo, o evento vem com tudo mais uma vez. E a grande novidade \u00e9 que, neste ano [&hellip;]<\/p>\n","protected":false},"author":2,"featured_media":2650,"comment_status":"open","ping_status":"closed","sticky":false,"template":"","format":"standard","meta":[],"categories":[4,5,6,7],"tags":[40,193,37,192,85,63,72,191,190,194,36],"jetpack_featured_media_url":"https:\/\/www.motocultura.com.br\/home\/wp-content\/uploads\/2019\/09\/post-hot.jpg","jetpack-related-posts":[{"id":2747,"url":"https:\/\/www.motocultura.com.br\/home\/moto-customizada-do-ano-motocultura-2019\/","url_meta":{"origin":2646,"position":0},"title":"Moto Customizada do Ano Motocultura 2019","author":"Guilhes Damian","date":"5 de dezembro de 2019","format":false,"excerpt":"Motocultura tem como um de seus pilares, desde o in\u00edcio, promover e divulgar o trabalho de profissionais da customiza\u00e7\u00e3o no pa\u00eds. Mas, al\u00e9m disso, a ideia \u00e9 dar espa\u00e7o e visibilidade principalmente para novas gera\u00e7\u00f5es e novos talentos do meio. Uma das iniciativas neste sentido \u00e9 o Concurso de Customiza\u00e7\u00e3o\u2026","rel":"","context":"Em &quot;CUSTOMIZA\u00c7\u00c3O&quot;","block_context":{"text":"CUSTOMIZA\u00c7\u00c3O","link":"https:\/\/www.motocultura.com.br\/home\/category\/customizacao\/"},"img":{"alt_text":"","src":"https:\/\/i0.wp.com\/www.motocultura.com.br\/home\/wp-content\/uploads\/2019\/12\/moto-customizada-2019.jpg?resize=350%2C200&ssl=1","width":350,"height":200},"classes":[]},{"id":2714,"url":"https:\/\/www.motocultura.com.br\/home\/as-ducati-scrambler-e-x-diavel-criadas-pelos-leitores-de-motocultura-vencedoras-do-concurso-de-grafismo-ducati-dos-sonhos\/","url_meta":{"origin":2646,"position":1},"title":"As Ducati Scrambler e X Diavel criadas pelos leitores de Motocultura vencedoras do concurso de grafismo Ducati dos Sonhos","author":"Guilhes Damian","date":"22 de novembro de 2019","format":false,"excerpt":"Motocultura promoveu em 2019, pela segunda vez, um concurso chamando os talentos do design e seus leitores a desenvolverem um grafismo exclusivo para os modelos Scrambler e XDiavel da italiana Ducati. Entre todos os projetos recebidos, dois foram escolhidos a dedo pelas concession\u00e1rias Ducati Mooca e Ducati Campinas para se\u2026","rel":"","context":"Em &quot;CUSTOMIZA\u00c7\u00c3O&quot;","block_context":{"text":"CUSTOMIZA\u00c7\u00c3O","link":"https:\/\/www.motocultura.com.br\/home\/category\/customizacao\/"},"img":{"alt_text":"","src":"https:\/\/i0.wp.com\/www.motocultura.com.br\/home\/wp-content\/uploads\/2019\/11\/ducati-dos-sonhos.jpg?resize=350%2C200&ssl=1","width":350,"height":200},"classes":[]},{"id":4046,"url":"https:\/\/www.motocultura.com.br\/home\/moto-honda-cg-125-cafe-racer-por-santiago-cafe\/","url_meta":{"origin":2646,"position":2},"title":"Moto Honda CG 125 cafe racer por Santiago Cafe","author":"Guilhes Damian","date":"9 de julho de 2022","format":false,"excerpt":"O chamado objeto de desejo nem sempre diz respeito a algum bem material car\u00edssimo, provavelmente acess\u00edvel a poucos com saldo banc\u00e1rio suficiente para tornar realidade um sonho de consumo em particular. Objeto de desejo, muitas vezes, tem rela\u00e7\u00e3o com identidade e, principalmente, em transformar algo ordin\u00e1rio, comum, em um objeto\u2026","rel":"","context":"Em &quot;CUSTOMIZA\u00c7\u00c3O&quot;","block_context":{"text":"CUSTOMIZA\u00c7\u00c3O","link":"https:\/\/www.motocultura.com.br\/home\/category\/customizacao\/"},"img":{"alt_text":"","src":"https:\/\/i0.wp.com\/www.motocultura.com.br\/home\/wp-content\/uploads\/2022\/07\/honda-cg-125-cafe-racer-001.jpg?resize=350%2C200&ssl=1","width":350,"height":200,"srcset":"https:\/\/i0.wp.com\/www.motocultura.com.br\/home\/wp-content\/uploads\/2022\/07\/honda-cg-125-cafe-racer-001.jpg?resize=350%2C200&ssl=1 1x, https:\/\/i0.wp.com\/www.motocultura.com.br\/home\/wp-content\/uploads\/2022\/07\/honda-cg-125-cafe-racer-001.jpg?resize=700%2C400&ssl=1 2x, https:\/\/i0.wp.com\/www.motocultura.com.br\/home\/wp-content\/uploads\/2022\/07\/honda-cg-125-cafe-racer-001.jpg?resize=1050%2C600&ssl=1 3x"},"classes":[]},{"id":2656,"url":"https:\/\/www.motocultura.com.br\/home\/honda-cb-1300-flat-track-corona-custom\/","url_meta":{"origin":2646,"position":3},"title":"Honda CB 1300 Flat Track Corona Custom","author":"Guilhes Damian","date":"15 de setembro de 2019","format":false,"excerpt":"A naked gigante da Honda sempre foi um sucesso tremendo em terras orientais. A receita era simples: um motorz\u00e3o quatro cilindros com torque e pot\u00eancia na medida em uma roupagem remetendo \u00e0s cl\u00e1ssicas super motos dos anos 70 em uma releitura levemente mais moderna e com muito mais tecnologia. Em\u2026","rel":"","context":"Em &quot;CUSTOMIZA\u00c7\u00c3O&quot;","block_context":{"text":"CUSTOMIZA\u00c7\u00c3O","link":"https:\/\/www.motocultura.com.br\/home\/category\/customizacao\/"},"img":{"alt_text":"","src":"https:\/\/i0.wp.com\/www.motocultura.com.br\/home\/wp-content\/uploads\/2019\/09\/abre-cb1300-flat-track.jpg?resize=350%2C200&ssl=1","width":350,"height":200,"srcset":"https:\/\/i0.wp.com\/www.motocultura.com.br\/home\/wp-content\/uploads\/2019\/09\/abre-cb1300-flat-track.jpg?resize=350%2C200&ssl=1 1x, https:\/\/i0.wp.com\/www.motocultura.com.br\/home\/wp-content\/uploads\/2019\/09\/abre-cb1300-flat-track.jpg?resize=700%2C400&ssl=1 2x"},"classes":[]},{"id":3380,"url":"https:\/\/www.motocultura.com.br\/home\/vyrus-uma-das-motocicletas-esportivas-mais-exclusivas-e-tecnologicas-do-mundo\/","url_meta":{"origin":2646,"position":4},"title":"Vyrus: uma das motocicletas esportivas mais exclusivas e tecnol\u00f3gicas do mundo","author":"Guilhes Damian","date":"21 de abril de 2020","format":false,"excerpt":"Algo que todo motociclista aprende mais cedo ou mais tarde \u00e9 sobre a paix\u00e3o dos italianos pelas duas rodas. \u00c9 de l\u00e1 que sa\u00edram pilotos lend\u00e1rios como Giacomo Agostini e Valentino Rossi. \u00c9 tamb\u00e9m na It\u00e1lia onde a Ducati, frequentemente chamada de \"Ferrari\" das motocicletas, foi concebida e estabelecida. E\u2026","rel":"","context":"Em &quot;MOTOCICLETAS&quot;","block_context":{"text":"MOTOCICLETAS","link":"https:\/\/www.motocultura.com.br\/home\/category\/motocicletas\/"},"img":{"alt_text":"","src":"https:\/\/i0.wp.com\/www.motocultura.com.br\/home\/wp-content\/uploads\/2020\/04\/chama-vyrus.jpg?resize=350%2C200&ssl=1","width":350,"height":200,"srcset":"https:\/\/i0.wp.com\/www.motocultura.com.br\/home\/wp-content\/uploads\/2020\/04\/chama-vyrus.jpg?resize=350%2C200&ssl=1 1x, https:\/\/i0.wp.com\/www.motocultura.com.br\/home\/wp-content\/uploads\/2020\/04\/chama-vyrus.jpg?resize=700%2C400&ssl=1 2x"},"classes":[]},{"id":3709,"url":"https:\/\/www.motocultura.com.br\/home\/concurso-nacional-de-customizacao-motocultura\/","url_meta":{"origin":2646,"position":5},"title":"Concurso nacional de customiza\u00e7\u00e3o Motocultura","author":"Guilhes Damian","date":"23 de julho de 2020","format":false,"excerpt":"Motocultura tem como um de seus pilares, desde o in\u00edcio, promover e divulgar o trabalho de profissionais da customiza\u00e7\u00e3o no pa\u00eds. Mas, al\u00e9m disso, a ideia \u00e9 dar espa\u00e7o e visibilidade principalmente para as novas gera\u00e7\u00f5es e novos talentos do meio. Uma das iniciativas neste sentido \u00e9 o Concurso de\u2026","rel":"","context":"Em &quot;CUSTOMIZA\u00c7\u00c3O&quot;","block_context":{"text":"CUSTOMIZA\u00c7\u00c3O","link":"https:\/\/www.motocultura.com.br\/home\/category\/customizacao\/"},"img":{"alt_text":"","src":"https:\/\/i0.wp.com\/www.motocultura.com.br\/home\/wp-content\/uploads\/2020\/07\/chamada-concurso.jpg?resize=350%2C200&ssl=1","width":350,"height":200,"srcset":"https:\/\/i0.wp.com\/www.motocultura.com.br\/home\/wp-content\/uploads\/2020\/07\/chamada-concurso.jpg?resize=350%2C200&ssl=1 1x, https:\/\/i0.wp.com\/www.motocultura.com.br\/home\/wp-content\/uploads\/2020\/07\/chamada-concurso.jpg?resize=700%2C400&ssl=1 2x"},"classes":[]}],"jetpack_sharing_enabled":true,"_links":{"self":[{"href":"https:\/\/www.motocultura.com.br\/home\/wp-json\/wp\/v2\/posts\/2646"}],"collection":[{"href":"https:\/\/www.motocultura.com.br\/home\/wp-json\/wp\/v2\/posts"}],"about":[{"href":"https:\/\/www.motocultura.com.br\/home\/wp-json\/wp\/v2\/types\/post"}],"author":[{"embeddable":true,"href":"https:\/\/www.motocultura.com.br\/home\/wp-json\/wp\/v2\/users\/2"}],"replies":[{"embeddable":true,"href":"https:\/\/www.motocultura.com.br\/home\/wp-json\/wp\/v2\/comments?post=2646"}],"version-history":[{"count":0,"href":"https:\/\/www.motocultura.com.br\/home\/wp-json\/wp\/v2\/posts\/2646\/revisions"}],"wp:featuredmedia":[{"embeddable":true,"href":"https:\/\/www.motocultura.com.br\/home\/wp-json\/wp\/v2\/media\/2650"}],"wp:attachment":[{"href":"https:\/\/www.motocultura.com.br\/home\/wp-json\/wp\/v2\/media?parent=2646"}],"wp:term":[{"taxonomy":"category","embeddable":true,"href":"https:\/\/www.motocultura.com.br\/home\/wp-json\/wp\/v2\/categories?post=2646"},{"taxonomy":"post_tag","embeddable":true,"href":"https:\/\/www.motocultura.com.br\/home\/wp-json\/wp\/v2\/tags?post=2646"}],"curies":[{"name":"wp","href":"https:\/\/api.w.org\/{rel}","templated":true}]}}