{"id":3150,"date":"2020-04-16T08:30:00","date_gmt":"2020-04-16T11:30:00","guid":{"rendered":"https:\/\/www.motocultura.com.br\/home\/?p=3150"},"modified":"2020-04-16T13:50:04","modified_gmt":"2020-04-16T16:50:04","slug":"concurso-arte-pra-cabeca-votacao-capacetes","status":"publish","type":"post","link":"https:\/\/www.motocultura.com.br\/home\/concurso-arte-pra-cabeca-votacao-capacetes\/","title":{"rendered":"Concurso Arte Pra Cabe\u00e7a &#8211; Vota\u00e7\u00e3o"},"content":{"rendered":"\n<p>Chegou a hora de conhecer os participantes e deixar os leitores escolherem o capacete mais bacana. D\u00ea uma olhada nas artes de capacete enviadas, escolha a que achar mais legal e d\u00ea seu voto. <\/p>\n\n\n\n<p>H\u00e1 um tempinho atr\u00e1s, juntamente com o <strong><a rel=\"noreferrer noopener\" aria-label=\" (opens in a new tab)\" href=\"https:\/\/www.customlab.com.br\" target=\"_blank\">Custom Lab<\/a><\/strong>, propomos uma brincadeira aos leitores, entusiastas e artistas (<a href=\"https:\/\/www.motocultura.com.br\/home\/concurso-arte-pra-cabeca\/\">veja aqui<\/a>). Como a participa\u00e7\u00e3o acabou sendo t\u00edmida, tivemos de nos virar nos 30 e adaptar a competi\u00e7\u00e3o. Portanto, os 8 trabalhos selecionados concorrem todos juntos em uma \u00fanica vota\u00e7\u00e3o que vai at\u00e9 o dia 28 de abril. <\/p>\n\n\n\n<!--more-->\n\n\n\n<p>Para conhecer todos os participantes, s\u00f3 dar uma espiadinha l\u00e1 embaixo.<\/p>\n\n\n\n<p>Vote e chame seus amigos pra votar : ) Primeiro, segundo e terceiro lugares ser\u00e3o definidos pelo n\u00famero de votos. Obrigado a todos que investiram tempo e dedica\u00e7\u00e3o e enviaram seus trabalhos!<\/p>\n\n\n\n<h2 class=\"wp-block-heading\">Vote<\/h2>\n\n\n\n<p>Os trabalhos est\u00e3o na galeria abaixo, numerados e com o nome do artista. De uma boa olhada e escolha o seu na vota\u00e7\u00e3o logo abaixo das imagens. Lembrando que n\u00e3o era obrigat\u00f3rio desenhar todas as vistas. Portanto alguns fizeram apenas uma vista e outros acabaram fazendo todas. (voc\u00ea pode clicar nas imagens para ampliar)<\/p>\n\n\n\n<figure class=\"wp-block-gallery columns-2 is-cropped wp-block-gallery-1 is-layout-flex\"><ul class=\"blocks-gallery-grid\"><li class=\"blocks-gallery-item\"><figure><a href=\"https:\/\/www.motocultura.com.br\/home\/wp-content\/uploads\/2020\/04\/1-italo-4-944x1024.jpg\"><img decoding=\"async\" loading=\"lazy\" width=\"944\" height=\"1024\" src=\"https:\/\/www.motocultura.com.br\/home\/wp-content\/uploads\/2020\/04\/1-italo-4-944x1024.jpg\" alt=\"\" data-id=\"3367\" data-link=\"https:\/\/www.motocultura.com.br\/home\/customizacao\/concurso-arte-pra-cabeca-votacao-capacetes\/attachment\/1-italo-4\/\" class=\"wp-image-3367\" srcset=\"https:\/\/www.motocultura.com.br\/home\/wp-content\/uploads\/2020\/04\/1-italo-4-944x1024.jpg 944w, https:\/\/www.motocultura.com.br\/home\/wp-content\/uploads\/2020\/04\/1-italo-4-276x300.jpg 276w, https:\/\/www.motocultura.com.br\/home\/wp-content\/uploads\/2020\/04\/1-italo-4-768x833.jpg 768w, https:\/\/www.motocultura.com.br\/home\/wp-content\/uploads\/2020\/04\/1-italo-4.jpg 1000w\" sizes=\"(max-width: 944px) 100vw, 944px\" \/><\/a><\/figure><\/li><li class=\"blocks-gallery-item\"><figure><a href=\"https:\/\/www.motocultura.com.br\/home\/wp-content\/uploads\/2020\/04\/joaz.jpg\"><img decoding=\"async\" loading=\"lazy\" width=\"944\" height=\"1024\" src=\"https:\/\/www.motocultura.com.br\/home\/wp-content\/uploads\/2020\/04\/joaz-944x1024.jpg\" alt=\"\" data-id=\"3377\" data-full-url=\"https:\/\/www.motocultura.com.br\/home\/wp-content\/uploads\/2020\/04\/joaz.jpg\" data-link=\"https:\/\/www.motocultura.com.br\/home\/customizacao\/concurso-arte-pra-cabeca-votacao-capacetes\/attachment\/joaz\/\" class=\"wp-image-3377\" srcset=\"https:\/\/www.motocultura.com.br\/home\/wp-content\/uploads\/2020\/04\/joaz-944x1024.jpg 944w, https:\/\/www.motocultura.com.br\/home\/wp-content\/uploads\/2020\/04\/joaz-276x300.jpg 276w, https:\/\/www.motocultura.com.br\/home\/wp-content\/uploads\/2020\/04\/joaz-768x833.jpg 768w, https:\/\/www.motocultura.com.br\/home\/wp-content\/uploads\/2020\/04\/joaz.jpg 1000w\" sizes=\"(max-width: 944px) 100vw, 944px\" \/><\/a><\/figure><\/li><li class=\"blocks-gallery-item\"><figure><a href=\"https:\/\/www.motocultura.com.br\/home\/wp-content\/uploads\/2020\/04\/3-vilas-5-944x1024.jpg\"><img decoding=\"async\" loading=\"lazy\" width=\"944\" height=\"1024\" src=\"https:\/\/www.motocultura.com.br\/home\/wp-content\/uploads\/2020\/04\/3-vilas-5-944x1024.jpg\" alt=\"\" data-id=\"3368\" data-link=\"https:\/\/www.motocultura.com.br\/home\/customizacao\/concurso-arte-pra-cabeca-votacao-capacetes\/attachment\/3-vilas-5\/\" class=\"wp-image-3368\" srcset=\"https:\/\/www.motocultura.com.br\/home\/wp-content\/uploads\/2020\/04\/3-vilas-5-944x1024.jpg 944w, https:\/\/www.motocultura.com.br\/home\/wp-content\/uploads\/2020\/04\/3-vilas-5-276x300.jpg 276w, https:\/\/www.motocultura.com.br\/home\/wp-content\/uploads\/2020\/04\/3-vilas-5-768x833.jpg 768w, https:\/\/www.motocultura.com.br\/home\/wp-content\/uploads\/2020\/04\/3-vilas-5.jpg 1000w\" sizes=\"(max-width: 944px) 100vw, 944px\" \/><\/a><\/figure><\/li><li class=\"blocks-gallery-item\"><figure><a href=\"https:\/\/www.motocultura.com.br\/home\/wp-content\/uploads\/2020\/04\/4-marcelo-3-944x1024.jpg\"><img decoding=\"async\" loading=\"lazy\" width=\"944\" height=\"1024\" src=\"https:\/\/www.motocultura.com.br\/home\/wp-content\/uploads\/2020\/04\/4-marcelo-3-944x1024.jpg\" alt=\"\" data-id=\"3369\" data-link=\"https:\/\/www.motocultura.com.br\/home\/customizacao\/concurso-arte-pra-cabeca-votacao-capacetes\/attachment\/4-marcelo-3\/\" class=\"wp-image-3369\" srcset=\"https:\/\/www.motocultura.com.br\/home\/wp-content\/uploads\/2020\/04\/4-marcelo-3-944x1024.jpg 944w, https:\/\/www.motocultura.com.br\/home\/wp-content\/uploads\/2020\/04\/4-marcelo-3-276x300.jpg 276w, https:\/\/www.motocultura.com.br\/home\/wp-content\/uploads\/2020\/04\/4-marcelo-3-768x833.jpg 768w, https:\/\/www.motocultura.com.br\/home\/wp-content\/uploads\/2020\/04\/4-marcelo-3.jpg 1000w\" sizes=\"(max-width: 944px) 100vw, 944px\" \/><\/a><\/figure><\/li><li class=\"blocks-gallery-item\"><figure><a href=\"https:\/\/www.motocultura.com.br\/home\/wp-content\/uploads\/2020\/04\/5-gesser-3-944x1024.jpg\"><img decoding=\"async\" loading=\"lazy\" width=\"944\" height=\"1024\" src=\"https:\/\/www.motocultura.com.br\/home\/wp-content\/uploads\/2020\/04\/5-gesser-3-944x1024.jpg\" alt=\"\" data-id=\"3370\" data-link=\"https:\/\/www.motocultura.com.br\/home\/customizacao\/concurso-arte-pra-cabeca-votacao-capacetes\/attachment\/5-gesser-3\/\" class=\"wp-image-3370\" srcset=\"https:\/\/www.motocultura.com.br\/home\/wp-content\/uploads\/2020\/04\/5-gesser-3-944x1024.jpg 944w, https:\/\/www.motocultura.com.br\/home\/wp-content\/uploads\/2020\/04\/5-gesser-3-276x300.jpg 276w, https:\/\/www.motocultura.com.br\/home\/wp-content\/uploads\/2020\/04\/5-gesser-3-768x833.jpg 768w, https:\/\/www.motocultura.com.br\/home\/wp-content\/uploads\/2020\/04\/5-gesser-3.jpg 1000w\" sizes=\"(max-width: 944px) 100vw, 944px\" \/><\/a><\/figure><\/li><li class=\"blocks-gallery-item\"><figure><a href=\"https:\/\/www.motocultura.com.br\/home\/wp-content\/uploads\/2020\/04\/6-rodrigo-3-944x1024.jpg\"><img decoding=\"async\" loading=\"lazy\" width=\"944\" height=\"1024\" src=\"https:\/\/www.motocultura.com.br\/home\/wp-content\/uploads\/2020\/04\/6-rodrigo-3-944x1024.jpg\" alt=\"\" data-id=\"3371\" data-link=\"https:\/\/www.motocultura.com.br\/home\/customizacao\/concurso-arte-pra-cabeca-votacao-capacetes\/attachment\/6-rodrigo-3\/\" class=\"wp-image-3371\" srcset=\"https:\/\/www.motocultura.com.br\/home\/wp-content\/uploads\/2020\/04\/6-rodrigo-3-944x1024.jpg 944w, https:\/\/www.motocultura.com.br\/home\/wp-content\/uploads\/2020\/04\/6-rodrigo-3-276x300.jpg 276w, https:\/\/www.motocultura.com.br\/home\/wp-content\/uploads\/2020\/04\/6-rodrigo-3-768x833.jpg 768w, https:\/\/www.motocultura.com.br\/home\/wp-content\/uploads\/2020\/04\/6-rodrigo-3.jpg 1000w\" sizes=\"(max-width: 944px) 100vw, 944px\" \/><\/a><\/figure><\/li><li class=\"blocks-gallery-item\"><figure><a href=\"https:\/\/www.motocultura.com.br\/home\/wp-content\/uploads\/2020\/04\/7-sidney-3-944x1024.jpg\"><img decoding=\"async\" loading=\"lazy\" width=\"944\" height=\"1024\" src=\"https:\/\/www.motocultura.com.br\/home\/wp-content\/uploads\/2020\/04\/7-sidney-3-944x1024.jpg\" alt=\"\" data-id=\"3372\" data-link=\"https:\/\/www.motocultura.com.br\/home\/customizacao\/concurso-arte-pra-cabeca-votacao-capacetes\/attachment\/7-sidney-3\/\" class=\"wp-image-3372\" srcset=\"https:\/\/www.motocultura.com.br\/home\/wp-content\/uploads\/2020\/04\/7-sidney-3-944x1024.jpg 944w, https:\/\/www.motocultura.com.br\/home\/wp-content\/uploads\/2020\/04\/7-sidney-3-276x300.jpg 276w, https:\/\/www.motocultura.com.br\/home\/wp-content\/uploads\/2020\/04\/7-sidney-3-768x833.jpg 768w, https:\/\/www.motocultura.com.br\/home\/wp-content\/uploads\/2020\/04\/7-sidney-3.jpg 1000w\" sizes=\"(max-width: 944px) 100vw, 944px\" \/><\/a><\/figure><\/li><li class=\"blocks-gallery-item\"><figure><a href=\"https:\/\/www.motocultura.com.br\/home\/wp-content\/uploads\/2020\/04\/8-edu-3-944x1024.jpg\"><img decoding=\"async\" loading=\"lazy\" width=\"944\" height=\"1024\" src=\"https:\/\/www.motocultura.com.br\/home\/wp-content\/uploads\/2020\/04\/8-edu-3-944x1024.jpg\" alt=\"\" data-id=\"3374\" data-link=\"https:\/\/www.motocultura.com.br\/home\/customizacao\/concurso-arte-pra-cabeca-votacao-capacetes\/attachment\/8-edu-3\/\" class=\"wp-image-3374\" srcset=\"https:\/\/www.motocultura.com.br\/home\/wp-content\/uploads\/2020\/04\/8-edu-3-944x1024.jpg 944w, https:\/\/www.motocultura.com.br\/home\/wp-content\/uploads\/2020\/04\/8-edu-3-276x300.jpg 276w, https:\/\/www.motocultura.com.br\/home\/wp-content\/uploads\/2020\/04\/8-edu-3-768x833.jpg 768w, https:\/\/www.motocultura.com.br\/home\/wp-content\/uploads\/2020\/04\/8-edu-3.jpg 1000w\" sizes=\"(max-width: 944px) 100vw, 944px\" \/><\/a><\/figure><\/li><\/ul><\/figure>\n\n\n\n<p>[poll id=&#8221;2&#8243;]<\/p>\n\n\n\n<h3 class=\"wp-block-heading\">Conhe\u00e7a os participantes<\/h3>\n\n\n\n<h4 class=\"wp-block-heading\">Italo Balbino Costa de Medeiros<\/h4>\n\n\n\n<div class=\"wp-block-jetpack-tiled-gallery aligncenter is-style-rectangular\"><div class=\"tiled-gallery__gallery\"><div class=\"tiled-gallery__row\"><div class=\"tiled-gallery__col\"><figure class=\"tiled-gallery__item\"><img decoding=\"async\" srcset=\"https:\/\/i2.wp.com\/www.motocultura.com.br\/home\/wp-content\/uploads\/2020\/04\/italo.jpg?strip=info&#038;w=400 400w\" alt=\"\" data-height=\"400\" data-id=\"3336\" data-link=\"https:\/\/www.motocultura.com.br\/home\/customizacao\/concurso-arte-pra-cabeca-votacao-capacetes\/attachment\/italo\/\" data-url=\"https:\/\/www.motocultura.com.br\/home\/wp-content\/uploads\/2020\/04\/italo.jpg\" data-width=\"400\" src=\"https:\/\/i2.wp.com\/www.motocultura.com.br\/home\/wp-content\/uploads\/2020\/04\/italo.jpg\"\/><\/figure><\/div><div class=\"tiled-gallery__col\"><figure class=\"tiled-gallery__item\"><img decoding=\"async\" srcset=\"https:\/\/i1.wp.com\/www.motocultura.com.br\/home\/wp-content\/uploads\/2020\/04\/1-italo-1.jpg?strip=info&#038;w=600 600w,https:\/\/i1.wp.com\/www.motocultura.com.br\/home\/wp-content\/uploads\/2020\/04\/1-italo-1.jpg?strip=info&#038;w=900 900w,https:\/\/i1.wp.com\/www.motocultura.com.br\/home\/wp-content\/uploads\/2020\/04\/1-italo-1.jpg?strip=info&#038;w=1000 1000w\" alt=\"\" data-height=\"1085\" data-id=\"3337\" data-link=\"https:\/\/www.motocultura.com.br\/home\/customizacao\/concurso-arte-pra-cabeca-votacao-capacetes\/attachment\/1-italo-1\/\" data-url=\"https:\/\/www.motocultura.com.br\/home\/wp-content\/uploads\/2020\/04\/1-italo-1.jpg\" data-width=\"1000\" src=\"https:\/\/i1.wp.com\/www.motocultura.com.br\/home\/wp-content\/uploads\/2020\/04\/1-italo-1.jpg\"\/><\/figure><\/div><\/div><\/div><\/div>\n\n\n\n<p>Designer, mec\u00e2nico e customizador<br><a rel=\"noreferrer noopener\" aria-label=\"Instagram (opens in a new tab)\" href=\"https:\/\/www.instagram.com\/italobalbinoc\/?hl=pt-br\" target=\"_blank\">Instagram<\/a><\/p>\n\n\n\n<hr class=\"wp-block-separator\"\/>\n\n\n\n<h4 class=\"wp-block-heading\">Joaz Vilas Boas<\/h4>\n\n\n\n<figure class=\"wp-block-gallery columns-3 is-cropped wp-block-gallery-3 is-layout-flex\"><ul class=\"blocks-gallery-grid\"><li class=\"blocks-gallery-item\"><figure><img decoding=\"async\" loading=\"lazy\" width=\"400\" height=\"400\" src=\"https:\/\/www.motocultura.com.br\/home\/wp-content\/uploads\/2020\/04\/joao-vilas.jpg\" alt=\"\" data-id=\"3338\" data-link=\"https:\/\/www.motocultura.com.br\/home\/customizacao\/concurso-arte-pra-cabeca-votacao-capacetes\/attachment\/joao-vilas\/\" class=\"wp-image-3338\" srcset=\"https:\/\/www.motocultura.com.br\/home\/wp-content\/uploads\/2020\/04\/joao-vilas.jpg 400w, https:\/\/www.motocultura.com.br\/home\/wp-content\/uploads\/2020\/04\/joao-vilas-300x300.jpg 300w, https:\/\/www.motocultura.com.br\/home\/wp-content\/uploads\/2020\/04\/joao-vilas-150x150.jpg 150w, https:\/\/www.motocultura.com.br\/home\/wp-content\/uploads\/2020\/04\/joao-vilas-365x365.jpg 365w\" sizes=\"(max-width: 400px) 100vw, 400px\" \/><\/figure><\/li><li class=\"blocks-gallery-item\"><figure><img decoding=\"async\" loading=\"lazy\" width=\"944\" height=\"1024\" src=\"https:\/\/www.motocultura.com.br\/home\/wp-content\/uploads\/2020\/04\/2-joao-2-944x1024.jpg\" alt=\"\" data-id=\"3342\" data-full-url=\"https:\/\/www.motocultura.com.br\/home\/wp-content\/uploads\/2020\/04\/2-joao-2.jpg\" data-link=\"https:\/\/www.motocultura.com.br\/home\/customizacao\/concurso-arte-pra-cabeca-votacao-capacetes\/attachment\/2-joao-2\/\" class=\"wp-image-3342\" srcset=\"https:\/\/www.motocultura.com.br\/home\/wp-content\/uploads\/2020\/04\/2-joao-2-944x1024.jpg 944w, https:\/\/www.motocultura.com.br\/home\/wp-content\/uploads\/2020\/04\/2-joao-2-276x300.jpg 276w, https:\/\/www.motocultura.com.br\/home\/wp-content\/uploads\/2020\/04\/2-joao-2-768x833.jpg 768w, https:\/\/www.motocultura.com.br\/home\/wp-content\/uploads\/2020\/04\/2-joao-2.jpg 1000w\" sizes=\"(max-width: 944px) 100vw, 944px\" \/><\/figure><\/li><li class=\"blocks-gallery-item\"><figure><img decoding=\"async\" loading=\"lazy\" width=\"944\" height=\"1024\" src=\"https:\/\/www.motocultura.com.br\/home\/wp-content\/uploads\/2020\/04\/3-vilas-2-944x1024.jpg\" alt=\"\" data-id=\"3341\" data-link=\"https:\/\/www.motocultura.com.br\/home\/customizacao\/concurso-arte-pra-cabeca-votacao-capacetes\/attachment\/3-vilas-2\/\" class=\"wp-image-3341\" srcset=\"https:\/\/www.motocultura.com.br\/home\/wp-content\/uploads\/2020\/04\/3-vilas-2-944x1024.jpg 944w, https:\/\/www.motocultura.com.br\/home\/wp-content\/uploads\/2020\/04\/3-vilas-2-276x300.jpg 276w, https:\/\/www.motocultura.com.br\/home\/wp-content\/uploads\/2020\/04\/3-vilas-2-768x833.jpg 768w, https:\/\/www.motocultura.com.br\/home\/wp-content\/uploads\/2020\/04\/3-vilas-2.jpg 1000w\" sizes=\"(max-width: 944px) 100vw, 944px\" \/><\/figure><\/li><\/ul><\/figure>\n\n\n\n<p>Pintor e escultor especializado em aerografia com mais de 20 anos de experi\u00eancia.<br><a rel=\"noreferrer noopener\" aria-label=\" (opens in a new tab)\" href=\"https:\/\/www.instagram.com\/joaz_vilas_boas\/\" target=\"_blank\">Instagram<\/a><br><a rel=\"noreferrer noopener\" aria-label=\"Portfolio (opens in a new tab)\" href=\"https:\/\/www.behance.net\/joazvilasbfdfb\" target=\"_blank\">Portfolio<\/a><\/p>\n\n\n\n<hr class=\"wp-block-separator\"\/>\n\n\n\n<h4 class=\"wp-block-heading\">Marcelo Bertin<\/h4>\n\n\n\n<figure class=\"wp-block-gallery columns-2 is-cropped wp-block-gallery-5 is-layout-flex\"><ul class=\"blocks-gallery-grid\"><li class=\"blocks-gallery-item\"><figure><img decoding=\"async\" loading=\"lazy\" width=\"400\" height=\"400\" src=\"https:\/\/www.motocultura.com.br\/home\/wp-content\/uploads\/2020\/04\/marcelo.jpg\" alt=\"\" data-id=\"3343\" data-link=\"https:\/\/www.motocultura.com.br\/home\/customizacao\/concurso-arte-pra-cabeca-votacao-capacetes\/attachment\/marcelo\/\" class=\"wp-image-3343\" srcset=\"https:\/\/www.motocultura.com.br\/home\/wp-content\/uploads\/2020\/04\/marcelo.jpg 400w, https:\/\/www.motocultura.com.br\/home\/wp-content\/uploads\/2020\/04\/marcelo-300x300.jpg 300w, https:\/\/www.motocultura.com.br\/home\/wp-content\/uploads\/2020\/04\/marcelo-150x150.jpg 150w, https:\/\/www.motocultura.com.br\/home\/wp-content\/uploads\/2020\/04\/marcelo-365x365.jpg 365w\" sizes=\"(max-width: 400px) 100vw, 400px\" \/><\/figure><\/li><li class=\"blocks-gallery-item\"><figure><img decoding=\"async\" loading=\"lazy\" width=\"944\" height=\"1024\" src=\"https:\/\/www.motocultura.com.br\/home\/wp-content\/uploads\/2020\/04\/4-marcelo-1-944x1024.jpg\" alt=\"\" data-id=\"3344\" data-full-url=\"https:\/\/www.motocultura.com.br\/home\/wp-content\/uploads\/2020\/04\/4-marcelo-1.jpg\" data-link=\"https:\/\/www.motocultura.com.br\/home\/customizacao\/concurso-arte-pra-cabeca-votacao-capacetes\/attachment\/4-marcelo-1\/\" class=\"wp-image-3344\" srcset=\"https:\/\/www.motocultura.com.br\/home\/wp-content\/uploads\/2020\/04\/4-marcelo-1-944x1024.jpg 944w, https:\/\/www.motocultura.com.br\/home\/wp-content\/uploads\/2020\/04\/4-marcelo-1-276x300.jpg 276w, https:\/\/www.motocultura.com.br\/home\/wp-content\/uploads\/2020\/04\/4-marcelo-1-768x833.jpg 768w, https:\/\/www.motocultura.com.br\/home\/wp-content\/uploads\/2020\/04\/4-marcelo-1.jpg 1000w\" sizes=\"(max-width: 944px) 100vw, 944px\" \/><\/figure><\/li><\/ul><\/figure>\n\n\n\n<p>Designer de forma\u00e7\u00e3o que trabalha com desenvolvimento de produtos e arte h\u00e1 15 anos. Apaixonado por motos, carros cl\u00e1ssicos e de corrida e avi\u00f5es.<\/p>\n\n\n\n<hr class=\"wp-block-separator\"\/>\n\n\n\n<h4 class=\"wp-block-heading\">Rodrigo Gesser<\/h4>\n\n\n\n<figure class=\"wp-block-gallery columns-2 is-cropped wp-block-gallery-7 is-layout-flex\"><ul class=\"blocks-gallery-grid\"><li class=\"blocks-gallery-item\"><figure><img decoding=\"async\" loading=\"lazy\" width=\"400\" height=\"400\" src=\"https:\/\/www.motocultura.com.br\/home\/wp-content\/uploads\/2020\/04\/rodrigo.jpg\" alt=\"\" data-id=\"3345\" data-link=\"https:\/\/www.motocultura.com.br\/home\/customizacao\/concurso-arte-pra-cabeca-votacao-capacetes\/attachment\/rodrigo\/\" class=\"wp-image-3345\" srcset=\"https:\/\/www.motocultura.com.br\/home\/wp-content\/uploads\/2020\/04\/rodrigo.jpg 400w, https:\/\/www.motocultura.com.br\/home\/wp-content\/uploads\/2020\/04\/rodrigo-300x300.jpg 300w, https:\/\/www.motocultura.com.br\/home\/wp-content\/uploads\/2020\/04\/rodrigo-150x150.jpg 150w, https:\/\/www.motocultura.com.br\/home\/wp-content\/uploads\/2020\/04\/rodrigo-365x365.jpg 365w\" sizes=\"(max-width: 400px) 100vw, 400px\" \/><\/figure><\/li><li class=\"blocks-gallery-item\"><figure><img decoding=\"async\" loading=\"lazy\" width=\"944\" height=\"1024\" src=\"https:\/\/www.motocultura.com.br\/home\/wp-content\/uploads\/2020\/04\/5-gesser-1-944x1024.jpg\" alt=\"\" data-id=\"3346\" data-full-url=\"https:\/\/www.motocultura.com.br\/home\/wp-content\/uploads\/2020\/04\/5-gesser-1.jpg\" data-link=\"https:\/\/www.motocultura.com.br\/home\/customizacao\/concurso-arte-pra-cabeca-votacao-capacetes\/attachment\/5-gesser-1\/\" class=\"wp-image-3346\" srcset=\"https:\/\/www.motocultura.com.br\/home\/wp-content\/uploads\/2020\/04\/5-gesser-1-944x1024.jpg 944w, https:\/\/www.motocultura.com.br\/home\/wp-content\/uploads\/2020\/04\/5-gesser-1-276x300.jpg 276w, https:\/\/www.motocultura.com.br\/home\/wp-content\/uploads\/2020\/04\/5-gesser-1-768x833.jpg 768w, https:\/\/www.motocultura.com.br\/home\/wp-content\/uploads\/2020\/04\/5-gesser-1.jpg 1000w\" sizes=\"(max-width: 944px) 100vw, 944px\" \/><\/figure><\/li><\/ul><\/figure>\n\n\n\n<p>Designer, formado em Design Industrial pela UNIVALI\/SC (2004) e P\u00f3s-Graduado em Moda e Comunica\u00e7\u00e3o pelo SENAI\/BNU (2008). Trabalhou em empresas e marcas como; Havan, Colcci, Sommer, Carmelitas e Coca-Cola Clothing, Dudalina e Naguchi. Desde de 2013 \u00e9 Professor nos Cursos de Desenho e Moda do SENAI\/SC.<br><a rel=\"noreferrer noopener\" aria-label=\" (opens in a new tab)\" href=\"https:\/\/www.instagram.com\/r_gesser\/\" target=\"_blank\">Instagram<\/a><br><a rel=\"noreferrer noopener\" aria-label=\"Portfolio (opens in a new tab)\" href=\"https:\/\/www.gesser.art.br\" target=\"_blank\">Portfolio<\/a><\/p>\n\n\n\n<hr class=\"wp-block-separator\"\/>\n\n\n\n<h4 class=\"wp-block-heading\">Rodrigo de Andrade Costa<\/h4>\n\n\n\n<figure class=\"wp-block-gallery columns-2 is-cropped wp-block-gallery-9 is-layout-flex\"><ul class=\"blocks-gallery-grid\"><li class=\"blocks-gallery-item\"><figure><img decoding=\"async\" loading=\"lazy\" width=\"400\" height=\"400\" src=\"https:\/\/www.motocultura.com.br\/home\/wp-content\/uploads\/2020\/04\/rodrigo-costa.jpg\" alt=\"\" data-id=\"3347\" data-link=\"https:\/\/www.motocultura.com.br\/home\/customizacao\/concurso-arte-pra-cabeca-votacao-capacetes\/attachment\/rodrigo-costa\/\" class=\"wp-image-3347\" srcset=\"https:\/\/www.motocultura.com.br\/home\/wp-content\/uploads\/2020\/04\/rodrigo-costa.jpg 400w, https:\/\/www.motocultura.com.br\/home\/wp-content\/uploads\/2020\/04\/rodrigo-costa-300x300.jpg 300w, https:\/\/www.motocultura.com.br\/home\/wp-content\/uploads\/2020\/04\/rodrigo-costa-150x150.jpg 150w, https:\/\/www.motocultura.com.br\/home\/wp-content\/uploads\/2020\/04\/rodrigo-costa-365x365.jpg 365w\" sizes=\"(max-width: 400px) 100vw, 400px\" \/><\/figure><\/li><li class=\"blocks-gallery-item\"><figure><img decoding=\"async\" loading=\"lazy\" width=\"944\" height=\"1024\" src=\"https:\/\/www.motocultura.com.br\/home\/wp-content\/uploads\/2020\/04\/6-rodrigo-1-944x1024.jpg\" alt=\"\" data-id=\"3348\" data-full-url=\"https:\/\/www.motocultura.com.br\/home\/wp-content\/uploads\/2020\/04\/6-rodrigo-1.jpg\" data-link=\"https:\/\/www.motocultura.com.br\/home\/customizacao\/concurso-arte-pra-cabeca-votacao-capacetes\/attachment\/6-rodrigo-1\/\" class=\"wp-image-3348\" srcset=\"https:\/\/www.motocultura.com.br\/home\/wp-content\/uploads\/2020\/04\/6-rodrigo-1-944x1024.jpg 944w, https:\/\/www.motocultura.com.br\/home\/wp-content\/uploads\/2020\/04\/6-rodrigo-1-276x300.jpg 276w, https:\/\/www.motocultura.com.br\/home\/wp-content\/uploads\/2020\/04\/6-rodrigo-1-768x833.jpg 768w, https:\/\/www.motocultura.com.br\/home\/wp-content\/uploads\/2020\/04\/6-rodrigo-1.jpg 1000w\" sizes=\"(max-width: 944px) 100vw, 944px\" \/><\/figure><\/li><\/ul><\/figure>\n\n\n\n<hr class=\"wp-block-separator\"\/>\n\n\n\n<p>J\u00e1 trabalhou como colorista automotivo, preparador de autos e grafite. Sempre gostou de desenhar. Desde 2018 trabalha com customiza\u00e7\u00e3o.<br><a href=\"https:\/\/www.instagram.com\/dgartcustom\" target=\"_blank\" rel=\"noreferrer noopener\" aria-label=\"Instagram (opens in a new tab)\">Instagram<\/a><\/p>\n\n\n\n<hr class=\"wp-block-separator\"\/>\n\n\n\n<h4 class=\"wp-block-heading\">Sidney Junio<\/h4>\n\n\n\n<figure class=\"wp-block-gallery columns-2 is-cropped wp-block-gallery-11 is-layout-flex\"><ul class=\"blocks-gallery-grid\"><li class=\"blocks-gallery-item\"><figure><img decoding=\"async\" loading=\"lazy\" width=\"400\" height=\"400\" src=\"https:\/\/www.motocultura.com.br\/home\/wp-content\/uploads\/2020\/04\/sidney.jpg\" alt=\"\" data-id=\"3349\" data-link=\"https:\/\/www.motocultura.com.br\/home\/customizacao\/concurso-arte-pra-cabeca-votacao-capacetes\/attachment\/sidney\/\" class=\"wp-image-3349\" srcset=\"https:\/\/www.motocultura.com.br\/home\/wp-content\/uploads\/2020\/04\/sidney.jpg 400w, https:\/\/www.motocultura.com.br\/home\/wp-content\/uploads\/2020\/04\/sidney-300x300.jpg 300w, https:\/\/www.motocultura.com.br\/home\/wp-content\/uploads\/2020\/04\/sidney-150x150.jpg 150w, https:\/\/www.motocultura.com.br\/home\/wp-content\/uploads\/2020\/04\/sidney-365x365.jpg 365w\" sizes=\"(max-width: 400px) 100vw, 400px\" \/><\/figure><\/li><li class=\"blocks-gallery-item\"><figure><img decoding=\"async\" loading=\"lazy\" width=\"944\" height=\"1024\" src=\"https:\/\/www.motocultura.com.br\/home\/wp-content\/uploads\/2020\/04\/7-sidney-1-944x1024.jpg\" alt=\"\" data-id=\"3350\" data-full-url=\"https:\/\/www.motocultura.com.br\/home\/wp-content\/uploads\/2020\/04\/7-sidney-1.jpg\" data-link=\"https:\/\/www.motocultura.com.br\/home\/customizacao\/concurso-arte-pra-cabeca-votacao-capacetes\/attachment\/7-sidney-1\/\" class=\"wp-image-3350\" srcset=\"https:\/\/www.motocultura.com.br\/home\/wp-content\/uploads\/2020\/04\/7-sidney-1-944x1024.jpg 944w, https:\/\/www.motocultura.com.br\/home\/wp-content\/uploads\/2020\/04\/7-sidney-1-276x300.jpg 276w, https:\/\/www.motocultura.com.br\/home\/wp-content\/uploads\/2020\/04\/7-sidney-1-768x833.jpg 768w, https:\/\/www.motocultura.com.br\/home\/wp-content\/uploads\/2020\/04\/7-sidney-1.jpg 1000w\" sizes=\"(max-width: 944px) 100vw, 944px\" \/><\/figure><\/li><\/ul><\/figure>\n\n\n\n<p>Mineiro de BH apaixonado por arte, moto, skate e surf. Procura um espa\u00e7o pra mostrar sua arte.<br><a rel=\"noreferrer noopener\" aria-label=\"Instagram (opens in a new tab)\" href=\"https:\/\/instagram.com\/sidney_junnio?igshid=1mggh743jryoj\" target=\"_blank\">Instagram<\/a><\/p>\n\n\n\n<hr class=\"wp-block-separator\"\/>\n\n\n\n<h4 class=\"wp-block-heading\">Eduardo Nogueira Jr<\/h4>\n\n\n\n<figure class=\"wp-block-gallery columns-2 is-cropped wp-block-gallery-13 is-layout-flex\"><ul class=\"blocks-gallery-grid\"><li class=\"blocks-gallery-item\"><figure><img decoding=\"async\" loading=\"lazy\" width=\"400\" height=\"400\" src=\"https:\/\/www.motocultura.com.br\/home\/wp-content\/uploads\/2020\/04\/edu.jpg\" alt=\"\" data-id=\"3351\" data-link=\"https:\/\/www.motocultura.com.br\/home\/customizacao\/concurso-arte-pra-cabeca-votacao-capacetes\/attachment\/edu\/\" class=\"wp-image-3351\" srcset=\"https:\/\/www.motocultura.com.br\/home\/wp-content\/uploads\/2020\/04\/edu.jpg 400w, https:\/\/www.motocultura.com.br\/home\/wp-content\/uploads\/2020\/04\/edu-300x300.jpg 300w, https:\/\/www.motocultura.com.br\/home\/wp-content\/uploads\/2020\/04\/edu-150x150.jpg 150w, https:\/\/www.motocultura.com.br\/home\/wp-content\/uploads\/2020\/04\/edu-365x365.jpg 365w\" sizes=\"(max-width: 400px) 100vw, 400px\" \/><\/figure><\/li><li class=\"blocks-gallery-item\"><figure><img decoding=\"async\" loading=\"lazy\" width=\"944\" height=\"1024\" src=\"https:\/\/www.motocultura.com.br\/home\/wp-content\/uploads\/2020\/04\/8-edu-1-944x1024.jpg\" alt=\"\" data-id=\"3352\" data-full-url=\"https:\/\/www.motocultura.com.br\/home\/wp-content\/uploads\/2020\/04\/8-edu-1.jpg\" data-link=\"https:\/\/www.motocultura.com.br\/home\/customizacao\/concurso-arte-pra-cabeca-votacao-capacetes\/attachment\/8-edu-1\/\" class=\"wp-image-3352\" srcset=\"https:\/\/www.motocultura.com.br\/home\/wp-content\/uploads\/2020\/04\/8-edu-1-944x1024.jpg 944w, https:\/\/www.motocultura.com.br\/home\/wp-content\/uploads\/2020\/04\/8-edu-1-276x300.jpg 276w, https:\/\/www.motocultura.com.br\/home\/wp-content\/uploads\/2020\/04\/8-edu-1-768x833.jpg 768w, https:\/\/www.motocultura.com.br\/home\/wp-content\/uploads\/2020\/04\/8-edu-1.jpg 1000w\" sizes=\"(max-width: 944px) 100vw, 944px\" \/><\/figure><\/li><\/ul><\/figure>\n\n\n\n<p>Engenheiro, 54 anos, artista amador, pintor amador com aerografo. Motociclista, jipeiro e amante dos g\u00eaneros musicais blues e rock.<br><a href=\"https:\/\/www.facebook.com\/edubluesaerografia\/\" target=\"_blank\" rel=\"noreferrer noopener\" aria-label=\"P\u00e1gina (opens in a new tab)\">P\u00e1gina<\/a><\/p>\n\n\n\n<hr class=\"wp-block-separator\"\/>\n","protected":false},"excerpt":{"rendered":"<p>Chegou a hora de conhecer os participantes e deixar os leitores escolherem o capacete mais bacana. D\u00ea uma olhada nas artes de capacete enviadas, escolha a que achar mais legal e d\u00ea seu voto. H\u00e1 um tempinho atr\u00e1s, juntamente com o Custom Lab, propomos uma brincadeira aos leitores, entusiastas e artistas (veja aqui). Como a [&hellip;]<\/p>\n","protected":false},"author":1,"featured_media":3329,"comment_status":"open","ping_status":"open","sticky":false,"template":"","format":"standard","meta":[],"categories":[5,6],"tags":[240,75,158,85,343],"jetpack_featured_media_url":"https:\/\/www.motocultura.com.br\/home\/wp-content\/uploads\/2020\/03\/chama-votacao.jpg","jetpack-related-posts":[{"id":3492,"url":"https:\/\/www.motocultura.com.br\/home\/concurso-arte-pra-cabeca-ganhadores\/","url_meta":{"origin":3150,"position":0},"title":"Concurso Arte pra Cabe\u00e7a &#8211; Ganhadores","author":"Guilhes Damian","date":"5 de maio de 2020","format":false,"excerpt":"Motocultura e Customlab promoveram uma brincadeira h\u00e1 um tempo atr\u00e1s propondo que artistas e entusiastas fizessem uma arte bacana para aplicar em um capacete de motocicleta. As inscri\u00e7\u00f5es acabaram sendo um pouco t\u00edmidas mas, mesmo assim, o p\u00fablico e leitores de Motocultura puderam votar e escolher seu favorito. Conhe\u00e7a o\u2026","rel":"","context":"Em &quot;CUSTOMIZA\u00c7\u00c3O&quot;","block_context":{"text":"CUSTOMIZA\u00c7\u00c3O","link":"https:\/\/www.motocultura.com.br\/home\/category\/customizacao\/"},"img":{"alt_text":"","src":"https:\/\/i0.wp.com\/www.motocultura.com.br\/home\/wp-content\/uploads\/2020\/05\/vencedor.jpg?resize=350%2C200&ssl=1","width":350,"height":200,"srcset":"https:\/\/i0.wp.com\/www.motocultura.com.br\/home\/wp-content\/uploads\/2020\/05\/vencedor.jpg?resize=350%2C200&ssl=1 1x, https:\/\/i0.wp.com\/www.motocultura.com.br\/home\/wp-content\/uploads\/2020\/05\/vencedor.jpg?resize=700%2C400&ssl=1 2x"},"classes":[]},{"id":3184,"url":"https:\/\/www.motocultura.com.br\/home\/concurso-de-customizacao-de-capacete-arte-pra-cabeca\/","url_meta":{"origin":3150,"position":1},"title":"Concurso de customiza\u00e7\u00e3o de capacete Arte Pra Cabe\u00e7a","author":"Guilhes Damian","date":"30 de mar\u00e7o de 2020","format":false,"excerpt":"Voc\u00ea que \u00e9 customizador, ilustrador, pintor ou mesmo entusiasta, que tal manter a mente e as m\u00e3os trabalhando e divulgar seu trabalho para o seu p\u00fablico? Ent\u00e3o a hora \u00e9 agora. Motocultura e Custom Lab uniram-se para convocarem a todos a mostrarem seu talento. Pra participar \u00e9 super simples. Disponibilizamos\u2026","rel":"","context":"Em &quot;CUSTOMIZA\u00c7\u00c3O&quot;","block_context":{"text":"CUSTOMIZA\u00c7\u00c3O","link":"https:\/\/www.motocultura.com.br\/home\/category\/customizacao\/"},"img":{"alt_text":"","src":"https:\/\/i0.wp.com\/www.motocultura.com.br\/home\/wp-content\/uploads\/2020\/03\/abre-materia-capacetes.jpg?resize=350%2C200&ssl=1","width":350,"height":200,"srcset":"https:\/\/i0.wp.com\/www.motocultura.com.br\/home\/wp-content\/uploads\/2020\/03\/abre-materia-capacetes.jpg?resize=350%2C200&ssl=1 1x, https:\/\/i0.wp.com\/www.motocultura.com.br\/home\/wp-content\/uploads\/2020\/03\/abre-materia-capacetes.jpg?resize=700%2C400&ssl=1 2x"},"classes":[]},{"id":1668,"url":"https:\/\/www.motocultura.com.br\/home\/ducati-scrambler-dos-sonhos-os-desenhos-vencedores\/","url_meta":{"origin":3150,"position":2},"title":"Ducati Scrambler dos sonhos: os desenhos vencedores","author":"Guilhes Damian","date":"16 de novembro de 2017","format":false,"excerpt":"Em paralelo ao Concurso Moto Customizada do Ano Motocultura, em 2017, com o grande apoio da Ducati, e por sugest\u00e3o da pr\u00f3pria, lan\u00e7amos um concurso de grafismo para a Ducati Scrambler. Foram tr\u00eas meses nos quais qualquer pessoa poderia enviar uma sugest\u00e3o de grafismo para a reedi\u00e7\u00e3o moderna da cl\u00e1ssica\u2026","rel":"","context":"Em &quot;CUSTOMIZA\u00c7\u00c3O&quot;","block_context":{"text":"CUSTOMIZA\u00c7\u00c3O","link":"https:\/\/www.motocultura.com.br\/home\/category\/customizacao\/"},"img":{"alt_text":"","src":"https:\/\/i0.wp.com\/www.motocultura.com.br\/home\/wp-content\/uploads\/2017\/11\/vencedora.png?resize=350%2C200&ssl=1","width":350,"height":200},"classes":[]},{"id":3503,"url":"https:\/\/www.motocultura.com.br\/home\/rifa-e-acao-beneficente-motocultura-15-premios-e-15-chances-de-ganhar\/","url_meta":{"origin":3150,"position":3},"title":"Rifa e A\u00e7\u00e3o Beneficente Motocultura &#8211; 15 pr\u00eamios e 15 chances de ganhar","author":"Guilhes Damian","date":"27 de maio de 2020","format":false,"excerpt":"Temos vivido tempos dif\u00edceis, consequ\u00eancia da crise de sa\u00fade que tomou conta n\u00e3o s\u00f3 do Brasil mas tamb\u00e9m de todo o mundo. Pensando nisso, Motocultura reuniu parceiros, no melhor sentido da palavra, dispostos a fazer uma boa a\u00e7\u00e3o conjunta e auxiliar a quem mais precisa neste momento. Juntos, conseguimos 15\u2026","rel":"","context":"Em &quot;MOTOCICLETAS&quot;","block_context":{"text":"MOTOCICLETAS","link":"https:\/\/www.motocultura.com.br\/home\/category\/motocicletas\/"},"img":{"alt_text":"","src":"https:\/\/i0.wp.com\/www.motocultura.com.br\/home\/wp-content\/uploads\/2020\/05\/chamada-site.jpg?resize=350%2C200&ssl=1","width":350,"height":200,"srcset":"https:\/\/i0.wp.com\/www.motocultura.com.br\/home\/wp-content\/uploads\/2020\/05\/chamada-site.jpg?resize=350%2C200&ssl=1 1x, https:\/\/i0.wp.com\/www.motocultura.com.br\/home\/wp-content\/uploads\/2020\/05\/chamada-site.jpg?resize=700%2C400&ssl=1 2x"},"classes":[]},{"id":1386,"url":"https:\/\/www.motocultura.com.br\/home\/concurso-de-grafismo-a-sua-ducati-dos-sonhos\/","url_meta":{"origin":3150,"position":4},"title":"Concurso de grafismo A Sua Ducati dos Sonhos","author":"Motocultura","date":"13 de julho de 2017","format":false,"excerpt":"Motocultura em parceria com a Ducati Campinas lan\u00e7a um concurso incr\u00edvel! Desenhe um grafismo para a Ducati Scrambler e tenha a chance de levar para casa um capacete inspirado no grafismo que voc\u00ea desenhou, um pr\u00eamio surpresa e, se for escolhido o melhor de todos, assinar o grafismo de uma\u2026","rel":"","context":"Em &quot;CULTURA&quot;","block_context":{"text":"CULTURA","link":"https:\/\/www.motocultura.com.br\/home\/category\/cultura\/"},"img":{"alt_text":"","src":"https:\/\/i0.wp.com\/www.motocultura.com.br\/home\/wp-content\/uploads\/2017\/07\/imagem-de-divulgacao-grafis.png?resize=350%2C200&ssl=1","width":350,"height":200,"srcset":"https:\/\/i0.wp.com\/www.motocultura.com.br\/home\/wp-content\/uploads\/2017\/07\/imagem-de-divulgacao-grafis.png?resize=350%2C200&ssl=1 1x, https:\/\/i0.wp.com\/www.motocultura.com.br\/home\/wp-content\/uploads\/2017\/07\/imagem-de-divulgacao-grafis.png?resize=700%2C400&ssl=1 2x"},"classes":[]},{"id":3709,"url":"https:\/\/www.motocultura.com.br\/home\/concurso-nacional-de-customizacao-motocultura\/","url_meta":{"origin":3150,"position":5},"title":"Concurso nacional de customiza\u00e7\u00e3o Motocultura","author":"Guilhes Damian","date":"23 de julho de 2020","format":false,"excerpt":"Motocultura tem como um de seus pilares, desde o in\u00edcio, promover e divulgar o trabalho de profissionais da customiza\u00e7\u00e3o no pa\u00eds. Mas, al\u00e9m disso, a ideia \u00e9 dar espa\u00e7o e visibilidade principalmente para as novas gera\u00e7\u00f5es e novos talentos do meio. Uma das iniciativas neste sentido \u00e9 o Concurso de\u2026","rel":"","context":"Em &quot;CUSTOMIZA\u00c7\u00c3O&quot;","block_context":{"text":"CUSTOMIZA\u00c7\u00c3O","link":"https:\/\/www.motocultura.com.br\/home\/category\/customizacao\/"},"img":{"alt_text":"","src":"https:\/\/i0.wp.com\/www.motocultura.com.br\/home\/wp-content\/uploads\/2020\/07\/chamada-concurso.jpg?resize=350%2C200&ssl=1","width":350,"height":200,"srcset":"https:\/\/i0.wp.com\/www.motocultura.com.br\/home\/wp-content\/uploads\/2020\/07\/chamada-concurso.jpg?resize=350%2C200&ssl=1 1x, https:\/\/i0.wp.com\/www.motocultura.com.br\/home\/wp-content\/uploads\/2020\/07\/chamada-concurso.jpg?resize=700%2C400&ssl=1 2x"},"classes":[]}],"jetpack_sharing_enabled":true,"_links":{"self":[{"href":"https:\/\/www.motocultura.com.br\/home\/wp-json\/wp\/v2\/posts\/3150"}],"collection":[{"href":"https:\/\/www.motocultura.com.br\/home\/wp-json\/wp\/v2\/posts"}],"about":[{"href":"https:\/\/www.motocultura.com.br\/home\/wp-json\/wp\/v2\/types\/post"}],"author":[{"embeddable":true,"href":"https:\/\/www.motocultura.com.br\/home\/wp-json\/wp\/v2\/users\/1"}],"replies":[{"embeddable":true,"href":"https:\/\/www.motocultura.com.br\/home\/wp-json\/wp\/v2\/comments?post=3150"}],"version-history":[{"count":0,"href":"https:\/\/www.motocultura.com.br\/home\/wp-json\/wp\/v2\/posts\/3150\/revisions"}],"wp:featuredmedia":[{"embeddable":true,"href":"https:\/\/www.motocultura.com.br\/home\/wp-json\/wp\/v2\/media\/3329"}],"wp:attachment":[{"href":"https:\/\/www.motocultura.com.br\/home\/wp-json\/wp\/v2\/media?parent=3150"}],"wp:term":[{"taxonomy":"category","embeddable":true,"href":"https:\/\/www.motocultura.com.br\/home\/wp-json\/wp\/v2\/categories?post=3150"},{"taxonomy":"post_tag","embeddable":true,"href":"https:\/\/www.motocultura.com.br\/home\/wp-json\/wp\/v2\/tags?post=3150"}],"curies":[{"name":"wp","href":"https:\/\/api.w.org\/{rel}","templated":true}]}}