{"id":3492,"date":"2020-05-05T19:36:17","date_gmt":"2020-05-05T22:36:17","guid":{"rendered":"https:\/\/www.motocultura.com.br\/home\/?p=3492"},"modified":"2020-05-05T19:36:26","modified_gmt":"2020-05-05T22:36:26","slug":"concurso-arte-pra-cabeca-ganhadores","status":"publish","type":"post","link":"https:\/\/www.motocultura.com.br\/home\/concurso-arte-pra-cabeca-ganhadores\/","title":{"rendered":"Concurso Arte pra Cabe\u00e7a &#8211; Ganhadores"},"content":{"rendered":"\n<p>Motocultura e <a rel=\"noreferrer noopener\" aria-label=\"Customlab (abre numa nova aba)\" href=\"https:\/\/www.customlab.com.br\/\" target=\"_blank\"><strong>Customlab<\/strong><\/a> promoveram uma brincadeira h\u00e1 um tempo atr\u00e1s propondo que artistas e entusiastas fizessem uma arte bacana para aplicar em um capacete de motocicleta. As inscri\u00e7\u00f5es acabaram sendo um pouco t\u00edmidas mas, mesmo assim, o p\u00fablico e leitores de Motocultura puderam votar  e escolher seu favorito. Conhe\u00e7a o ganhador!<\/p>\n\n\n\n<!--more-->\n\n\n\n<h3 class=\"wp-block-heading\">O capacete escolhido pelo p\u00fablico<\/h3>\n\n\n\n<figure class=\"wp-block-image size-large\"><img decoding=\"async\" loading=\"lazy\" width=\"944\" height=\"867\" src=\"https:\/\/www.motocultura.com.br\/home\/wp-content\/uploads\/2020\/05\/trabalho-rodrigo.jpg\" alt=\"\" class=\"wp-image-3494\" srcset=\"https:\/\/www.motocultura.com.br\/home\/wp-content\/uploads\/2020\/05\/trabalho-rodrigo.jpg 944w, https:\/\/www.motocultura.com.br\/home\/wp-content\/uploads\/2020\/05\/trabalho-rodrigo-300x276.jpg 300w, https:\/\/www.motocultura.com.br\/home\/wp-content\/uploads\/2020\/05\/trabalho-rodrigo-768x705.jpg 768w\" sizes=\"(max-width: 944px) 100vw, 944px\" \/><\/figure>\n\n\n\n<p>O trabalho com mais votos dos leitores foi o trabalho do customizador  <strong>Rodrigo de Andrade Costa<\/strong> que j\u00e1 trabalhou como colorista automotivo, preparador e tamb\u00e9m com grafite. Trabalha na \u00e1rea de personaliza\u00e7\u00e3o desde 2008. Voc\u00ea pode dar mais um olhada no trabalho dele e entrar em contato nos links abaixo:<\/p>\n\n\n\n<p><strong>Rodrigo de Andrade Costa<\/strong><br>dgartcustom@gmail.com<br><a rel=\"noreferrer noopener\" aria-label=\" (abre numa nova aba)\" href=\"https:\/\/www.instagram.com\/dgartcustom\" target=\"_blank\">Instagram<\/a><br><a href=\"https:\/\/www.facebook.com\/dgartcustom\" target=\"_blank\" rel=\"noreferrer noopener\" aria-label=\"Facebook (abre numa nova aba)\">Facebook<\/a><\/p>\n\n\n\n<h3 class=\"wp-block-heading\">O capacete escolhido pela equipe de Motocultura<\/h3>\n\n\n\n<figure class=\"wp-block-image size-large\"><img decoding=\"async\" loading=\"lazy\" width=\"581\" height=\"581\" src=\"https:\/\/www.motocultura.com.br\/home\/wp-content\/uploads\/2020\/05\/capacete-joao.jpg\" alt=\"\" class=\"wp-image-3499\" srcset=\"https:\/\/www.motocultura.com.br\/home\/wp-content\/uploads\/2020\/05\/capacete-joao.jpg 581w, https:\/\/www.motocultura.com.br\/home\/wp-content\/uploads\/2020\/05\/capacete-joao-300x300.jpg 300w, https:\/\/www.motocultura.com.br\/home\/wp-content\/uploads\/2020\/05\/capacete-joao-150x150.jpg 150w, https:\/\/www.motocultura.com.br\/home\/wp-content\/uploads\/2020\/05\/capacete-joao-365x365.jpg 365w, https:\/\/www.motocultura.com.br\/home\/wp-content\/uploads\/2020\/05\/capacete-joao-500x500.jpg 500w\" sizes=\"(max-width: 581px) 100vw, 581px\" \/><\/figure>\n\n\n\n<p>A gente aqui tamb\u00e9m elegeu, por unanimidade, nosso favorito. <strong>Jo\u00e3o Villas Boas<\/strong> enviou dois trabalhos impec\u00e1veis na execu\u00e7\u00e3o e que fogem um pouco do lugar comum da customiza\u00e7\u00e3o de capacetes. Vale muito a pena dar uma conferida no trabalho dele. \u00c9 pintor e escultor especializado em aerografia com mais de 20 anos de experi\u00eancia. Veja mais do trabalho abaixo:<\/p>\n\n\n\n<p><strong>Jo\u00e3o Villas Boas<\/strong><br>j.vilas.boas@hotmail.com<br><a rel=\"noreferrer noopener\" aria-label=\" (abre numa nova aba)\" href=\"https:\/\/www.instagram.com\/joaz_vilas_boas\/\" target=\"_blank\">Instagram<\/a><br><a rel=\"noreferrer noopener\" aria-label=\" (abre numa nova aba)\" href=\"https:\/\/www.behance.net\/joazvilasbfdfb\" target=\"_blank\">Behance<\/a><\/p>\n\n\n\n<h3 class=\"wp-block-heading\">Men\u00e7\u00e3o honrosa<\/h3>\n\n\n\n<figure class=\"wp-block-image size-large\"><img decoding=\"async\" loading=\"lazy\" width=\"575\" height=\"575\" src=\"https:\/\/www.motocultura.com.br\/home\/wp-content\/uploads\/2020\/05\/mafe.jpg\" alt=\"\" class=\"wp-image-3495\" srcset=\"https:\/\/www.motocultura.com.br\/home\/wp-content\/uploads\/2020\/05\/mafe.jpg 575w, https:\/\/www.motocultura.com.br\/home\/wp-content\/uploads\/2020\/05\/mafe-300x300.jpg 300w, https:\/\/www.motocultura.com.br\/home\/wp-content\/uploads\/2020\/05\/mafe-150x150.jpg 150w, https:\/\/www.motocultura.com.br\/home\/wp-content\/uploads\/2020\/05\/mafe-365x365.jpg 365w, https:\/\/www.motocultura.com.br\/home\/wp-content\/uploads\/2020\/05\/mafe-500x500.jpg 500w\" sizes=\"(max-width: 575px) 100vw, 575px\" \/><\/figure>\n\n\n\n<p>A pequena  <strong>Maria Fernanda<\/strong>, a Maf\u00ea, de 14 anos, enviou um trabalho muito bacana. Uma reprodu\u00e7\u00e3o muito bem feita,  aplicada no capacete, aparentemente \u00e0 l\u00e1pis de cor, da famosa obra <em>A Grande Onda de Kanagawa<\/em> do artista japon\u00eas Katsushika Hokusai.<br>Ela desenha desde pequena e sempre gostou de desenhar. Diz que ainda tem muito o que melhorar e sabe que o esfor\u00e7o e o tempo v\u00e3o fazer o trabalho dela ainda melhor. O tema ela escolheu por que gosta muito da cultura japonesa.<\/p>\n\n\n\n<figure class=\"wp-block-image size-large\"><img decoding=\"async\" loading=\"lazy\" width=\"1024\" height=\"701\" src=\"https:\/\/www.motocultura.com.br\/home\/wp-content\/uploads\/2020\/05\/1280px-Great_Wave_off_Kanagawa2-1024x701.jpg\" alt=\"\" class=\"wp-image-3496\" srcset=\"https:\/\/www.motocultura.com.br\/home\/wp-content\/uploads\/2020\/05\/1280px-Great_Wave_off_Kanagawa2-1024x701.jpg 1024w, https:\/\/www.motocultura.com.br\/home\/wp-content\/uploads\/2020\/05\/1280px-Great_Wave_off_Kanagawa2-300x205.jpg 300w, https:\/\/www.motocultura.com.br\/home\/wp-content\/uploads\/2020\/05\/1280px-Great_Wave_off_Kanagawa2-768x526.jpg 768w, https:\/\/www.motocultura.com.br\/home\/wp-content\/uploads\/2020\/05\/1280px-Great_Wave_off_Kanagawa2.jpg 1280w\" sizes=\"(max-width: 1024px) 100vw, 1024px\" \/><figcaption>O obra original que inspirou Maf\u00ea a participar<\/figcaption><\/figure>\n\n\n\n<p>A gente agradece demais a todos que investiram tempo e esfor\u00e7o pra enviarem seus trabalhos e esperamos que isso tenha ajuda a manter a cabe\u00e7a ocupada e s\u00e3 nesse tempo pelo qual estamos todos passando. Parab\u00e9ns e obrigado a todos!<\/p>\n","protected":false},"excerpt":{"rendered":"<p>Motocultura e Customlab promoveram uma brincadeira h\u00e1 um tempo atr\u00e1s propondo que artistas e entusiastas fizessem uma arte bacana para aplicar em um capacete de motocicleta. As inscri\u00e7\u00f5es acabaram sendo um pouco t\u00edmidas mas, mesmo assim, o p\u00fablico e leitores de Motocultura puderam votar e escolher seu favorito. Conhe\u00e7a o ganhador!<\/p>\n","protected":false},"author":2,"featured_media":3500,"comment_status":"open","ping_status":"open","sticky":false,"template":"","format":"standard","meta":[],"categories":[5],"tags":[240,383,342,75,85,63,382],"jetpack_featured_media_url":"https:\/\/www.motocultura.com.br\/home\/wp-content\/uploads\/2020\/05\/vencedor.jpg","jetpack-related-posts":[{"id":3184,"url":"https:\/\/www.motocultura.com.br\/home\/concurso-de-customizacao-de-capacete-arte-pra-cabeca\/","url_meta":{"origin":3492,"position":0},"title":"Concurso de customiza\u00e7\u00e3o de capacete Arte Pra Cabe\u00e7a","author":"Guilhes Damian","date":"30 de mar\u00e7o de 2020","format":false,"excerpt":"Voc\u00ea que \u00e9 customizador, ilustrador, pintor ou mesmo entusiasta, que tal manter a mente e as m\u00e3os trabalhando e divulgar seu trabalho para o seu p\u00fablico? Ent\u00e3o a hora \u00e9 agora. Motocultura e Custom Lab uniram-se para convocarem a todos a mostrarem seu talento. Pra participar \u00e9 super simples. Disponibilizamos\u2026","rel":"","context":"Em &quot;CUSTOMIZA\u00c7\u00c3O&quot;","block_context":{"text":"CUSTOMIZA\u00c7\u00c3O","link":"https:\/\/www.motocultura.com.br\/home\/category\/customizacao\/"},"img":{"alt_text":"","src":"https:\/\/i0.wp.com\/www.motocultura.com.br\/home\/wp-content\/uploads\/2020\/03\/abre-materia-capacetes.jpg?resize=350%2C200&ssl=1","width":350,"height":200,"srcset":"https:\/\/i0.wp.com\/www.motocultura.com.br\/home\/wp-content\/uploads\/2020\/03\/abre-materia-capacetes.jpg?resize=350%2C200&ssl=1 1x, https:\/\/i0.wp.com\/www.motocultura.com.br\/home\/wp-content\/uploads\/2020\/03\/abre-materia-capacetes.jpg?resize=700%2C400&ssl=1 2x"},"classes":[]},{"id":3150,"url":"https:\/\/www.motocultura.com.br\/home\/concurso-arte-pra-cabeca-votacao-capacetes\/","url_meta":{"origin":3492,"position":1},"title":"Concurso Arte Pra Cabe\u00e7a &#8211; Vota\u00e7\u00e3o","author":"Motocultura","date":"16 de abril de 2020","format":false,"excerpt":"Chegou a hora de conhecer os participantes e deixar os leitores escolherem o capacete mais bacana. D\u00ea uma olhada nas artes de capacete enviadas, escolha a que achar mais legal e d\u00ea seu voto. H\u00e1 um tempinho atr\u00e1s, juntamente com o Custom Lab, propomos uma brincadeira aos leitores, entusiastas e\u2026","rel":"","context":"Em &quot;CUSTOMIZA\u00c7\u00c3O&quot;","block_context":{"text":"CUSTOMIZA\u00c7\u00c3O","link":"https:\/\/www.motocultura.com.br\/home\/category\/customizacao\/"},"img":{"alt_text":"","src":"https:\/\/i0.wp.com\/www.motocultura.com.br\/home\/wp-content\/uploads\/2020\/03\/chama-votacao.jpg?resize=350%2C200&ssl=1","width":350,"height":200,"srcset":"https:\/\/i0.wp.com\/www.motocultura.com.br\/home\/wp-content\/uploads\/2020\/03\/chama-votacao.jpg?resize=350%2C200&ssl=1 1x, https:\/\/i0.wp.com\/www.motocultura.com.br\/home\/wp-content\/uploads\/2020\/03\/chama-votacao.jpg?resize=700%2C400&ssl=1 2x"},"classes":[]},{"id":1668,"url":"https:\/\/www.motocultura.com.br\/home\/ducati-scrambler-dos-sonhos-os-desenhos-vencedores\/","url_meta":{"origin":3492,"position":2},"title":"Ducati Scrambler dos sonhos: os desenhos vencedores","author":"Guilhes Damian","date":"16 de novembro de 2017","format":false,"excerpt":"Em paralelo ao Concurso Moto Customizada do Ano Motocultura, em 2017, com o grande apoio da Ducati, e por sugest\u00e3o da pr\u00f3pria, lan\u00e7amos um concurso de grafismo para a Ducati Scrambler. Foram tr\u00eas meses nos quais qualquer pessoa poderia enviar uma sugest\u00e3o de grafismo para a reedi\u00e7\u00e3o moderna da cl\u00e1ssica\u2026","rel":"","context":"Em &quot;CUSTOMIZA\u00c7\u00c3O&quot;","block_context":{"text":"CUSTOMIZA\u00c7\u00c3O","link":"https:\/\/www.motocultura.com.br\/home\/category\/customizacao\/"},"img":{"alt_text":"","src":"https:\/\/i0.wp.com\/www.motocultura.com.br\/home\/wp-content\/uploads\/2017\/11\/vencedora.png?resize=350%2C200&ssl=1","width":350,"height":200},"classes":[]},{"id":2986,"url":"https:\/\/www.motocultura.com.br\/home\/capacete-customizado-motocultura-pamela-reis-papeel\/","url_meta":{"origin":3492,"position":3},"title":"Capacete Customizado Motocultura Pamela Reis Papeel","author":"Guilhes Damian","date":"27 de fevereiro de 2020","format":false,"excerpt":"Customiza\u00e7\u00e3o j\u00e1 h\u00e1 muito tempo \u00e9 algo que n\u00e3o fica s\u00f3 nas motocicletas. E uma das coisas mais procuradas pelos entusiastas das duas rodas \u00e9 justamente os capacetes personalizados. Depois da moto, o capacete \u00e9 o objeto que mais carrega a personalidade do dono. E foi com essa inten\u00e7\u00e3o que\u2026","rel":"","context":"Em &quot;CUSTOMIZA\u00c7\u00c3O&quot;","block_context":{"text":"CUSTOMIZA\u00c7\u00c3O","link":"https:\/\/www.motocultura.com.br\/home\/category\/customizacao\/"},"img":{"alt_text":"","src":"https:\/\/i0.wp.com\/www.motocultura.com.br\/home\/wp-content\/uploads\/2020\/02\/abre-papeel.jpg?resize=350%2C200&ssl=1","width":350,"height":200},"classes":[]},{"id":3709,"url":"https:\/\/www.motocultura.com.br\/home\/concurso-nacional-de-customizacao-motocultura\/","url_meta":{"origin":3492,"position":4},"title":"Concurso nacional de customiza\u00e7\u00e3o Motocultura","author":"Guilhes Damian","date":"23 de julho de 2020","format":false,"excerpt":"Motocultura tem como um de seus pilares, desde o in\u00edcio, promover e divulgar o trabalho de profissionais da customiza\u00e7\u00e3o no pa\u00eds. Mas, al\u00e9m disso, a ideia \u00e9 dar espa\u00e7o e visibilidade principalmente para as novas gera\u00e7\u00f5es e novos talentos do meio. Uma das iniciativas neste sentido \u00e9 o Concurso de\u2026","rel":"","context":"Em &quot;CUSTOMIZA\u00c7\u00c3O&quot;","block_context":{"text":"CUSTOMIZA\u00c7\u00c3O","link":"https:\/\/www.motocultura.com.br\/home\/category\/customizacao\/"},"img":{"alt_text":"","src":"https:\/\/i0.wp.com\/www.motocultura.com.br\/home\/wp-content\/uploads\/2020\/07\/chamada-concurso.jpg?resize=350%2C200&ssl=1","width":350,"height":200,"srcset":"https:\/\/i0.wp.com\/www.motocultura.com.br\/home\/wp-content\/uploads\/2020\/07\/chamada-concurso.jpg?resize=350%2C200&ssl=1 1x, https:\/\/i0.wp.com\/www.motocultura.com.br\/home\/wp-content\/uploads\/2020\/07\/chamada-concurso.jpg?resize=700%2C400&ssl=1 2x"},"classes":[]},{"id":1648,"url":"https:\/\/www.motocultura.com.br\/home\/moto-customizada-do-ano-motocultura\/","url_meta":{"origin":3492,"position":5},"title":"Moto customizada do ano Motocultura","author":"Guilhes Damian","date":"13 de novembro de 2017","format":false,"excerpt":"Em novembro de 2016 iniciou-se uma s\u00e9rie de conversas sobre o futuro do site Motocultura. Destas conversas, acabou nascendo a segunda vers\u00e3o do que \u00e9 hoje o trabalho atual de Motocultura, n\u00e3o s\u00f3 em termos de identidade visual e gr\u00e1fica mas tamb\u00e9m no que dizia respeito \u00e0 linha editorial. Entre\u2026","rel":"","context":"Em &quot;CUSTOMIZA\u00c7\u00c3O&quot;","block_context":{"text":"CUSTOMIZA\u00c7\u00c3O","link":"https:\/\/www.motocultura.com.br\/home\/category\/customizacao\/"},"img":{"alt_text":"","src":"https:\/\/i0.wp.com\/www.motocultura.com.br\/home\/wp-content\/uploads\/2017\/11\/POST-MOTOCULTURA.png?resize=350%2C200&ssl=1","width":350,"height":200},"classes":[]}],"jetpack_sharing_enabled":true,"_links":{"self":[{"href":"https:\/\/www.motocultura.com.br\/home\/wp-json\/wp\/v2\/posts\/3492"}],"collection":[{"href":"https:\/\/www.motocultura.com.br\/home\/wp-json\/wp\/v2\/posts"}],"about":[{"href":"https:\/\/www.motocultura.com.br\/home\/wp-json\/wp\/v2\/types\/post"}],"author":[{"embeddable":true,"href":"https:\/\/www.motocultura.com.br\/home\/wp-json\/wp\/v2\/users\/2"}],"replies":[{"embeddable":true,"href":"https:\/\/www.motocultura.com.br\/home\/wp-json\/wp\/v2\/comments?post=3492"}],"version-history":[{"count":0,"href":"https:\/\/www.motocultura.com.br\/home\/wp-json\/wp\/v2\/posts\/3492\/revisions"}],"wp:featuredmedia":[{"embeddable":true,"href":"https:\/\/www.motocultura.com.br\/home\/wp-json\/wp\/v2\/media\/3500"}],"wp:attachment":[{"href":"https:\/\/www.motocultura.com.br\/home\/wp-json\/wp\/v2\/media?parent=3492"}],"wp:term":[{"taxonomy":"category","embeddable":true,"href":"https:\/\/www.motocultura.com.br\/home\/wp-json\/wp\/v2\/categories?post=3492"},{"taxonomy":"post_tag","embeddable":true,"href":"https:\/\/www.motocultura.com.br\/home\/wp-json\/wp\/v2\/tags?post=3492"}],"curies":[{"name":"wp","href":"https:\/\/api.w.org\/{rel}","templated":true}]}}