{"id":3812,"date":"2020-09-07T21:45:07","date_gmt":"2020-09-08T00:45:07","guid":{"rendered":"https:\/\/www.motocultura.com.br\/home\/?p=3812"},"modified":"2020-09-08T00:08:26","modified_gmt":"2020-09-08T03:08:26","slug":"ducati-916-cafe-racer-sr-corse","status":"publish","type":"post","link":"https:\/\/www.motocultura.com.br\/home\/ducati-916-cafe-racer-sr-corse\/","title":{"rendered":"Ducati 916 Cafe Racer da SR Corse"},"content":{"rendered":"\n<p>Imagine a responsabilidade imensa em modificar uma motocicleta considerada uma da mais belas e exclusivas j\u00e1 constru\u00eddas pela fabricante que comumente \u00e9 chamada de <strong>Ferrari<\/strong> das duas rodas. E como se n\u00e3o bastasse, projetada por <strong>Massimo Tamburini<\/strong>, considerado uma esp\u00e9cie de Michelangelo (em refer\u00eancia ao famoso artista italiano) da arte no desenho de motocicletas.<\/p>\n\n\n\n<!--more-->\n\n\n\n<p>Pois foi justamente este desafio casca grossa que Sebasti\u00e1n Roch\u00f3n da <strong>SR Corse<\/strong> topou e levou adiante sem pestanejar. Modificar uma ic\u00f4nica <strong>Ducati 916<\/strong>, modelo esportivo da italiana<strong> Ducati<\/strong>, fabricado de 1994 a 1998. Entre os modelos mais antigos at\u00e9 edi\u00e7\u00f5es especiais como a Ducati 916 Senna, os valores, mesmo mais de 20 anos depois, podem chegar a mais de R$ 50.000 em uma moto que j\u00e1 \u00e9 considerada uma leg\u00edtima pe\u00e7a de colecionador.<\/p>\n\n\n\n<p>O motor V 90\u00b0 injetado de 916cc tem quase 110 cavalos e pode chegar a mais de 250 Km\/h. <\/p>\n\n\n\n<p>Se algu\u00e9m poderia executar tal trabalho por aqui, em terras brasileiras, esse algu\u00e9m com certeza teria de ser Sebasti\u00e1n, nascido uruguaio e de cora\u00e7\u00e3o paulistano que tem uma longa hist\u00f3ria e um incr\u00edvel trabalho com motos europeias. Voc\u00ea pode <a href=\"https:\/\/www.motocultura.com.br\/home\/cultura\/sr-corse-a-oficina-especializada-em-marcas-europeias-fundada-por-um-uruguaio-apaixonado-por-motos\/\">conferir a \u00f3tima entrevista com Sebasti\u00e1n onde conta sua hist\u00f3ria e d\u00e1 muitas dicas para quem quer ou j\u00e1 trabalha com motos<\/a>.<\/p>\n\n\n\n<div class=\"wp-block-image\"><figure class=\"aligncenter size-large is-resized\"><img decoding=\"async\" loading=\"lazy\" src=\"https:\/\/www.motocultura.com.br\/home\/wp-content\/uploads\/2020\/09\/ducati-916-sr-corse-1024x686.jpg\" alt=\"\" class=\"wp-image-3815\" width=\"1024\" height=\"686\" srcset=\"https:\/\/www.motocultura.com.br\/home\/wp-content\/uploads\/2020\/09\/ducati-916-sr-corse-1024x686.jpg 1024w, https:\/\/www.motocultura.com.br\/home\/wp-content\/uploads\/2020\/09\/ducati-916-sr-corse-300x201.jpg 300w, https:\/\/www.motocultura.com.br\/home\/wp-content\/uploads\/2020\/09\/ducati-916-sr-corse-768x515.jpg 768w, https:\/\/www.motocultura.com.br\/home\/wp-content\/uploads\/2020\/09\/ducati-916-sr-corse.jpg 1124w\" sizes=\"(max-width: 1024px) 100vw, 1024px\" \/><figcaption>Ducati 916 SRC: uma cafe racer a partir de uma motocicleta ic\u00f4nica.<\/figcaption><\/figure><\/div>\n\n\n\n<p>O trabalho partiu de uma <strong>Ducati 916<\/strong> 1994 biposto  (os primeiros modelos)  com a premissa do cliente de algo com uma pegada retr\u00f4. Entre as op\u00e7\u00f5es, Sebasti\u00e1n optou por uma cafe racer com uma levada um pouco mais moderna, mantendo tudo de bom e do melhor que o modelo original j\u00e1 oferecia. Uma refer\u00eancia do pr\u00f3prio cliente era a<strong> MV Agusta Superveloce 800<\/strong>, principalmente em termos de carenagem frontal.<\/p>\n\n\n\n<figure class=\"wp-block-image size-large is-resized\"><img decoding=\"async\" loading=\"lazy\" src=\"https:\/\/www.motocultura.com.br\/home\/wp-content\/uploads\/2020\/09\/ducati-916-biposto.jpg\" alt=\"\" class=\"wp-image-3835\" width=\"1000\" height=\"529\" srcset=\"https:\/\/www.motocultura.com.br\/home\/wp-content\/uploads\/2020\/09\/ducati-916-biposto.jpg 1000w, https:\/\/www.motocultura.com.br\/home\/wp-content\/uploads\/2020\/09\/ducati-916-biposto-300x159.jpg 300w, https:\/\/www.motocultura.com.br\/home\/wp-content\/uploads\/2020\/09\/ducati-916-biposto-768x406.jpg 768w\" sizes=\"(max-width: 1000px) 100vw, 1000px\" \/><figcaption>Ducati 916 biposto 1996, semelhante a 1994 utilizada como base para o projeto.<\/figcaption><\/figure>\n\n\n\n<div class=\"wp-block-image\"><figure class=\"aligncenter size-large is-resized\"><img decoding=\"async\" loading=\"lazy\" src=\"https:\/\/www.motocultura.com.br\/home\/wp-content\/uploads\/2020\/09\/ducati-superveloce-1024x576.jpg\" alt=\"\" class=\"wp-image-3817\" width=\"1024\" height=\"576\" srcset=\"https:\/\/www.motocultura.com.br\/home\/wp-content\/uploads\/2020\/09\/ducati-superveloce-1024x576.jpg 1024w, https:\/\/www.motocultura.com.br\/home\/wp-content\/uploads\/2020\/09\/ducati-superveloce-300x169.jpg 300w, https:\/\/www.motocultura.com.br\/home\/wp-content\/uploads\/2020\/09\/ducati-superveloce-768x432.jpg 768w, https:\/\/www.motocultura.com.br\/home\/wp-content\/uploads\/2020\/09\/ducati-superveloce-1536x864.jpg 1536w, https:\/\/www.motocultura.com.br\/home\/wp-content\/uploads\/2020\/09\/ducati-superveloce.jpg 1920w\" sizes=\"(max-width: 1024px) 100vw, 1024px\" \/><figcaption>MV Agusta Superveloce: refer\u00eancia do cliente para a frente.<\/figcaption><\/figure><\/div>\n\n\n\n<p>Restaurar a moto original, pelo menos por aqui, teria valores proibitivos e ficaria invi\u00e1vel. Mas muitas caracter\u00edsticas do modelo foram mantidas como o escapamento saindo por debaixo da rabeta. S\u00f3 que dessa vez em uma ponteira \u00fanica. O tanque \u00e9 exatamente o mesmo. Por\u00e9m foi alongado e modificado para desenhar a linha reta caracter\u00edstica de tanque e banco.<\/p>\n\n\n\n<div class=\"wp-block-image\"><figure class=\"aligncenter size-large is-resized\"><img decoding=\"async\" loading=\"lazy\" src=\"https:\/\/www.motocultura.com.br\/home\/wp-content\/uploads\/2020\/09\/antes-e-depois-ducati-ok.jpg\" alt=\"\" class=\"wp-image-3837\" width=\"1000\" height=\"1000\" srcset=\"https:\/\/www.motocultura.com.br\/home\/wp-content\/uploads\/2020\/09\/antes-e-depois-ducati-ok.jpg 1000w, https:\/\/www.motocultura.com.br\/home\/wp-content\/uploads\/2020\/09\/antes-e-depois-ducati-ok-300x300.jpg 300w, https:\/\/www.motocultura.com.br\/home\/wp-content\/uploads\/2020\/09\/antes-e-depois-ducati-ok-150x150.jpg 150w, https:\/\/www.motocultura.com.br\/home\/wp-content\/uploads\/2020\/09\/antes-e-depois-ducati-ok-768x768.jpg 768w, https:\/\/www.motocultura.com.br\/home\/wp-content\/uploads\/2020\/09\/antes-e-depois-ducati-ok-365x365.jpg 365w, https:\/\/www.motocultura.com.br\/home\/wp-content\/uploads\/2020\/09\/antes-e-depois-ducati-ok-500x500.jpg 500w\" sizes=\"(max-width: 1000px) 100vw, 1000px\" \/><figcaption>Comparativo: uma Ducati 916 biposto 1996 e a 916 SRC cafe racer<\/figcaption><\/figure><\/div>\n\n\n\n<p>Muitas coisas ganharam uma moderniza\u00e7\u00e3o e upgrade. A suspens\u00e3o dianteira \u00e9 da <strong>Ducati 848<\/strong>. O amortecedor de dire\u00e7\u00e3o \u00e9 da <strong>Ducati 999<\/strong>. Os coletores de ar para refrigera\u00e7\u00e3o dos discos foram projetados e impressos em 3D. Sub chassi, aranha da carenagem e suporte do painel foram constru\u00eddos especialmente para ela em alum\u00ednio. O mesmo tratamento, em alum\u00ednio, foi dado aos punhos el\u00e9tricos que foram projetados especialmente para a moto.<\/p>\n\n\n\n<p>Uma curiosidade \u00e9 que praticamente toda a parte el\u00e9trica, inclusive a bateria, foram parar na frente da moto, escondidos na nova carenagem frontal. Falando em modernidade, a beldade ganhou partida com sensor de presen\u00e7a.<\/p>\n\n\n\n<div class=\"wp-block-image\"><figure class=\"aligncenter size-large is-resized\"><img decoding=\"async\" loading=\"lazy\" src=\"https:\/\/www.motocultura.com.br\/home\/wp-content\/uploads\/2020\/09\/916SRC-6-1024x683-1.jpg\" alt=\"\" class=\"wp-image-3818\" width=\"1024\" height=\"683\" srcset=\"https:\/\/www.motocultura.com.br\/home\/wp-content\/uploads\/2020\/09\/916SRC-6-1024x683-1.jpg 1024w, https:\/\/www.motocultura.com.br\/home\/wp-content\/uploads\/2020\/09\/916SRC-6-1024x683-1-300x200.jpg 300w, https:\/\/www.motocultura.com.br\/home\/wp-content\/uploads\/2020\/09\/916SRC-6-1024x683-1-768x512.jpg 768w\" sizes=\"(max-width: 1024px) 100vw, 1024px\" \/><\/figure><\/div>\n\n\n\n<div class=\"wp-block-image\"><figure class=\"aligncenter size-large is-resized\"><img decoding=\"async\" loading=\"lazy\" src=\"https:\/\/www.motocultura.com.br\/home\/wp-content\/uploads\/2020\/09\/916SRC-10-1024x683-1.jpg\" alt=\"\" class=\"wp-image-3819\" width=\"1024\" height=\"683\" srcset=\"https:\/\/www.motocultura.com.br\/home\/wp-content\/uploads\/2020\/09\/916SRC-10-1024x683-1.jpg 1024w, https:\/\/www.motocultura.com.br\/home\/wp-content\/uploads\/2020\/09\/916SRC-10-1024x683-1-300x200.jpg 300w, https:\/\/www.motocultura.com.br\/home\/wp-content\/uploads\/2020\/09\/916SRC-10-1024x683-1-768x512.jpg 768w\" sizes=\"(max-width: 1024px) 100vw, 1024px\" \/><\/figure><\/div>\n\n\n\n<div class=\"wp-block-image\"><figure class=\"aligncenter size-large is-resized\"><img decoding=\"async\" loading=\"lazy\" src=\"https:\/\/www.motocultura.com.br\/home\/wp-content\/uploads\/2020\/09\/916SRC-7-683x1024-1.jpg\" alt=\"\" class=\"wp-image-3820\" width=\"683\" height=\"1024\" srcset=\"https:\/\/www.motocultura.com.br\/home\/wp-content\/uploads\/2020\/09\/916SRC-7-683x1024-1.jpg 683w, https:\/\/www.motocultura.com.br\/home\/wp-content\/uploads\/2020\/09\/916SRC-7-683x1024-1-200x300.jpg 200w\" sizes=\"(max-width: 683px) 100vw, 683px\" \/><\/figure><\/div>\n\n\n\n<div class=\"wp-block-image\"><figure class=\"aligncenter size-large is-resized\"><img decoding=\"async\" loading=\"lazy\" src=\"https:\/\/www.motocultura.com.br\/home\/wp-content\/uploads\/2020\/09\/916SRC-8-1024x683-1.jpg\" alt=\"\" class=\"wp-image-3821\" width=\"1024\" height=\"683\" srcset=\"https:\/\/www.motocultura.com.br\/home\/wp-content\/uploads\/2020\/09\/916SRC-8-1024x683-1.jpg 1024w, https:\/\/www.motocultura.com.br\/home\/wp-content\/uploads\/2020\/09\/916SRC-8-1024x683-1-300x200.jpg 300w, https:\/\/www.motocultura.com.br\/home\/wp-content\/uploads\/2020\/09\/916SRC-8-1024x683-1-768x512.jpg 768w\" sizes=\"(max-width: 1024px) 100vw, 1024px\" \/><\/figure><\/div>\n\n\n\n<div class=\"wp-block-image\"><figure class=\"aligncenter size-large is-resized\"><img decoding=\"async\" loading=\"lazy\" src=\"https:\/\/www.motocultura.com.br\/home\/wp-content\/uploads\/2020\/09\/916SRC-4-683x1024-1.jpg\" alt=\"\" class=\"wp-image-3822\" width=\"683\" height=\"1024\" srcset=\"https:\/\/www.motocultura.com.br\/home\/wp-content\/uploads\/2020\/09\/916SRC-4-683x1024-1.jpg 683w, https:\/\/www.motocultura.com.br\/home\/wp-content\/uploads\/2020\/09\/916SRC-4-683x1024-1-200x300.jpg 200w\" sizes=\"(max-width: 683px) 100vw, 683px\" \/><\/figure><\/div>\n\n\n\n<div class=\"wp-block-image\"><figure class=\"aligncenter size-large is-resized\"><img decoding=\"async\" loading=\"lazy\" src=\"https:\/\/www.motocultura.com.br\/home\/wp-content\/uploads\/2020\/09\/916SRC-18-1024x683-1.jpg\" alt=\"\" class=\"wp-image-3823\" width=\"1024\" height=\"683\" srcset=\"https:\/\/www.motocultura.com.br\/home\/wp-content\/uploads\/2020\/09\/916SRC-18-1024x683-1.jpg 1024w, https:\/\/www.motocultura.com.br\/home\/wp-content\/uploads\/2020\/09\/916SRC-18-1024x683-1-300x200.jpg 300w, https:\/\/www.motocultura.com.br\/home\/wp-content\/uploads\/2020\/09\/916SRC-18-1024x683-1-768x512.jpg 768w\" sizes=\"(max-width: 1024px) 100vw, 1024px\" \/><\/figure><\/div>\n\n\n\n<div class=\"wp-block-image\"><figure class=\"aligncenter size-large is-resized\"><img decoding=\"async\" loading=\"lazy\" src=\"https:\/\/www.motocultura.com.br\/home\/wp-content\/uploads\/2020\/09\/MG_3699-1-1024x683-1.jpg\" alt=\"\" class=\"wp-image-3824\" width=\"1024\" height=\"683\" srcset=\"https:\/\/www.motocultura.com.br\/home\/wp-content\/uploads\/2020\/09\/MG_3699-1-1024x683-1.jpg 1024w, https:\/\/www.motocultura.com.br\/home\/wp-content\/uploads\/2020\/09\/MG_3699-1-1024x683-1-300x200.jpg 300w, https:\/\/www.motocultura.com.br\/home\/wp-content\/uploads\/2020\/09\/MG_3699-1-1024x683-1-768x512.jpg 768w\" sizes=\"(max-width: 1024px) 100vw, 1024px\" \/><\/figure><\/div>\n\n\n\n<div class=\"wp-block-image\"><figure class=\"aligncenter size-large is-resized\"><img decoding=\"async\" loading=\"lazy\" src=\"https:\/\/www.motocultura.com.br\/home\/wp-content\/uploads\/2020\/09\/MG_3730-1024x683-1.jpg\" alt=\"\" class=\"wp-image-3825\" width=\"1024\" height=\"683\" srcset=\"https:\/\/www.motocultura.com.br\/home\/wp-content\/uploads\/2020\/09\/MG_3730-1024x683-1.jpg 1024w, https:\/\/www.motocultura.com.br\/home\/wp-content\/uploads\/2020\/09\/MG_3730-1024x683-1-300x200.jpg 300w, https:\/\/www.motocultura.com.br\/home\/wp-content\/uploads\/2020\/09\/MG_3730-1024x683-1-768x512.jpg 768w\" sizes=\"(max-width: 1024px) 100vw, 1024px\" \/><\/figure><\/div>\n\n\n\n<div class=\"wp-block-image\"><figure class=\"aligncenter size-large is-resized\"><img decoding=\"async\" loading=\"lazy\" src=\"https:\/\/www.motocultura.com.br\/home\/wp-content\/uploads\/2020\/09\/MG_3739-1024x683-1.jpg\" alt=\"\" class=\"wp-image-3826\" width=\"1024\" height=\"683\" srcset=\"https:\/\/www.motocultura.com.br\/home\/wp-content\/uploads\/2020\/09\/MG_3739-1024x683-1.jpg 1024w, https:\/\/www.motocultura.com.br\/home\/wp-content\/uploads\/2020\/09\/MG_3739-1024x683-1-300x200.jpg 300w, https:\/\/www.motocultura.com.br\/home\/wp-content\/uploads\/2020\/09\/MG_3739-1024x683-1-768x512.jpg 768w\" sizes=\"(max-width: 1024px) 100vw, 1024px\" \/><\/figure><\/div>\n\n\n\n<p>Um trabalho de extremo bom gosto e o devido cuidado e carinho em se tratando de uma motocicleta ic\u00f4nica. <\/p>\n\n\n\n<p>Sebasti\u00e1n humildemente pede desculpas a Massimo Tamburini por interferir em uma de suas principais cria\u00e7\u00f5es. Mas a gente acha que Tamburini aprovaria com louvor!<\/p>\n\n\n\n<p><strong>Assista ao v\u00eddeo com imagens e os detalhes da constru\u00e7\u00e3o da Ducati 916 Cafe Racer SRC:<\/strong><\/p>\n\n\n\n<figure class=\"wp-block-embed-youtube wp-block-embed is-type-video is-provider-youtube wp-embed-aspect-16-9 wp-has-aspect-ratio\"><div class=\"wp-block-embed__wrapper\">\n<iframe loading=\"lazy\" title=\"Ducati 916 SRC Caf\u00e9 Racer. Uma das customiza\u00e7\u00f5es mais incr\u00edveis que j\u00e1 vimos.\" width=\"1200\" height=\"675\" src=\"https:\/\/www.youtube.com\/embed\/r9ybdciqtv4?feature=oembed\" frameborder=\"0\" allow=\"accelerometer; autoplay; encrypted-media; gyroscope; picture-in-picture\" allowfullscreen><\/iframe>\n<\/div><\/figure>\n\n\n\n<p>Conte pra gente o que achou da motoca! Voc\u00ea teria essa coragem e ousadia? Gostou do resultado? S\u00f3 descer a m\u00e3o nos coment\u00e1rios.<\/p>\n\n\n\n<p>Fotos: <strong><a rel=\"noreferrer noopener\" aria-label=\" (abre numa nova aba)\" href=\"https:\/\/www.andresantosfotografia.com\/\" target=\"_blank\">Andr\u00e9 Santos Fotografia<\/a><\/strong> (<a href=\"https:\/\/www.instagram.com\/andresantosfotografia\/\" target=\"_blank\" rel=\"noreferrer noopener\" aria-label=\"@andresantosfotografia (abre numa nova aba)\">@andresantosfotografia<\/a>)<\/p>\n\n\n\n<h4 class=\"wp-block-heading\">SERVI\u00c7O<\/h4>\n\n\n\n<p><strong>SR CORSE<\/strong><br><a rel=\"noreferrer noopener\" href=\"http:\/\/srcorse.com.br\" target=\"_blank\">http:\/\/srcorse.com.br<\/a><br><a href=\"https:\/\/www.facebook.com\/SR-Corse-156208457821213\">Facebook SR Corse<\/a> <br><a rel=\"noreferrer noopener\" aria-label=\" (abre numa nova aba)\" href=\"https:\/\/www.instagram.com\/s_r_corse\/\" target=\"_blank\">Instagram SR Corse<\/a> (@s_r_corse)<br>Rua Isabel de Castela, 106<br>Vila Madalena \u2013 S\u00e3o Paulo\/SP<br>Telefone 1: (11) 3903-5968<br>Telefone 2: (11) 7744-7199<br>E-mail: srcorse@srcorse.com.br<\/p>\n","protected":false},"excerpt":{"rendered":"<p>Imagine a responsabilidade imensa em modificar uma motocicleta considerada uma da mais belas e exclusivas j\u00e1 constru\u00eddas pela fabricante que comumente \u00e9 chamada de Ferrari das duas rodas. E como se n\u00e3o bastasse, projetada por Massimo Tamburini, considerado uma esp\u00e9cie de Michelangelo (em refer\u00eancia ao famoso artista italiano) da arte no desenho de motocicletas.<\/p>\n","protected":false},"author":2,"featured_media":3833,"comment_status":"open","ping_status":"open","sticky":false,"template":"","format":"standard","meta":[],"categories":[5,7],"tags":[430,37,63,12,428,431,429,434,433,432],"jetpack_featured_media_url":"https:\/\/www.motocultura.com.br\/home\/wp-content\/uploads\/2020\/09\/abre-materia.jpg","jetpack-related-posts":[{"id":898,"url":"https:\/\/www.motocultura.com.br\/home\/ducati-cafe-racer-a-beleza-e-tecnologia-das-italianas\/","url_meta":{"origin":3812,"position":0},"title":"Ducati cafe racer &#8211; a beleza e tecnologia das italianas","author":"Victor Marinho (Duc)","date":"18 de abril de 2017","format":false,"excerpt":"A fama dos italianos como ex\u00edmios conhecedores e bebedores de caf\u00e9 \u00e9 ineg\u00e1vel. Em um paralelo fortuito pela semelhan\u00e7a das palavras mas em universos bem diferentes tem demonstrado que o ber\u00e7o da civiliza\u00e7\u00e3o etrusca e romana se compromete de corpo e alma quando quer excel\u00eancia em alguma coisa. N\u00e3o poderia\u2026","rel":"","context":"Em &quot;CUSTOMIZA\u00c7\u00c3O&quot;","block_context":{"text":"CUSTOMIZA\u00c7\u00c3O","link":"https:\/\/www.motocultura.com.br\/home\/category\/customizacao\/"},"img":{"alt_text":"","src":"https:\/\/i0.wp.com\/www.motocultura.com.br\/home\/wp-content\/uploads\/2017\/04\/POST-MOTOCULTURA-1.png?resize=350%2C200&ssl=1","width":350,"height":200},"classes":[]},{"id":3909,"url":"https:\/\/www.motocultura.com.br\/home\/concurso-moto-customizada-do-ano-2020-brasil-custom-motorcycle-of-the-year-2020-brazil-contest\/","url_meta":{"origin":3812,"position":1},"title":"Concurso Moto Customizada do Ano 2020 Brasil &#8211; Custom motorcycle of the year 2020 Brazil contest","author":"Guilhes Damian","date":"31 de dezembro de 2020","format":false,"excerpt":"Desde 2017, Motocultura tomou como miss\u00e3o divulgar os grandes trabalhos dos customizadores brasileiros. Para isso criamos o Concurso Motocultura de Customiza\u00e7\u00e3o onde escolhemos a dedo os projetos mais interessantes no cen\u00e1rio brasileiro e elencamos as motocicletas em suas respectivas categorias. 2020 acabou trazendo uma surpresa n\u00e3o t\u00e3o agrad\u00e1vel para todos\u2026","rel":"","context":"Em &quot;CUSTOMIZA\u00c7\u00c3O&quot;","block_context":{"text":"CUSTOMIZA\u00c7\u00c3O","link":"https:\/\/www.motocultura.com.br\/home\/category\/customizacao\/"},"img":{"alt_text":"","src":"https:\/\/i0.wp.com\/www.motocultura.com.br\/home\/wp-content\/uploads\/2020\/12\/abre-materia.jpg?resize=350%2C200&ssl=1","width":350,"height":200,"srcset":"https:\/\/i0.wp.com\/www.motocultura.com.br\/home\/wp-content\/uploads\/2020\/12\/abre-materia.jpg?resize=350%2C200&ssl=1 1x, https:\/\/i0.wp.com\/www.motocultura.com.br\/home\/wp-content\/uploads\/2020\/12\/abre-materia.jpg?resize=700%2C400&ssl=1 2x"},"classes":[]},{"id":1119,"url":"https:\/\/www.motocultura.com.br\/home\/as-motos-de-ayrton-senna\/","url_meta":{"origin":3812,"position":2},"title":"As motos de Ayrton Senna","author":"Guilhes Damian","date":"1 de maio de 2017","format":false,"excerpt":"O feriado do dia primeiro de maio, dia do trabalho, no Brasil tamb\u00e9m tem outro significado. Foi em primeiro de maio de 1994, em \u00cdmola, na It\u00e1lia, \u00a0que o\u00a0pa\u00eds perdeu um de seus maiores atletas em um acidente pol\u00eamico e debatido at\u00e9 hoje e que tirou a vida do tricampe\u00e3o\u2026","rel":"","context":"Em &quot;CULTURA&quot;","block_context":{"text":"CULTURA","link":"https:\/\/www.motocultura.com.br\/home\/category\/cultura\/"},"img":{"alt_text":"","src":"https:\/\/i0.wp.com\/www.motocultura.com.br\/home\/wp-content\/uploads\/2017\/05\/POST-MOTOCULTURA-temp.png?resize=350%2C200&ssl=1","width":350,"height":200},"classes":[]},{"id":4170,"url":"https:\/\/www.motocultura.com.br\/home\/concurso-de-motos-customizadas-motocultura-2022\/","url_meta":{"origin":3812,"position":3},"title":"Concurso de Motos Customizadas Motocultura 2022","author":"Motocultura","date":"22 de fevereiro de 2023","format":false,"excerpt":"Em sua sexta edi\u00e7\u00e3o, o tradicional concurso de motocicletas customizadas Motocultura aconteceu em dezembro de 2022 no Johnnie Wash, em S\u00e3o Paulo. Desde a \u00faltima edi\u00e7\u00e3o o concurso acontece de forma virtual e aceita inscri\u00e7\u00f5es de qualquer lugar do mundo. O an\u00fancio das motos vencedoras foi feito no dia 6\u2026","rel":"","context":"Em &quot;CUSTOMIZA\u00c7\u00c3O&quot;","block_context":{"text":"CUSTOMIZA\u00c7\u00c3O","link":"https:\/\/www.motocultura.com.br\/home\/category\/customizacao\/"},"img":{"alt_text":"","src":"https:\/\/i0.wp.com\/www.motocultura.com.br\/home\/wp-content\/uploads\/2023\/02\/abre-concurso-motocultura-2022.jpg?resize=350%2C200&ssl=1","width":350,"height":200,"srcset":"https:\/\/i0.wp.com\/www.motocultura.com.br\/home\/wp-content\/uploads\/2023\/02\/abre-concurso-motocultura-2022.jpg?resize=350%2C200&ssl=1 1x, https:\/\/i0.wp.com\/www.motocultura.com.br\/home\/wp-content\/uploads\/2023\/02\/abre-concurso-motocultura-2022.jpg?resize=700%2C400&ssl=1 2x, https:\/\/i0.wp.com\/www.motocultura.com.br\/home\/wp-content\/uploads\/2023\/02\/abre-concurso-motocultura-2022.jpg?resize=1050%2C600&ssl=1 3x"},"classes":[]},{"id":1225,"url":"https:\/\/www.motocultura.com.br\/home\/sr-corse-a-oficina-especializada-em-marcas-europeias-fundada-por-um-uruguaio-apaixonado-por-motos\/","url_meta":{"origin":3812,"position":4},"title":"SR Corse &#8211; a oficina especializada em marcas europeias fundada por um uruguaio apaixonado por motos","author":"Guilhes Damian","date":"24 de maio de 2017","format":false,"excerpt":"Em uma rua tranquila no cora\u00e7\u00e3o do bairro mais bo\u00eamio da cidade de S\u00e3o Paulo, Vila Madalena, vive e trabalha um simp\u00e1tico\u00a0uruguaio que veio para o Brasil com a ideia de trabalhar com sua paix\u00e3o: motocicletas. Sebasti\u00e1n Roch\u00f3n\u00a0 herdou o gosto pelas motos e motores de seu pai, veio para\u2026","rel":"","context":"Em &quot;CULTURA&quot;","block_context":{"text":"CULTURA","link":"https:\/\/www.motocultura.com.br\/home\/category\/cultura\/"},"img":{"alt_text":"","src":"https:\/\/i0.wp.com\/www.motocultura.com.br\/home\/wp-content\/uploads\/2017\/05\/destaque.png?resize=350%2C200&ssl=1","width":350,"height":200,"srcset":"https:\/\/i0.wp.com\/www.motocultura.com.br\/home\/wp-content\/uploads\/2017\/05\/destaque.png?resize=350%2C200&ssl=1 1x, https:\/\/i0.wp.com\/www.motocultura.com.br\/home\/wp-content\/uploads\/2017\/05\/destaque.png?resize=700%2C400&ssl=1 2x"},"classes":[]},{"id":1599,"url":"https:\/\/www.motocultura.com.br\/home\/moto-customizada-do-ano-motocultura-quinta-finalista-ducati-monster-900\/","url_meta":{"origin":3812,"position":5},"title":"Moto Customizada do Ano Motocultura \u2013 Quinta Finalista: Ducati Monster 900","author":"Guilhes Damian","date":"15 de outubro de 2017","format":false,"excerpt":"Foi escolhida a \u00faltima motocicleta que vai concorrer ao t\u00edtulo de Moto Customizada do Ano no concurso promovido por Motocultura com o apoio da Ducati Campinas. Ao longo do ano foram cinco etapas para escolher cinco motocicletas. Est\u00e1 na hora de conferir a \u00faltima grande classificada que arrancou suspiros por\u2026","rel":"","context":"Em &quot;CUSTOMIZA\u00c7\u00c3O&quot;","block_context":{"text":"CUSTOMIZA\u00c7\u00c3O","link":"https:\/\/www.motocultura.com.br\/home\/category\/customizacao\/"},"img":{"alt_text":"","src":"https:\/\/i0.wp.com\/www.motocultura.com.br\/home\/wp-content\/uploads\/2017\/10\/POST-MOTOCULTURA.png?resize=350%2C200&ssl=1","width":350,"height":200},"classes":[]}],"jetpack_sharing_enabled":true,"_links":{"self":[{"href":"https:\/\/www.motocultura.com.br\/home\/wp-json\/wp\/v2\/posts\/3812"}],"collection":[{"href":"https:\/\/www.motocultura.com.br\/home\/wp-json\/wp\/v2\/posts"}],"about":[{"href":"https:\/\/www.motocultura.com.br\/home\/wp-json\/wp\/v2\/types\/post"}],"author":[{"embeddable":true,"href":"https:\/\/www.motocultura.com.br\/home\/wp-json\/wp\/v2\/users\/2"}],"replies":[{"embeddable":true,"href":"https:\/\/www.motocultura.com.br\/home\/wp-json\/wp\/v2\/comments?post=3812"}],"version-history":[{"count":0,"href":"https:\/\/www.motocultura.com.br\/home\/wp-json\/wp\/v2\/posts\/3812\/revisions"}],"wp:featuredmedia":[{"embeddable":true,"href":"https:\/\/www.motocultura.com.br\/home\/wp-json\/wp\/v2\/media\/3833"}],"wp:attachment":[{"href":"https:\/\/www.motocultura.com.br\/home\/wp-json\/wp\/v2\/media?parent=3812"}],"wp:term":[{"taxonomy":"category","embeddable":true,"href":"https:\/\/www.motocultura.com.br\/home\/wp-json\/wp\/v2\/categories?post=3812"},{"taxonomy":"post_tag","embeddable":true,"href":"https:\/\/www.motocultura.com.br\/home\/wp-json\/wp\/v2\/tags?post=3812"}],"curies":[{"name":"wp","href":"https:\/\/api.w.org\/{rel}","templated":true}]}}