{"id":3865,"date":"2020-10-05T23:56:38","date_gmt":"2020-10-06T02:56:38","guid":{"rendered":"https:\/\/www.motocultura.com.br\/home\/?p=3865"},"modified":"2020-10-05T23:57:31","modified_gmt":"2020-10-06T02:57:31","slug":"bmw-f650-scrambler-customizada-por-frateschi-garage","status":"publish","type":"post","link":"https:\/\/www.motocultura.com.br\/home\/bmw-f650-scrambler-customizada-por-frateschi-garage\/","title":{"rendered":"BMW F650 Scrambler customizada por Frateschi Garage"},"content":{"rendered":"\n<p>Um dos grandes desafios dos <strong>customizadores<\/strong> muitas vezes \u00e9 a pr\u00f3pria moto base. Muitas motocicletas s\u00e3o sucesso de p\u00fablico e cr\u00edtica no quesito desempenho, performance, conforto e tantos outros adjetivos afins. E \u00e9 justamente esse o caso da mono cil\u00edndrica <strong>BMW F650<\/strong>. Por\u00e9m, nem tudo s\u00e3o flores. Cria dos anos 90, seu design est\u00e1 longe de ser uma unanimidade. Mas em se tratando de uma base super confi\u00e1vel por um \u00f3timo custo benef\u00edcio, a <strong>BMW F650 <\/strong>provou-se uma <strong>motocicleta<\/strong> digna de uma transforma\u00e7\u00e3o surpreendente.<\/p>\n\n\n\n<!--more-->\n\n\n\n<div class=\"wp-block-image\"><figure class=\"aligncenter size-large is-resized\"><img decoding=\"async\" loading=\"lazy\" src=\"https:\/\/www.motocultura.com.br\/home\/wp-content\/uploads\/2020\/10\/bmw-f650-scrambler-008.jpg\" alt=\"\" class=\"wp-image-3867\" width=\"1000\" height=\"682\" srcset=\"https:\/\/www.motocultura.com.br\/home\/wp-content\/uploads\/2020\/10\/bmw-f650-scrambler-008.jpg 1000w, https:\/\/www.motocultura.com.br\/home\/wp-content\/uploads\/2020\/10\/bmw-f650-scrambler-008-300x205.jpg 300w, https:\/\/www.motocultura.com.br\/home\/wp-content\/uploads\/2020\/10\/bmw-f650-scrambler-008-768x524.jpg 768w\" sizes=\"(max-width: 1000px) 100vw, 1000px\" \/><\/figure><\/div>\n\n\n\n<p>O projeto chegou at\u00e9 a<strong> Frateschi Garage<\/strong> pelo interesse de um potencial cliente por um outro projeto da oficina. Em uma visita r\u00e1pida, acabou encantado com uma <strong>Honda XLX250<\/strong> transformada em uma <strong>scrambler<\/strong>. Mas como a motocicleta havia sido um projeto muito pessoal, Renato Frateschi n\u00e3o tinha inten\u00e7\u00e3o alguma de vende-la. Sendo assim, come\u00e7ou a pesquisar uma moto base para uma nova <strong>scrambler <\/strong>que coubesse no or\u00e7amento previamente acordado na encomenda. A ideia era utilizar uma motocicleta com no m\u00ednimo 500 cilindradas j\u00e1 que o cliente tinha como ideia de uso o lazer e pequenas viagens, sempre com garupa, prezando pelo conforto e contando com a possibilidade de um off-road leve. Al\u00e9m da premissa de um design mais s\u00f3brio e classudo que n\u00e3o deixasse o conjunto muito chamativo e parecendo \u201ccoisa de garoto\u201d.<\/p>\n\n\n\n<p>Durante a busca pela moto base, <strong>Renato<\/strong> fui surpreendido por uma <strong>BMW F650<\/strong> 1994 com apenas 40.000 Km rodados. Apesar da idade, muito bem cuidada e conservada. Al\u00e9m disso, uma motocicleta com um hist\u00f3rico invej\u00e1vel de durabilidade e confiabilidade entre seus propriet\u00e1rios. Uma <strong>BMW <\/strong>mono cil\u00edndrica como motor <strong>Rotax<\/strong> das italianas<strong> Aprilia<\/strong>, mesmo modelo que acabou vencendo o <strong>Paris Dakar<\/strong> duas vezes por conta de sua robustez e baixo centro de gravidade, entre outras coisas. A curiosidade \u00e9 que esse mesmo modelo acabou dando origem a linha<strong> BMW F650GS <\/strong>com dois cilindros. No final das contas, uma \u00f3tima moto base com um custo de aquisi\u00e7\u00e3o relativamente baixo pelo que ela oferece. <\/p>\n\n\n\n<p>Apesar da <strong>BMW F650<\/strong> ter sido um sucesso de vendas, cr\u00edtica e p\u00fablico em um passado n\u00e3o t\u00e3o distante, seu design nunca foi necessariamente uma unanimidade. Para muitos \u00e9 considerada como o patinho feio da fam\u00edlia <strong>BMW <\/strong>e justamente isso era grande parte do desafio do projeto: deixar a motocicleta mais moderna e atraente.<\/p>\n\n\n\n<p>Levando em conta a premissa da discri\u00e7\u00e3o proposta pelo cliente, o <em>approach <\/em>caminhou em dire\u00e7\u00e3o a uma linha mais s\u00f3bria de fato em compara\u00e7\u00e3o com outros projetos da oficina onde h\u00e1 uma clara inten\u00e7\u00e3o mais agressiva tanto no visual quanto na mec\u00e2nica e performance. Eis que o toque de classe necess\u00e1rio veio com o tanque ic\u00f4nico das primeiras <strong>BMW<\/strong>. O toque pessoal e autoral de ousadia da oficina ficou com o escapamento em inox 1&#215;2, fabricado quase que completamente com exce\u00e7\u00e3o das ponteiras <strong>SC Project<\/strong>. Segundo <strong>Renato<\/strong>, o \u00fanico elemento mais agressivo do projeto como um todo.<\/p>\n\n\n\n<figure class=\"wp-block-image size-large is-resized\"><img decoding=\"async\" loading=\"lazy\" src=\"https:\/\/www.motocultura.com.br\/home\/wp-content\/uploads\/2020\/10\/bmw-f650-scrambler-007.jpg\" alt=\"\" class=\"wp-image-3869\" width=\"1000\" height=\"609\" srcset=\"https:\/\/www.motocultura.com.br\/home\/wp-content\/uploads\/2020\/10\/bmw-f650-scrambler-007.jpg 1000w, https:\/\/www.motocultura.com.br\/home\/wp-content\/uploads\/2020\/10\/bmw-f650-scrambler-007-300x183.jpg 300w, https:\/\/www.motocultura.com.br\/home\/wp-content\/uploads\/2020\/10\/bmw-f650-scrambler-007-768x468.jpg 768w\" sizes=\"(max-width: 1000px) 100vw, 1000px\" \/><\/figure>\n\n\n\n<p>A parte\nmais dif\u00edcil da constru\u00e7\u00e3o foi adaptar o tanque antigo em um projeto no qual\nele, al\u00e9m de fazer sua fun\u00e7\u00e3o de armazenar o combust\u00edvel, tamb\u00e9m teria de\nacomodar praticamente toda a parte el\u00e9trica escondida, inclusive a bateria de\nl\u00edtio, para deixar a moto o mais limpa poss\u00edvel.<\/p>\n\n\n\n<p>A<strong> impress\u00e3o 3D<\/strong> foi muito utilizada para colocar pe\u00e7as \u00fanicas e exclusivas na moto. Para lamas, grade de farol, protetores de suspens\u00e3o, condensador de \u00f3leo com filtro e outras pe\u00e7as menores foram fabricadas nesse processo.<\/p>\n\n\n\n<p>O sub frame foi completamente refeito assim como os suportes para o sistema de escapamento.<\/p>\n\n\n\n<div class=\"wp-block-image\"><figure class=\"aligncenter size-large is-resized\"><img decoding=\"async\" loading=\"lazy\" src=\"https:\/\/www.motocultura.com.br\/home\/wp-content\/uploads\/2020\/10\/bmw-f650-scrambler-006.jpg\" alt=\"\" class=\"wp-image-3870\" width=\"1000\" height=\"618\" srcset=\"https:\/\/www.motocultura.com.br\/home\/wp-content\/uploads\/2020\/10\/bmw-f650-scrambler-006.jpg 1000w, https:\/\/www.motocultura.com.br\/home\/wp-content\/uploads\/2020\/10\/bmw-f650-scrambler-006-300x185.jpg 300w, https:\/\/www.motocultura.com.br\/home\/wp-content\/uploads\/2020\/10\/bmw-f650-scrambler-006-768x475.jpg 768w\" sizes=\"(max-width: 1000px) 100vw, 1000px\" \/><\/figure><\/div>\n\n\n\n<div class=\"wp-block-image\"><figure class=\"aligncenter size-large is-resized\"><img decoding=\"async\" loading=\"lazy\" src=\"https:\/\/www.motocultura.com.br\/home\/wp-content\/uploads\/2020\/10\/bmw-f650-scrambler-001.jpg\" alt=\"\" class=\"wp-image-3871\" width=\"1000\" height=\"584\" srcset=\"https:\/\/www.motocultura.com.br\/home\/wp-content\/uploads\/2020\/10\/bmw-f650-scrambler-001.jpg 1000w, https:\/\/www.motocultura.com.br\/home\/wp-content\/uploads\/2020\/10\/bmw-f650-scrambler-001-300x175.jpg 300w, https:\/\/www.motocultura.com.br\/home\/wp-content\/uploads\/2020\/10\/bmw-f650-scrambler-001-768x449.jpg 768w\" sizes=\"(max-width: 1000px) 100vw, 1000px\" \/><\/figure><\/div>\n\n\n\n<div class=\"wp-block-image\"><figure class=\"aligncenter size-large is-resized\"><img decoding=\"async\" loading=\"lazy\" src=\"https:\/\/www.motocultura.com.br\/home\/wp-content\/uploads\/2020\/10\/bmw-f650-scrambler-004.jpg\" alt=\"\" class=\"wp-image-3872\" width=\"1000\" height=\"597\" srcset=\"https:\/\/www.motocultura.com.br\/home\/wp-content\/uploads\/2020\/10\/bmw-f650-scrambler-004.jpg 1000w, https:\/\/www.motocultura.com.br\/home\/wp-content\/uploads\/2020\/10\/bmw-f650-scrambler-004-300x179.jpg 300w, https:\/\/www.motocultura.com.br\/home\/wp-content\/uploads\/2020\/10\/bmw-f650-scrambler-004-768x458.jpg 768w\" sizes=\"(max-width: 1000px) 100vw, 1000px\" \/><\/figure><\/div>\n\n\n\n<div class=\"wp-block-image\"><figure class=\"aligncenter size-large is-resized\"><img decoding=\"async\" loading=\"lazy\" src=\"https:\/\/www.motocultura.com.br\/home\/wp-content\/uploads\/2020\/10\/bmw-f650-scrambler-002-687x1024.jpg\" alt=\"\" class=\"wp-image-3873\" width=\"687\" height=\"1024\" srcset=\"https:\/\/www.motocultura.com.br\/home\/wp-content\/uploads\/2020\/10\/bmw-f650-scrambler-002-687x1024.jpg 687w, https:\/\/www.motocultura.com.br\/home\/wp-content\/uploads\/2020\/10\/bmw-f650-scrambler-002-201x300.jpg 201w, https:\/\/www.motocultura.com.br\/home\/wp-content\/uploads\/2020\/10\/bmw-f650-scrambler-002.jpg 725w\" sizes=\"(max-width: 687px) 100vw, 687px\" \/><\/figure><\/div>\n\n\n\n<div class=\"wp-block-image\"><figure class=\"aligncenter size-large is-resized\"><img decoding=\"async\" loading=\"lazy\" src=\"https:\/\/www.motocultura.com.br\/home\/wp-content\/uploads\/2020\/10\/bmw-f650-scrambler-003.jpg\" alt=\"\" class=\"wp-image-3874\" width=\"1000\" height=\"620\" srcset=\"https:\/\/www.motocultura.com.br\/home\/wp-content\/uploads\/2020\/10\/bmw-f650-scrambler-003.jpg 1000w, https:\/\/www.motocultura.com.br\/home\/wp-content\/uploads\/2020\/10\/bmw-f650-scrambler-003-300x186.jpg 300w, https:\/\/www.motocultura.com.br\/home\/wp-content\/uploads\/2020\/10\/bmw-f650-scrambler-003-768x476.jpg 768w\" sizes=\"(max-width: 1000px) 100vw, 1000px\" \/><\/figure><\/div>\n\n\n\n<div class=\"wp-block-image\"><figure class=\"aligncenter size-large is-resized\"><img decoding=\"async\" loading=\"lazy\" src=\"https:\/\/www.motocultura.com.br\/home\/wp-content\/uploads\/2020\/10\/bmw-f650-scrambler-005.jpg\" alt=\"\" class=\"wp-image-3875\" width=\"1000\" height=\"734\" srcset=\"https:\/\/www.motocultura.com.br\/home\/wp-content\/uploads\/2020\/10\/bmw-f650-scrambler-005.jpg 1000w, https:\/\/www.motocultura.com.br\/home\/wp-content\/uploads\/2020\/10\/bmw-f650-scrambler-005-300x220.jpg 300w, https:\/\/www.motocultura.com.br\/home\/wp-content\/uploads\/2020\/10\/bmw-f650-scrambler-005-768x564.jpg 768w\" sizes=\"(max-width: 1000px) 100vw, 1000px\" \/><\/figure><\/div>\n\n\n\n<p>O esquema de cores especial em dois tons (vermelho e preto) foi o toque final para dar um novo rosto e fazer uma senhora voltar a brilhar com o aspecto de uma motocicleta nova e moderna.<\/p>\n\n\n\n<p>Estivemos na <strong>Frateschi Garage<\/strong> para mostrar em detalhe o projeto dessa linda <strong>BMW F650<\/strong>. Aperta o play, preste aten\u00e7\u00e3o e descubra uma s\u00e9rie de dicas e &#8220;segredos&#8221; do projeto revelados pelos <strong>customizador<\/strong>.<\/p>\n\n\n\n<figure class=\"wp-block-embed-youtube wp-block-embed is-type-video is-provider-youtube wp-embed-aspect-16-9 wp-has-aspect-ratio\"><div class=\"wp-block-embed__wrapper\">\n<iframe loading=\"lazy\" title=\"BMW F650 Customizada. Uma Scrambler By Frateschi Garage, revelando muitos detalhes deste projeto.\" width=\"1200\" height=\"675\" src=\"https:\/\/www.youtube.com\/embed\/iE4PFDxy2kM?feature=oembed\" frameborder=\"0\" allow=\"accelerometer; autoplay; clipboard-write; encrypted-media; gyroscope; picture-in-picture\" allowfullscreen><\/iframe>\n<\/div><\/figure>\n\n\n\n<p>Que tal? O que achou do projeto? Conta pra gente nos coment\u00e1rios!<\/p>\n","protected":false},"excerpt":{"rendered":"<p>Um dos grandes desafios dos customizadores muitas vezes \u00e9 a pr\u00f3pria moto base. Muitas motocicletas s\u00e3o sucesso de p\u00fablico e cr\u00edtica no quesito desempenho, performance, conforto e tantos outros adjetivos afins. E \u00e9 justamente esse o caso da mono cil\u00edndrica BMW F650. Por\u00e9m, nem tudo s\u00e3o flores. Cria dos anos 90, seu design est\u00e1 longe [&hellip;]<\/p>\n","protected":false},"author":2,"featured_media":3866,"comment_status":"open","ping_status":"open","sticky":false,"template":"","format":"standard","meta":[],"categories":[5,7],"tags":[20,454,453,63,455,456,107,457,36],"jetpack_featured_media_url":"https:\/\/www.motocultura.com.br\/home\/wp-content\/uploads\/2020\/10\/bmw-f650-chamada.jpg","jetpack-related-posts":[{"id":3909,"url":"https:\/\/www.motocultura.com.br\/home\/concurso-moto-customizada-do-ano-2020-brasil-custom-motorcycle-of-the-year-2020-brazil-contest\/","url_meta":{"origin":3865,"position":0},"title":"Concurso Moto Customizada do Ano 2020 Brasil &#8211; Custom motorcycle of the year 2020 Brazil contest","author":"Guilhes Damian","date":"31 de dezembro de 2020","format":false,"excerpt":"Desde 2017, Motocultura tomou como miss\u00e3o divulgar os grandes trabalhos dos customizadores brasileiros. Para isso criamos o Concurso Motocultura de Customiza\u00e7\u00e3o onde escolhemos a dedo os projetos mais interessantes no cen\u00e1rio brasileiro e elencamos as motocicletas em suas respectivas categorias. 2020 acabou trazendo uma surpresa n\u00e3o t\u00e3o agrad\u00e1vel para todos\u2026","rel":"","context":"Em &quot;CUSTOMIZA\u00c7\u00c3O&quot;","block_context":{"text":"CUSTOMIZA\u00c7\u00c3O","link":"https:\/\/www.motocultura.com.br\/home\/category\/customizacao\/"},"img":{"alt_text":"","src":"https:\/\/i0.wp.com\/www.motocultura.com.br\/home\/wp-content\/uploads\/2020\/12\/abre-materia.jpg?resize=350%2C200&ssl=1","width":350,"height":200,"srcset":"https:\/\/i0.wp.com\/www.motocultura.com.br\/home\/wp-content\/uploads\/2020\/12\/abre-materia.jpg?resize=350%2C200&ssl=1 1x, https:\/\/i0.wp.com\/www.motocultura.com.br\/home\/wp-content\/uploads\/2020\/12\/abre-materia.jpg?resize=700%2C400&ssl=1 2x"},"classes":[]},{"id":4170,"url":"https:\/\/www.motocultura.com.br\/home\/concurso-de-motos-customizadas-motocultura-2022\/","url_meta":{"origin":3865,"position":1},"title":"Concurso de Motos Customizadas Motocultura 2022","author":"Motocultura","date":"22 de fevereiro de 2023","format":false,"excerpt":"Em sua sexta edi\u00e7\u00e3o, o tradicional concurso de motocicletas customizadas Motocultura aconteceu em dezembro de 2022 no Johnnie Wash, em S\u00e3o Paulo. Desde a \u00faltima edi\u00e7\u00e3o o concurso acontece de forma virtual e aceita inscri\u00e7\u00f5es de qualquer lugar do mundo. O an\u00fancio das motos vencedoras foi feito no dia 6\u2026","rel":"","context":"Em &quot;CUSTOMIZA\u00c7\u00c3O&quot;","block_context":{"text":"CUSTOMIZA\u00c7\u00c3O","link":"https:\/\/www.motocultura.com.br\/home\/category\/customizacao\/"},"img":{"alt_text":"","src":"https:\/\/i0.wp.com\/www.motocultura.com.br\/home\/wp-content\/uploads\/2023\/02\/abre-concurso-motocultura-2022.jpg?resize=350%2C200&ssl=1","width":350,"height":200,"srcset":"https:\/\/i0.wp.com\/www.motocultura.com.br\/home\/wp-content\/uploads\/2023\/02\/abre-concurso-motocultura-2022.jpg?resize=350%2C200&ssl=1 1x, https:\/\/i0.wp.com\/www.motocultura.com.br\/home\/wp-content\/uploads\/2023\/02\/abre-concurso-motocultura-2022.jpg?resize=700%2C400&ssl=1 2x, https:\/\/i0.wp.com\/www.motocultura.com.br\/home\/wp-content\/uploads\/2023\/02\/abre-concurso-motocultura-2022.jpg?resize=1050%2C600&ssl=1 3x"},"classes":[]},{"id":1599,"url":"https:\/\/www.motocultura.com.br\/home\/moto-customizada-do-ano-motocultura-quinta-finalista-ducati-monster-900\/","url_meta":{"origin":3865,"position":2},"title":"Moto Customizada do Ano Motocultura \u2013 Quinta Finalista: Ducati Monster 900","author":"Guilhes Damian","date":"15 de outubro de 2017","format":false,"excerpt":"Foi escolhida a \u00faltima motocicleta que vai concorrer ao t\u00edtulo de Moto Customizada do Ano no concurso promovido por Motocultura com o apoio da Ducati Campinas. Ao longo do ano foram cinco etapas para escolher cinco motocicletas. Est\u00e1 na hora de conferir a \u00faltima grande classificada que arrancou suspiros por\u2026","rel":"","context":"Em &quot;CUSTOMIZA\u00c7\u00c3O&quot;","block_context":{"text":"CUSTOMIZA\u00c7\u00c3O","link":"https:\/\/www.motocultura.com.br\/home\/category\/customizacao\/"},"img":{"alt_text":"","src":"https:\/\/i0.wp.com\/www.motocultura.com.br\/home\/wp-content\/uploads\/2017\/10\/POST-MOTOCULTURA.png?resize=350%2C200&ssl=1","width":350,"height":200},"classes":[]},{"id":2747,"url":"https:\/\/www.motocultura.com.br\/home\/moto-customizada-do-ano-motocultura-2019\/","url_meta":{"origin":3865,"position":3},"title":"Moto Customizada do Ano Motocultura 2019","author":"Guilhes Damian","date":"5 de dezembro de 2019","format":false,"excerpt":"Motocultura tem como um de seus pilares, desde o in\u00edcio, promover e divulgar o trabalho de profissionais da customiza\u00e7\u00e3o no pa\u00eds. Mas, al\u00e9m disso, a ideia \u00e9 dar espa\u00e7o e visibilidade principalmente para novas gera\u00e7\u00f5es e novos talentos do meio. Uma das iniciativas neste sentido \u00e9 o Concurso de Customiza\u00e7\u00e3o\u2026","rel":"","context":"Em &quot;CUSTOMIZA\u00c7\u00c3O&quot;","block_context":{"text":"CUSTOMIZA\u00c7\u00c3O","link":"https:\/\/www.motocultura.com.br\/home\/category\/customizacao\/"},"img":{"alt_text":"","src":"https:\/\/i0.wp.com\/www.motocultura.com.br\/home\/wp-content\/uploads\/2019\/12\/moto-customizada-2019.jpg?resize=350%2C200&ssl=1","width":350,"height":200},"classes":[]},{"id":4495,"url":"https:\/\/www.motocultura.com.br\/home\/ktm-monster-scrambler-1290-r-por-gasoline-motor-co\/","url_meta":{"origin":3865,"position":4},"title":"KTM Monster Scrambler 1290 R por Gasoline Motor Co","author":"Guilhes Damian","date":"29 de abril de 2023","format":false,"excerpt":"A rivalidade entre KTM e BMW foi intensa nos anos 2000. A KTM colocou no mercado a 950 Super Enduro R, uma potente motocicleta de trilha que visava justamente competir com a BMW HP2 Enduro. Por\u00e9m, nenhuma das duas motocicletas durou por muito tempo no mercado.\u00a0 A australiana Gasoline Motor\u2026","rel":"","context":"Em &quot;CUSTOMIZA\u00c7\u00c3O&quot;","block_context":{"text":"CUSTOMIZA\u00c7\u00c3O","link":"https:\/\/www.motocultura.com.br\/home\/category\/customizacao\/"},"img":{"alt_text":"KTM 1290 Super Adventure","src":"https:\/\/i0.wp.com\/www.motocultura.com.br\/home\/wp-content\/uploads\/2023\/04\/ktm.jpg?resize=350%2C200&ssl=1","width":350,"height":200,"srcset":"https:\/\/i0.wp.com\/www.motocultura.com.br\/home\/wp-content\/uploads\/2023\/04\/ktm.jpg?resize=350%2C200&ssl=1 1x, https:\/\/i0.wp.com\/www.motocultura.com.br\/home\/wp-content\/uploads\/2023\/04\/ktm.jpg?resize=700%2C400&ssl=1 2x, https:\/\/i0.wp.com\/www.motocultura.com.br\/home\/wp-content\/uploads\/2023\/04\/ktm.jpg?resize=1050%2C600&ssl=1 3x"},"classes":[]},{"id":1470,"url":"https:\/\/www.motocultura.com.br\/home\/suzuki-freewind-scrambler\/","url_meta":{"origin":3865,"position":5},"title":"Suzuki Freewind Scrambler","author":"Guilhes Damian","date":"15 de agosto de 2017","format":false,"excerpt":"Leandro El Kadri herdou a paix\u00e3o por motos e pelo fora de estrada do pai. E como paix\u00e3o \u00e9 pra sempre, resolveu ter uma scrambler, claro, com a sua cara. Com base em uma Suzuki Freewind, uma vers\u00e3o carenada pouco conhecida da Suzuki DR 650, deixou a moto do seu\u2026","rel":"","context":"Em &quot;CUSTOMIZA\u00c7\u00c3O&quot;","block_context":{"text":"CUSTOMIZA\u00c7\u00c3O","link":"https:\/\/www.motocultura.com.br\/home\/category\/customizacao\/"},"img":{"alt_text":"","src":"https:\/\/i0.wp.com\/www.motocultura.com.br\/home\/wp-content\/uploads\/2017\/08\/post-freewind.png?resize=350%2C200&ssl=1","width":350,"height":200},"classes":[]}],"jetpack_sharing_enabled":true,"_links":{"self":[{"href":"https:\/\/www.motocultura.com.br\/home\/wp-json\/wp\/v2\/posts\/3865"}],"collection":[{"href":"https:\/\/www.motocultura.com.br\/home\/wp-json\/wp\/v2\/posts"}],"about":[{"href":"https:\/\/www.motocultura.com.br\/home\/wp-json\/wp\/v2\/types\/post"}],"author":[{"embeddable":true,"href":"https:\/\/www.motocultura.com.br\/home\/wp-json\/wp\/v2\/users\/2"}],"replies":[{"embeddable":true,"href":"https:\/\/www.motocultura.com.br\/home\/wp-json\/wp\/v2\/comments?post=3865"}],"version-history":[{"count":0,"href":"https:\/\/www.motocultura.com.br\/home\/wp-json\/wp\/v2\/posts\/3865\/revisions"}],"wp:featuredmedia":[{"embeddable":true,"href":"https:\/\/www.motocultura.com.br\/home\/wp-json\/wp\/v2\/media\/3866"}],"wp:attachment":[{"href":"https:\/\/www.motocultura.com.br\/home\/wp-json\/wp\/v2\/media?parent=3865"}],"wp:term":[{"taxonomy":"category","embeddable":true,"href":"https:\/\/www.motocultura.com.br\/home\/wp-json\/wp\/v2\/categories?post=3865"},{"taxonomy":"post_tag","embeddable":true,"href":"https:\/\/www.motocultura.com.br\/home\/wp-json\/wp\/v2\/tags?post=3865"}],"curies":[{"name":"wp","href":"https:\/\/api.w.org\/{rel}","templated":true}]}}