{"id":4076,"date":"2022-07-16T13:50:17","date_gmt":"2022-07-16T16:50:17","guid":{"rendered":"https:\/\/www.motocultura.com.br\/home\/?p=4076"},"modified":"2023-03-14T22:15:42","modified_gmt":"2023-03-15T01:15:42","slug":"podcast-1-motocultura-entrevista-com-ricardo-medrano-da-oficina-de-customizacao-johnnie-wash","status":"publish","type":"post","link":"https:\/\/www.motocultura.com.br\/home\/podcast-1-motocultura-entrevista-com-ricardo-medrano-da-oficina-de-customizacao-johnnie-wash\/","title":{"rendered":"Podcast Motocultura \u2013 Entrevista com Ricardo Medrano da oficina de customiza\u00e7\u00e3o Johnnie Wash"},"content":{"rendered":"<p dir=\"auto\"><span class=\"nc684nl6\"><strong>Ricardo Medrano<\/strong> \u00e9 um dos <\/span>dos precursores da <strong>customiza\u00e7\u00e3o de motocicletas<\/strong> no Brasil, reconhecido e respeitado nacional e internacionalmente no meio e tamb\u00e9m o empreendedor fundador de um dos mais tradicionais pontos do motociclismo na cidade de S\u00e3o Paulo, o <strong><a class=\"oajrlxb2 g5ia77u1 qu0x051f esr5mh6w e9989ue4 r7d6kgcz rq0escxv nhd2j8a9 nc684nl6 p7hjln8o kvgmc6g5 cxmmr5t8 oygrvhab hcukyx3x jb3vyjys rz4wbd8a qt6c0cv9 a8nywdso i1ao9s8h esuyzwwr f1sip0of lzcic4wl gpro0wi8 q66pz984 b1v8xokw\" role=\"link\" href=\"https:\/\/johnniewash.com.br\/\"><span class=\"nc684nl6\">Johnnie Wash<\/span><\/a><\/strong>.<\/p>\n<p><!--more--><\/p>\n<p dir=\"auto\">Conhecemos a hist\u00f3ria e trajet\u00f3ria do <strong>Johnnie<\/strong> desde a ideia at\u00e9 a consolida\u00e7\u00e3o. <strong>Ricardo<\/strong>, com os rec\u00e9m completados 60 anos, nos fala sobre a maturidade da idade, o desapego da vaidade, sobre o neg\u00f3cio de <strong>customiza\u00e7\u00e3o<\/strong>, as dificuldades de um empreendimento em v\u00e1rias frentes, a hist\u00f3ria de supera\u00e7\u00e3o e de como encarar a vida e as coisas depois de uma acidente aos 24 anos que lhe amputou uma perna, sobre a dif\u00edcil e delicada rela\u00e7\u00e3o entre cliente e prestador de servi\u00e7o, sua liga\u00e7\u00e3o com o programa televisivo de imenso sucesso da Discovery Channel, <strong>American Chopper<\/strong>, sobre os clich\u00eas do of\u00edcio de <strong>customiza\u00e7\u00e3o<\/strong>, sobre sua paix\u00e3o pela m\u00fasica e uma bem sucedida carreira como DJ na juventude e, principalmente, sobre se respeitar e respeitar o pr\u00f3prio trabalho.<\/p>\n<figure id=\"attachment_4086\" aria-describedby=\"caption-attachment-4086\" style=\"width: 1024px\" class=\"wp-caption aligncenter\"><img decoding=\"async\" loading=\"lazy\" class=\"wp-image-4086 size-large\" src=\"https:\/\/www.motocultura.com.br\/home\/wp-content\/uploads\/2022\/07\/podcast-1024x1024.jpg\" alt=\"\" width=\"1024\" height=\"1024\" srcset=\"https:\/\/www.motocultura.com.br\/home\/wp-content\/uploads\/2022\/07\/podcast-1024x1024.jpg 1024w, https:\/\/www.motocultura.com.br\/home\/wp-content\/uploads\/2022\/07\/podcast-300x300.jpg 300w, https:\/\/www.motocultura.com.br\/home\/wp-content\/uploads\/2022\/07\/podcast-150x150.jpg 150w, https:\/\/www.motocultura.com.br\/home\/wp-content\/uploads\/2022\/07\/podcast-768x768.jpg 768w, https:\/\/www.motocultura.com.br\/home\/wp-content\/uploads\/2022\/07\/podcast-365x365.jpg 365w, https:\/\/www.motocultura.com.br\/home\/wp-content\/uploads\/2022\/07\/podcast-500x500.jpg 500w, https:\/\/www.motocultura.com.br\/home\/wp-content\/uploads\/2022\/07\/podcast.jpg 1180w\" sizes=\"(max-width: 1024px) 100vw, 1024px\" \/><figcaption id=\"caption-attachment-4086\" class=\"wp-caption-text\">Entrevista, da esquerda para a direita e de baixo para cima: Victor Marinho, Guilhes Damian, Ricardo Medrano e Alek Ribet.<\/figcaption><\/figure>\n<p dir=\"auto\">Uma verdadeiro tratado sobre equil\u00edbrio, sabedoria, simpatia, empatia e intelig\u00eancia.<\/p>\n<p dir=\"auto\">Entre a m\u00e1xima de <em>&#8220;Meu nome n\u00e3o \u00e9 Johnnie&#8221;<\/em> e <em>&#8220;Cortar e fazer fa\u00edscas \u00e9 a parte mais besta da customiza\u00e7\u00e3o&#8221;<\/em> voc\u00ea pode conferir o v\u00eddeo completo abaixo.<\/p>\n<p><iframe loading=\"lazy\" title=\"Motocultura Live: Ricardo Medrano, sua hist\u00f3ria e a hist\u00f3ria do Johnnie Wash\" width=\"1200\" height=\"675\" src=\"https:\/\/www.youtube.com\/embed\/h_zlxjJcNgw?feature=oembed\" frameborder=\"0\" allow=\"accelerometer; autoplay; clipboard-write; encrypted-media; gyroscope; picture-in-picture; web-share\" allowfullscreen><\/iframe><\/p>\n<div dir=\"auto\"><\/div>\n","protected":false},"excerpt":{"rendered":"<p>Ricardo Medrano \u00e9 um dos dos precursores da customiza\u00e7\u00e3o de motocicletas no Brasil, reconhecido e respeitado nacional e internacionalmente no meio e tamb\u00e9m o empreendedor fundador de um dos mais tradicionais pontos do motociclismo na cidade de S\u00e3o Paulo, o Johnnie Wash.<\/p>\n","protected":false},"author":2,"featured_media":4091,"comment_status":"open","ping_status":"open","sticky":false,"template":"","format":"standard","meta":[],"categories":[5,490],"tags":[63,65,155,494,294,491,493,45],"jetpack_featured_media_url":"https:\/\/www.motocultura.com.br\/home\/wp-content\/uploads\/2022\/07\/abre-ricardo.jpg","jetpack-related-posts":[{"id":2461,"url":"https:\/\/www.motocultura.com.br\/home\/workshops-gratuitos-de-customizacao-promovidos-por-motocultura\/","url_meta":{"origin":4076,"position":0},"title":"Workshops gratuitos de customiza\u00e7\u00e3o promovidos por Motocultura","author":"Guilhes Damian","date":"20 de abril de 2019","format":false,"excerpt":"Em 2018 Motocultura iniciou um movimento de democratizar e difundir informa\u00e7\u00e3o e conhecimento sobre o trabalho de customiza\u00e7\u00e3o de motocicletas na forma de pequenos workshops e palestras totalmente gratuitos. O resultado foi super bacana e muita gente saiu dos encontros agradecendo pela oportunidade. Em 2019, voltamos com a mesma f\u00f3rmula.\u2026","rel":"","context":"Em &quot;B\u00c1SICO&quot;","block_context":{"text":"B\u00c1SICO","link":"https:\/\/www.motocultura.com.br\/home\/category\/basico\/"},"img":{"alt_text":"","src":"https:\/\/i0.wp.com\/www.motocultura.com.br\/home\/wp-content\/uploads\/2019\/04\/workshops.png?resize=350%2C200&ssl=1","width":350,"height":200},"classes":[]},{"id":4095,"url":"https:\/\/www.motocultura.com.br\/home\/concurso-moto-customizada-do-ano-motocultura-edicao-2021\/","url_meta":{"origin":4076,"position":1},"title":"Concurso Moto Customizada do Ano Motocultura &#8211; Edi\u00e7\u00e3o 2021","author":"Guilhes Damian","date":"10 de setembro de 2022","format":false,"excerpt":"Em dezembro de 2021, Motocultura realizou a quinta edi\u00e7\u00e3o do seu j\u00e1 tradicional concurso de customiza\u00e7\u00e3o. Desde seu in\u00edcio, Motocultura e o concurso tem como principal objetivo apoiar e divulgar a cena da customiza\u00e7\u00e3o no Brasil. Nesta edi\u00e7\u00e3o superarmos todas as nossas expectativas e rompemos as fronteiras do nosso pa\u00eds,\u2026","rel":"","context":"Em &quot;CUSTOMIZA\u00c7\u00c3O&quot;","block_context":{"text":"CUSTOMIZA\u00c7\u00c3O","link":"https:\/\/www.motocultura.com.br\/home\/category\/customizacao\/"},"img":{"alt_text":"","src":"https:\/\/i0.wp.com\/www.motocultura.com.br\/home\/wp-content\/uploads\/2022\/09\/abertura-2021-concurso.jpg?resize=350%2C200&ssl=1","width":350,"height":200,"srcset":"https:\/\/i0.wp.com\/www.motocultura.com.br\/home\/wp-content\/uploads\/2022\/09\/abertura-2021-concurso.jpg?resize=350%2C200&ssl=1 1x, https:\/\/i0.wp.com\/www.motocultura.com.br\/home\/wp-content\/uploads\/2022\/09\/abertura-2021-concurso.jpg?resize=700%2C400&ssl=1 2x"},"classes":[]},{"id":2747,"url":"https:\/\/www.motocultura.com.br\/home\/moto-customizada-do-ano-motocultura-2019\/","url_meta":{"origin":4076,"position":2},"title":"Moto Customizada do Ano Motocultura 2019","author":"Guilhes Damian","date":"5 de dezembro de 2019","format":false,"excerpt":"Motocultura tem como um de seus pilares, desde o in\u00edcio, promover e divulgar o trabalho de profissionais da customiza\u00e7\u00e3o no pa\u00eds. Mas, al\u00e9m disso, a ideia \u00e9 dar espa\u00e7o e visibilidade principalmente para novas gera\u00e7\u00f5es e novos talentos do meio. Uma das iniciativas neste sentido \u00e9 o Concurso de Customiza\u00e7\u00e3o\u2026","rel":"","context":"Em &quot;CUSTOMIZA\u00c7\u00c3O&quot;","block_context":{"text":"CUSTOMIZA\u00c7\u00c3O","link":"https:\/\/www.motocultura.com.br\/home\/category\/customizacao\/"},"img":{"alt_text":"","src":"https:\/\/i0.wp.com\/www.motocultura.com.br\/home\/wp-content\/uploads\/2019\/12\/moto-customizada-2019.jpg?resize=350%2C200&ssl=1","width":350,"height":200},"classes":[]},{"id":2646,"url":"https:\/\/www.motocultura.com.br\/home\/motocultura-no-hot-rods-brasil-oitava-edicao\/","url_meta":{"origin":4076,"position":3},"title":"Motocultura no HOT RODS BRASIL Oitava Edi\u00e7\u00e3o","author":"Guilhes Damian","date":"5 de setembro de 2019","format":false,"excerpt":"O HOT RODS BRASIL \u00e9 o maior evento nacional de ve\u00edculos hot rods, rat rods, custom cars, low riders, motos customizadas, produtos, acess\u00f3rios e servi\u00e7os relacionados a chamada kultura kustom. Em sua oitava edi\u00e7\u00e3o, em S\u00e3o Bernardo do Campo, o evento vem com tudo mais uma vez. E a grande\u2026","rel":"","context":"Em &quot;CULTURA&quot;","block_context":{"text":"CULTURA","link":"https:\/\/www.motocultura.com.br\/home\/category\/cultura\/"},"img":{"alt_text":"","src":"https:\/\/i0.wp.com\/www.motocultura.com.br\/home\/wp-content\/uploads\/2019\/09\/post-hot.jpg?resize=350%2C200&ssl=1","width":350,"height":200},"classes":[]},{"id":3531,"url":"https:\/\/www.motocultura.com.br\/home\/customizacao-palestra-sobre-construcao-de-motos-customizadas-com-billy-pasqua-da-benta-handmade\/","url_meta":{"origin":4076,"position":4},"title":"Customiza\u00e7\u00e3o: Palestra sobre Constru\u00e7\u00e3o de Motos Customizadas com Billy Pasqua da Benta Handmade","author":"Guilhes Damian","date":"8 de junho de 2020","format":false,"excerpt":"Na programa\u00e7\u00e3o de 2019 de Motocultura, chamamos o customizador Billy Pasqua da Benta Handmade para contar sobre seu trabalho e seu processo de cria\u00e7\u00e3o na customiza\u00e7\u00e3o de motocicletas. Billy foi um dos fundadores da oficina Bendita Macchina, especializada em customiza\u00e7\u00e3o de baixa cilindrada. Hoje, comanda nova oficina onde trabalha com\u2026","rel":"","context":"Em &quot;CUSTOMIZA\u00c7\u00c3O&quot;","block_context":{"text":"CUSTOMIZA\u00c7\u00c3O","link":"https:\/\/www.motocultura.com.br\/home\/category\/customizacao\/"},"img":{"alt_text":"","src":"https:\/\/i0.wp.com\/www.motocultura.com.br\/home\/wp-content\/uploads\/2020\/06\/palestra-billy-pasqua.jpg?resize=350%2C200&ssl=1","width":350,"height":200,"srcset":"https:\/\/i0.wp.com\/www.motocultura.com.br\/home\/wp-content\/uploads\/2020\/06\/palestra-billy-pasqua.jpg?resize=350%2C200&ssl=1 1x, https:\/\/i0.wp.com\/www.motocultura.com.br\/home\/wp-content\/uploads\/2020\/06\/palestra-billy-pasqua.jpg?resize=700%2C400&ssl=1 2x"},"classes":[]},{"id":3525,"url":"https:\/\/www.motocultura.com.br\/home\/customizacao-palestra-sobre-metal-shaping-com-alexandre-salzano\/","url_meta":{"origin":4076,"position":5},"title":"Customiza\u00e7\u00e3o: Palestra Sobre Metal Shaping com Alexandre Salzano","author":"Guilhes Damian","date":"8 de junho de 2020","format":false,"excerpt":"Em 2019, Motocultura promoveu uma s\u00e9rie de palestras com importantes nomes do cen\u00e1rio da customiza\u00e7\u00e3o no Brasil. Um deles foi Alexandre Salzano, renomado profissional especializado na t\u00e9cnica de metal shaping, formado na Inglaterra, premiado internacionalmente e um dos mais requisitados no pa\u00eds. Alexandre Salzano \u00e9 propriet\u00e1rio do Studio Salzano em\u2026","rel":"","context":"Em &quot;CUSTOMIZA\u00c7\u00c3O&quot;","block_context":{"text":"CUSTOMIZA\u00c7\u00c3O","link":"https:\/\/www.motocultura.com.br\/home\/category\/customizacao\/"},"img":{"alt_text":"","src":"https:\/\/i0.wp.com\/www.motocultura.com.br\/home\/wp-content\/uploads\/2020\/06\/alexandre-salzano.jpg?resize=350%2C200&ssl=1","width":350,"height":200,"srcset":"https:\/\/i0.wp.com\/www.motocultura.com.br\/home\/wp-content\/uploads\/2020\/06\/alexandre-salzano.jpg?resize=350%2C200&ssl=1 1x, https:\/\/i0.wp.com\/www.motocultura.com.br\/home\/wp-content\/uploads\/2020\/06\/alexandre-salzano.jpg?resize=700%2C400&ssl=1 2x"},"classes":[]}],"jetpack_sharing_enabled":true,"_links":{"self":[{"href":"https:\/\/www.motocultura.com.br\/home\/wp-json\/wp\/v2\/posts\/4076"}],"collection":[{"href":"https:\/\/www.motocultura.com.br\/home\/wp-json\/wp\/v2\/posts"}],"about":[{"href":"https:\/\/www.motocultura.com.br\/home\/wp-json\/wp\/v2\/types\/post"}],"author":[{"embeddable":true,"href":"https:\/\/www.motocultura.com.br\/home\/wp-json\/wp\/v2\/users\/2"}],"replies":[{"embeddable":true,"href":"https:\/\/www.motocultura.com.br\/home\/wp-json\/wp\/v2\/comments?post=4076"}],"version-history":[{"count":2,"href":"https:\/\/www.motocultura.com.br\/home\/wp-json\/wp\/v2\/posts\/4076\/revisions"}],"predecessor-version":[{"id":4476,"href":"https:\/\/www.motocultura.com.br\/home\/wp-json\/wp\/v2\/posts\/4076\/revisions\/4476"}],"wp:featuredmedia":[{"embeddable":true,"href":"https:\/\/www.motocultura.com.br\/home\/wp-json\/wp\/v2\/media\/4091"}],"wp:attachment":[{"href":"https:\/\/www.motocultura.com.br\/home\/wp-json\/wp\/v2\/media?parent=4076"}],"wp:term":[{"taxonomy":"category","embeddable":true,"href":"https:\/\/www.motocultura.com.br\/home\/wp-json\/wp\/v2\/categories?post=4076"},{"taxonomy":"post_tag","embeddable":true,"href":"https:\/\/www.motocultura.com.br\/home\/wp-json\/wp\/v2\/tags?post=4076"}],"curies":[{"name":"wp","href":"https:\/\/api.w.org\/{rel}","templated":true}]}}