{"id":4338,"date":"2023-03-01T14:59:05","date_gmt":"2023-03-01T17:59:05","guid":{"rendered":"https:\/\/www.motocultura.com.br\/home\/?p=4338"},"modified":"2023-03-02T11:56:51","modified_gmt":"2023-03-02T14:56:51","slug":"collector-73-motocicletas-exclusivas-em-uma-confraria-de-pilotos","status":"publish","type":"post","link":"https:\/\/www.motocultura.com.br\/home\/collector-73-motocicletas-exclusivas-em-uma-confraria-de-pilotos\/","title":{"rendered":"Collector 73 &#8211; motocicletas exclusivas em uma confraria de pilotos"},"content":{"rendered":"<p>A precoce influ\u00eancia paterna e o \u00edmpeto de exercitar a criatividade, aliados ao fasc\u00ednio pelas <b>duas rodas<\/b>, plantou uma ideia persistente na cabe\u00e7a do administrador de empresas <b>Carlos Delgado de Carvalho<\/b>: materializar uma <b>cole\u00e7\u00e3o exclusiva de motocicletas<\/b> <b>customizadas <\/b>atreladas ao melhor do esp\u00edrito do <b>motociclismo <\/b>em uma esp\u00e9cie de confraria movida a amizade, paix\u00e3o e, claro, <b>motores<\/b>. Foi a partir dessa fa\u00edsca que, em 2014, Carlos deu o primeiro passo rumo a uma ideia com um objetivo bastante claro: projetar e desenvolver uma cole\u00e7\u00e3o particular de <b>73 motos customizadas <\/b>que herdariam seu latente DNA de designer e projetista. Neste mesmo ano, finalizou sua <b>motocicleta <\/b><strong>n\u00famero 1<\/strong>, projeto de <b>customiza\u00e7\u00e3o <\/b>de uma <b>Ducati 749<\/b> para sua companheira. A partir da\u00ed, n\u00e3o parou mais.<!--more--><\/p>\n<figure id=\"attachment_4341\" aria-describedby=\"caption-attachment-4341\" style=\"width: 1024px\" class=\"wp-caption aligncenter\"><img decoding=\"async\" loading=\"lazy\" class=\"wp-image-4341 size-large\" src=\"https:\/\/www.motocultura.com.br\/home\/wp-content\/uploads\/2023\/02\/ducati-749-dark-collector73-002-1024x768.jpg\" alt=\"Ducati 749 Dark Collector 73\" width=\"1024\" height=\"768\" srcset=\"https:\/\/www.motocultura.com.br\/home\/wp-content\/uploads\/2023\/02\/ducati-749-dark-collector73-002-1024x768.jpg 1024w, https:\/\/www.motocultura.com.br\/home\/wp-content\/uploads\/2023\/02\/ducati-749-dark-collector73-002-300x225.jpg 300w, https:\/\/www.motocultura.com.br\/home\/wp-content\/uploads\/2023\/02\/ducati-749-dark-collector73-002-768x576.jpg 768w, https:\/\/www.motocultura.com.br\/home\/wp-content\/uploads\/2023\/02\/ducati-749-dark-collector73-002.jpg 1080w\" sizes=\"(max-width: 1024px) 100vw, 1024px\" \/><figcaption id=\"caption-attachment-4341\" class=\"wp-caption-text\">A n\u00famero 1: Ducati 749 Dark. Declara\u00e7\u00e3o de amor motorizada.<\/figcaption><\/figure>\n<p>&nbsp;<\/p>\n<p><img decoding=\"async\" loading=\"lazy\" class=\"aligncenter size-large wp-image-4342\" src=\"https:\/\/www.motocultura.com.br\/home\/wp-content\/uploads\/2023\/02\/ducati-749-dark-collector73-003-1024x769.jpg\" alt=\"Ducati 749 Dark Collector 73\" width=\"1024\" height=\"769\" srcset=\"https:\/\/www.motocultura.com.br\/home\/wp-content\/uploads\/2023\/02\/ducati-749-dark-collector73-003-1024x769.jpg 1024w, https:\/\/www.motocultura.com.br\/home\/wp-content\/uploads\/2023\/02\/ducati-749-dark-collector73-003-300x225.jpg 300w, https:\/\/www.motocultura.com.br\/home\/wp-content\/uploads\/2023\/02\/ducati-749-dark-collector73-003-768x577.jpg 768w, https:\/\/www.motocultura.com.br\/home\/wp-content\/uploads\/2023\/02\/ducati-749-dark-collector73-003.jpg 1080w\" sizes=\"(max-width: 1024px) 100vw, 1024px\" \/><\/p>\n<p>&nbsp;<\/p>\n<p>O <b>n\u00famero 73 <\/b>n\u00e3o tinha absolutamente nada de m\u00edstico ou algo do g\u00eanero. Como bom administrador, Carlos colocou em pr\u00e1tica o m\u00e9todo no qual todo projeto tem de ter um objetivo macro bem delineado e, para chegar nesse grande objetivo final, \u00e9 preciso \u201cquebrar\u201d o desenvolvimento em tarefas menores para subir um degrau de cada vez em um progresso consistente e constante. Cada <b>motocicleta<\/b>, at\u00e9 a derradeira n\u00famero 73, seria uma tarefa rumo \u00e0 finaliza\u00e7\u00e3o da ideia como um todo.<\/p>\n<p>Al\u00e9m disso, <b>73 era o ano de nascimento<\/b> de Carlos, provando que \u00e9 um homem de bem com o passar dos anos e sem vaidades. Afinal, n\u00e3o \u00e9 todo mundo que entrega a idade assim t\u00e3o f\u00e1cil sem pestanejar. O numeral tornou-se praticamente um mantra. E dele nasceu o nome da cole\u00e7\u00e3o:<b> Collector 73<\/b>. Pra n\u00e3o deixar d\u00favida deu uma de maluco, talvez para ser um lembrete para ele mesmo, como uma esp\u00e9cie de <i>post it<\/i> na geladeira lembrando-o todos os dias do que se prop\u00f4s a realizar, e alterou o n\u00famero de seu escrit\u00f3rio no bairro do Itaim (S\u00e3o Paulo) para\u2026 advinhe? <b>73<\/b>, claro. Essa foi f\u00e1cil (Se foi f\u00e1cil com a prefeitura a\u00ed \u00e9 outra hist\u00f3ria).<\/p>\n<figure id=\"attachment_4344\" aria-describedby=\"caption-attachment-4344\" style=\"width: 682px\" class=\"wp-caption aligncenter\"><img decoding=\"async\" loading=\"lazy\" class=\"wp-image-4344 size-full\" src=\"https:\/\/www.motocultura.com.br\/home\/wp-content\/uploads\/2023\/02\/carlos-delgado-rodando.jpg\" alt=\"Carlos Delgado Rodando\" width=\"682\" height=\"681\" srcset=\"https:\/\/www.motocultura.com.br\/home\/wp-content\/uploads\/2023\/02\/carlos-delgado-rodando.jpg 682w, https:\/\/www.motocultura.com.br\/home\/wp-content\/uploads\/2023\/02\/carlos-delgado-rodando-300x300.jpg 300w, https:\/\/www.motocultura.com.br\/home\/wp-content\/uploads\/2023\/02\/carlos-delgado-rodando-150x150.jpg 150w, https:\/\/www.motocultura.com.br\/home\/wp-content\/uploads\/2023\/02\/carlos-delgado-rodando-365x365.jpg 365w, https:\/\/www.motocultura.com.br\/home\/wp-content\/uploads\/2023\/02\/carlos-delgado-rodando-500x500.jpg 500w\" sizes=\"(max-width: 682px) 100vw, 682px\" \/><figcaption id=\"caption-attachment-4344\" class=\"wp-caption-text\">Carlos Delgado e sua motocicleta n\u00famero 2, uma Ducati 1198<\/figcaption><\/figure>\n<p>&nbsp;<\/p>\n<figure id=\"attachment_4345\" aria-describedby=\"caption-attachment-4345\" style=\"width: 800px\" class=\"wp-caption aligncenter\"><img decoding=\"async\" loading=\"lazy\" class=\"size-full wp-image-4345\" src=\"https:\/\/www.motocultura.com.br\/home\/wp-content\/uploads\/2023\/02\/carlos-delgado-piloto.jpg\" alt=\"Carlos Delgado Track Day\" width=\"800\" height=\"800\" srcset=\"https:\/\/www.motocultura.com.br\/home\/wp-content\/uploads\/2023\/02\/carlos-delgado-piloto.jpg 800w, https:\/\/www.motocultura.com.br\/home\/wp-content\/uploads\/2023\/02\/carlos-delgado-piloto-300x300.jpg 300w, https:\/\/www.motocultura.com.br\/home\/wp-content\/uploads\/2023\/02\/carlos-delgado-piloto-150x150.jpg 150w, https:\/\/www.motocultura.com.br\/home\/wp-content\/uploads\/2023\/02\/carlos-delgado-piloto-768x768.jpg 768w, https:\/\/www.motocultura.com.br\/home\/wp-content\/uploads\/2023\/02\/carlos-delgado-piloto-365x365.jpg 365w, https:\/\/www.motocultura.com.br\/home\/wp-content\/uploads\/2023\/02\/carlos-delgado-piloto-500x500.jpg 500w\" sizes=\"(max-width: 800px) 100vw, 800px\" \/><figcaption id=\"caption-attachment-4345\" class=\"wp-caption-text\">Carlos em um Track Day: pilotagem tamb\u00e9m nas pistas.<\/figcaption><\/figure>\n<p>&nbsp;<\/p>\n<figure id=\"attachment_4360\" aria-describedby=\"caption-attachment-4360\" style=\"width: 878px\" class=\"wp-caption aligncenter\"><img decoding=\"async\" loading=\"lazy\" class=\"wp-image-4360 size-full\" src=\"https:\/\/www.motocultura.com.br\/home\/wp-content\/uploads\/2023\/03\/carlos-na-infancia.jpg\" alt=\"\" width=\"878\" height=\"659\" srcset=\"https:\/\/www.motocultura.com.br\/home\/wp-content\/uploads\/2023\/03\/carlos-na-infancia.jpg 878w, https:\/\/www.motocultura.com.br\/home\/wp-content\/uploads\/2023\/03\/carlos-na-infancia-300x225.jpg 300w, https:\/\/www.motocultura.com.br\/home\/wp-content\/uploads\/2023\/03\/carlos-na-infancia-768x576.jpg 768w\" sizes=\"(max-width: 878px) 100vw, 878px\" \/><figcaption id=\"caption-attachment-4360\" class=\"wp-caption-text\">Carlos na moto do seu pai.<\/figcaption><\/figure>\n<p>&nbsp;<\/p>\n<p>Bom, customizar uma <b>motocicleta <\/b>desde o primeiro esbo\u00e7o at\u00e9 o resultado final n\u00e3o \u00e9 exatamente uma tarefa pequena e muito menos f\u00e1cil. Mas, mesmo assim, Carlos n\u00e3o esmoreceu e partiu imediatamente para uma <b>segunda moto<\/b>, dessa vez uma <strong>Ducati 1198<\/strong>, para ele. A <b>terceira <\/b>foi <b>dedicada ao pai <\/b>que lhe deu o presente do amor pelo motociclismo: uma bel\u00edssima <b>Kawasaki ZR1000<\/b>. J\u00e1 a <b>quarta moto <\/b>foi encomenda de um amigo pr\u00f3ximo. E assim, come\u00e7ando em fam\u00edlia, o v\u00edrus da <b>Collector 73<\/b> foi se espalhando aos poucos para os c\u00edrculos de amizades pr\u00f3ximas.<\/p>\n<figure id=\"attachment_4348\" aria-describedby=\"caption-attachment-4348\" style=\"width: 1024px\" class=\"wp-caption aligncenter\"><img decoding=\"async\" loading=\"lazy\" class=\"wp-image-4348 size-large\" src=\"https:\/\/www.motocultura.com.br\/home\/wp-content\/uploads\/2023\/02\/ducati-1198-collector73-001-1024x1024.jpg\" alt=\"Ducati 1198 Collector 73\" width=\"1024\" height=\"1024\" srcset=\"https:\/\/www.motocultura.com.br\/home\/wp-content\/uploads\/2023\/02\/ducati-1198-collector73-001-1024x1024.jpg 1024w, https:\/\/www.motocultura.com.br\/home\/wp-content\/uploads\/2023\/02\/ducati-1198-collector73-001-300x300.jpg 300w, https:\/\/www.motocultura.com.br\/home\/wp-content\/uploads\/2023\/02\/ducati-1198-collector73-001-150x150.jpg 150w, https:\/\/www.motocultura.com.br\/home\/wp-content\/uploads\/2023\/02\/ducati-1198-collector73-001-768x768.jpg 768w, https:\/\/www.motocultura.com.br\/home\/wp-content\/uploads\/2023\/02\/ducati-1198-collector73-001-365x365.jpg 365w, https:\/\/www.motocultura.com.br\/home\/wp-content\/uploads\/2023\/02\/ducati-1198-collector73-001-500x500.jpg 500w, https:\/\/www.motocultura.com.br\/home\/wp-content\/uploads\/2023\/02\/ducati-1198-collector73-001.jpg 1080w\" sizes=\"(max-width: 1024px) 100vw, 1024px\" \/><figcaption id=\"caption-attachment-4348\" class=\"wp-caption-text\">A n\u00famero 2: Ducati 1198. S\u00f3 para consumo pr\u00f3prio.<\/figcaption><\/figure>\n<p>&nbsp;<\/p>\n<p><img decoding=\"async\" loading=\"lazy\" class=\"aligncenter size-large wp-image-4349\" src=\"https:\/\/www.motocultura.com.br\/home\/wp-content\/uploads\/2023\/02\/ducati-1198-collector73-002-1024x1024.jpg\" alt=\"Ducati 1198 Collector 73\" width=\"1024\" height=\"1024\" srcset=\"https:\/\/www.motocultura.com.br\/home\/wp-content\/uploads\/2023\/02\/ducati-1198-collector73-002-1024x1024.jpg 1024w, https:\/\/www.motocultura.com.br\/home\/wp-content\/uploads\/2023\/02\/ducati-1198-collector73-002-300x300.jpg 300w, https:\/\/www.motocultura.com.br\/home\/wp-content\/uploads\/2023\/02\/ducati-1198-collector73-002-150x150.jpg 150w, https:\/\/www.motocultura.com.br\/home\/wp-content\/uploads\/2023\/02\/ducati-1198-collector73-002-768x768.jpg 768w, https:\/\/www.motocultura.com.br\/home\/wp-content\/uploads\/2023\/02\/ducati-1198-collector73-002-365x365.jpg 365w, https:\/\/www.motocultura.com.br\/home\/wp-content\/uploads\/2023\/02\/ducati-1198-collector73-002-500x500.jpg 500w, https:\/\/www.motocultura.com.br\/home\/wp-content\/uploads\/2023\/02\/ducati-1198-collector73-002.jpg 1080w\" sizes=\"(max-width: 1024px) 100vw, 1024px\" \/><\/p>\n<p>&nbsp;<\/p>\n<figure id=\"attachment_4350\" aria-describedby=\"caption-attachment-4350\" style=\"width: 1024px\" class=\"wp-caption aligncenter\"><img decoding=\"async\" loading=\"lazy\" class=\"size-large wp-image-4350\" src=\"https:\/\/www.motocultura.com.br\/home\/wp-content\/uploads\/2023\/02\/kawasaki-zr1000-collector73-001-1024x1024.jpg\" alt=\"Kawasaki ZR1000 Collector 73\" width=\"1024\" height=\"1024\" srcset=\"https:\/\/www.motocultura.com.br\/home\/wp-content\/uploads\/2023\/02\/kawasaki-zr1000-collector73-001-1024x1024.jpg 1024w, https:\/\/www.motocultura.com.br\/home\/wp-content\/uploads\/2023\/02\/kawasaki-zr1000-collector73-001-300x300.jpg 300w, https:\/\/www.motocultura.com.br\/home\/wp-content\/uploads\/2023\/02\/kawasaki-zr1000-collector73-001-150x150.jpg 150w, https:\/\/www.motocultura.com.br\/home\/wp-content\/uploads\/2023\/02\/kawasaki-zr1000-collector73-001-768x768.jpg 768w, https:\/\/www.motocultura.com.br\/home\/wp-content\/uploads\/2023\/02\/kawasaki-zr1000-collector73-001-365x365.jpg 365w, https:\/\/www.motocultura.com.br\/home\/wp-content\/uploads\/2023\/02\/kawasaki-zr1000-collector73-001-500x500.jpg 500w, https:\/\/www.motocultura.com.br\/home\/wp-content\/uploads\/2023\/02\/kawasaki-zr1000-collector73-001.jpg 1037w\" sizes=\"(max-width: 1024px) 100vw, 1024px\" \/><figcaption id=\"caption-attachment-4350\" class=\"wp-caption-text\">A n\u00famero 3: Uma Kawasaki ZR1000 para o pai.<\/figcaption><\/figure>\n<p>&nbsp;<\/p>\n<figure id=\"attachment_4351\" aria-describedby=\"caption-attachment-4351\" style=\"width: 1024px\" class=\"wp-caption aligncenter\"><img decoding=\"async\" loading=\"lazy\" class=\"size-large wp-image-4351\" src=\"https:\/\/www.motocultura.com.br\/home\/wp-content\/uploads\/2023\/02\/carlos-delgado-e-paulo-1024x768.jpg\" alt=\"Carlos Delgado e seu pai, Paulo Delgado\" width=\"1024\" height=\"768\" srcset=\"https:\/\/www.motocultura.com.br\/home\/wp-content\/uploads\/2023\/02\/carlos-delgado-e-paulo-1024x768.jpg 1024w, https:\/\/www.motocultura.com.br\/home\/wp-content\/uploads\/2023\/02\/carlos-delgado-e-paulo-300x225.jpg 300w, https:\/\/www.motocultura.com.br\/home\/wp-content\/uploads\/2023\/02\/carlos-delgado-e-paulo-768x576.jpg 768w, https:\/\/www.motocultura.com.br\/home\/wp-content\/uploads\/2023\/02\/carlos-delgado-e-paulo-1536x1152.jpg 1536w, https:\/\/www.motocultura.com.br\/home\/wp-content\/uploads\/2023\/02\/carlos-delgado-e-paulo.jpg 1637w\" sizes=\"(max-width: 1024px) 100vw, 1024px\" \/><figcaption id=\"caption-attachment-4351\" class=\"wp-caption-text\">Carlos Delgado e seu pai, Paulo Delgado<\/figcaption><\/figure>\n<p>&nbsp;<\/p>\n<p>S\u00f3 havia um pequeno problema. Como se dispor a manter, guardar e rodar devidamente com <b>73 motocicletas<\/b>? Isso sem contar o prov\u00e1vel custo financeiro. Carlos tinha um problema. Ou passaria o resto da vida cuidando de 73 filhos mec\u00e2nicos e rodando at\u00e9 para ir ao banheiro ou teria de pensar em alguma solu\u00e7\u00e3o para evitar que fosse internado em um hosp\u00edcio. A <b>quarta moto<\/b> j\u00e1 havia sa\u00eddo de suas m\u00e3os e garagem, mas acabou voltando por que o amigo que a encomendou acabou mudando de ideia e, obviamente, Carlos ficou com a <b>moto <\/b>para ele.<\/p>\n<p>&nbsp;<\/p>\n<figure id=\"attachment_4353\" aria-describedby=\"caption-attachment-4353\" style=\"width: 989px\" class=\"wp-caption aligncenter\"><img decoding=\"async\" loading=\"lazy\" class=\"size-full wp-image-4353\" src=\"https:\/\/www.motocultura.com.br\/home\/wp-content\/uploads\/2023\/02\/triumph-speed-triple-1050-collector73-001.jpg\" alt=\"Triumph Speed Triple 1050 Collector 73\" width=\"989\" height=\"988\" srcset=\"https:\/\/www.motocultura.com.br\/home\/wp-content\/uploads\/2023\/02\/triumph-speed-triple-1050-collector73-001.jpg 989w, https:\/\/www.motocultura.com.br\/home\/wp-content\/uploads\/2023\/02\/triumph-speed-triple-1050-collector73-001-300x300.jpg 300w, https:\/\/www.motocultura.com.br\/home\/wp-content\/uploads\/2023\/02\/triumph-speed-triple-1050-collector73-001-150x150.jpg 150w, https:\/\/www.motocultura.com.br\/home\/wp-content\/uploads\/2023\/02\/triumph-speed-triple-1050-collector73-001-768x767.jpg 768w, https:\/\/www.motocultura.com.br\/home\/wp-content\/uploads\/2023\/02\/triumph-speed-triple-1050-collector73-001-365x365.jpg 365w, https:\/\/www.motocultura.com.br\/home\/wp-content\/uploads\/2023\/02\/triumph-speed-triple-1050-collector73-001-500x500.jpg 500w\" sizes=\"(max-width: 989px) 100vw, 989px\" \/><figcaption id=\"caption-attachment-4353\" class=\"wp-caption-text\">A n\u00famero 4: Triumph Speed Triple 1050 rejeitada de bom grado.<\/figcaption><\/figure>\n<p>&nbsp;<\/p>\n<p>Desse pequeno inconveniente log\u00edstico, financeiro e operacional Carlos decidiu que poderia projetar as <b>motocicletas<\/b> e oferec\u00ea-las j\u00e1 prontas<b> para amigos pr\u00f3ximos,<\/b> mantendo sua assinatura. Mas como faria para ter a moto a m\u00e3o sempre que quisesse? Do imbr\u00f3glio veio a solu\u00e7\u00e3o mais do que natural: o <b>Collector 73<\/b> seria uma confraria, uma esp\u00e9cie de clube onde seu \u201cs\u00f3cio\u201d, ao comprar uma <b>motocicleta<\/b>, tamb\u00e9m faria parte de um grupo seleto que se proporia a <b>rodar com as motos<\/b>, participar de eventos, tanto os mais pessoais\u00a0 e intimistas quanto os maiores. At\u00e9 porque uma das premissas \u00e9 fazer motos para rodarem e n\u00e3o para figurarem como trof\u00e9us poeirentos em um pedestal na sala de estar de algum bacana ou mesmo cobertas com uma lona barata em alguma garagem remota. A partir desse ponto, como costuma afirmar, Carlos passou a <b>colecionar as suas motos na garagem dos amigos<\/b>.<\/p>\n<p>Essa concep\u00e7\u00e3o ajudou Carlos a delinear muito mais claramente o projeto e estabelecer algumas regras para que sua ideia continuasse da melhor forma poss\u00edvel. Com a premissa de que <b>as motos deveriam rodar em grupo<\/b> sempre que poss\u00edvel, naturalmente se desenhou uma barreira geogr\u00e1fica n\u00e3o necessariamente antip\u00e1tica e sim pr\u00e1tica e pragm\u00e1tica. Para se ter uma moto da<b> Collector 73 <\/b>era necess\u00e1rio proximidade f\u00edsica, mais especificamente estar na capital do estado de S\u00e3o Paulo ou perto o bastante para participar ativamente da programa\u00e7\u00e3o da confraria.<\/p>\n<p>&nbsp;<\/p>\n<figure id=\"attachment_4354\" aria-describedby=\"caption-attachment-4354\" style=\"width: 1024px\" class=\"wp-caption aligncenter\"><img decoding=\"async\" loading=\"lazy\" class=\"size-large wp-image-4354\" src=\"https:\/\/www.motocultura.com.br\/home\/wp-content\/uploads\/2023\/02\/collector73-ride-1024x1024.jpg\" alt=\"Collector 73 em movimento\" width=\"1024\" height=\"1024\" srcset=\"https:\/\/www.motocultura.com.br\/home\/wp-content\/uploads\/2023\/02\/collector73-ride-1024x1024.jpg 1024w, https:\/\/www.motocultura.com.br\/home\/wp-content\/uploads\/2023\/02\/collector73-ride-300x300.jpg 300w, https:\/\/www.motocultura.com.br\/home\/wp-content\/uploads\/2023\/02\/collector73-ride-150x150.jpg 150w, https:\/\/www.motocultura.com.br\/home\/wp-content\/uploads\/2023\/02\/collector73-ride-768x768.jpg 768w, https:\/\/www.motocultura.com.br\/home\/wp-content\/uploads\/2023\/02\/collector73-ride-365x365.jpg 365w, https:\/\/www.motocultura.com.br\/home\/wp-content\/uploads\/2023\/02\/collector73-ride-500x500.jpg 500w, https:\/\/www.motocultura.com.br\/home\/wp-content\/uploads\/2023\/02\/collector73-ride.jpg 1080w\" sizes=\"(max-width: 1024px) 100vw, 1024px\" \/><figcaption id=\"caption-attachment-4354\" class=\"wp-caption-text\">Collector 73 em movimento<\/figcaption><\/figure>\n<p><img decoding=\"async\" loading=\"lazy\" class=\"aligncenter size-large wp-image-4355\" src=\"https:\/\/www.motocultura.com.br\/home\/wp-content\/uploads\/2023\/02\/collector73-ride-001-1024x1024.jpg\" alt=\"Collector 73 em movimento\" width=\"1024\" height=\"1024\" srcset=\"https:\/\/www.motocultura.com.br\/home\/wp-content\/uploads\/2023\/02\/collector73-ride-001-1024x1024.jpg 1024w, https:\/\/www.motocultura.com.br\/home\/wp-content\/uploads\/2023\/02\/collector73-ride-001-300x300.jpg 300w, https:\/\/www.motocultura.com.br\/home\/wp-content\/uploads\/2023\/02\/collector73-ride-001-150x150.jpg 150w, https:\/\/www.motocultura.com.br\/home\/wp-content\/uploads\/2023\/02\/collector73-ride-001-768x768.jpg 768w, https:\/\/www.motocultura.com.br\/home\/wp-content\/uploads\/2023\/02\/collector73-ride-001-365x365.jpg 365w, https:\/\/www.motocultura.com.br\/home\/wp-content\/uploads\/2023\/02\/collector73-ride-001-500x500.jpg 500w, https:\/\/www.motocultura.com.br\/home\/wp-content\/uploads\/2023\/02\/collector73-ride-001.jpg 1080w\" sizes=\"(max-width: 1024px) 100vw, 1024px\" \/><\/p>\n<p>Em 2020, a infelicidade da <b>pandemia da Covid-19<\/b>, ironicamente, acabou dando mais tempo para que Carlos se dedicasse ativamente ao projeto. E foi justamente nesse per\u00edodo de pouco mais de dois anos que as coisas come\u00e7aram a andar mais rapidamente. Das atuais<b> 25 motocicletas entregues at\u00e9 agora<\/b>, 15 delas foram concebidas e constru\u00eddas neste per\u00edodo, principalmente pelo fato de aparecerem muitas ofertas de<b> motocicletas base <\/b>que, antes, em tempos relativamente normais, haviam sumido do mercado j\u00e1 que a procura de motocicletas de passeio acabou despencando (ao contr\u00e1rio do mercado de motocicletas utilit\u00e1rias que explodiu com a acelera\u00e7\u00e3o e consolida\u00e7\u00e3o dos servi\u00e7os de delivery, hoje onipresentes).<\/p>\n<p>No geral, as <b>motocicletas <\/b>escolhidas pelo projetista s\u00e3o de <b>alta cilindrada e desempenho<\/b>, heran\u00e7a e prefer\u00eancia de um passado de competi\u00e7\u00e3o em Interlagos no <b>Pirelli Superbike Series<\/b> quando <b>corria com o n\u00famero 73<\/b>.<\/p>\n<p>Ao longo do tempo, um projeto depois do outro, Carlos foi ganhando experi\u00eancia, clientes e uma <b>rede s\u00f3lida de fornecedores<\/b>. Atualmente trabalha com <b>metal shapers<\/b>, alguns<b> profissionais de customiza\u00e7\u00e3o<\/b> e oficinas especializadas em pintura e mec\u00e2nica. Entre eles <b>Taticahammer, <\/b><a href=\"https:\/\/www.instagram.com\/boozeblevons\/\"><b>Booze Blevons<\/b><\/a>., <a href=\"https:\/\/www.instagram.com\/gregoscustoms\/\"><b>Grego Customs<\/b><\/a>, <b>Silvox, <\/b><a href=\"https:\/\/www.instagram.com\/premiummotostudio\/\"><b>Premium Moto Studio<\/b><\/a><b>, <\/b><a href=\"https:\/\/www.instagram.com\/s_r_corse\/\"><b>Sr Corse<\/b><\/a><b>, Cicero Pinturas, <\/b><a href=\"https:\/\/www.instagram.com\/mariobancos\/\"><b>Mario Bancos<\/b><\/a><b>, Vincent Motos<\/b>, alguns j\u00e1 conhecidos aqui no <b>Motocultura<\/b>. Junto a esta rede Carlos participa ativamente na concep\u00e7\u00e3o dos projetos, mas os construtores tamb\u00e9m t\u00eam papel decisivo e criativo dentro dos par\u00e2metros e expectativas do projetista. \u00c9 um trabalho h\u00e1 v\u00e1rias m\u00e3os, longe de ser uma esp\u00e9cie de ditadura.<\/p>\n<p>No princ\u00edpio Carlos garimpava as <b>motocicletas base<\/b> (o que d\u00e1 muito trabalho), idealizava o projeto e, de acordo com o desenho, escolhia os <b>fornecedores<\/b> que acreditava terem mais afinidade com aquele <b>estilo de customiza\u00e7\u00e3o<\/b>. Com a moto pronta, finalmente procurava um segundo pai para a cria\u00e7\u00e3o. At\u00e9 porque, por mais estranho que pare\u00e7a, \u00e9 mais f\u00e1cil seduzir e vender a motocicleta materializada, pronta, do que vender uma ideia ainda abstrata em forma de promessa e desenho no papel. Esse processo se deu at\u00e9 a <b>motocicleta de n\u00famero 21.<\/b><\/p>\n<p>&nbsp;<\/p>\n<figure id=\"attachment_4357\" aria-describedby=\"caption-attachment-4357\" style=\"width: 696px\" class=\"wp-caption aligncenter\"><img decoding=\"async\" loading=\"lazy\" class=\"size-full wp-image-4357\" src=\"https:\/\/www.motocultura.com.br\/home\/wp-content\/uploads\/2023\/02\/moto-21-ducati-749-dark-collector73.jpg\" alt=\"Ducati 749 Dark Collector 73\" width=\"696\" height=\"696\" srcset=\"https:\/\/www.motocultura.com.br\/home\/wp-content\/uploads\/2023\/02\/moto-21-ducati-749-dark-collector73.jpg 696w, https:\/\/www.motocultura.com.br\/home\/wp-content\/uploads\/2023\/02\/moto-21-ducati-749-dark-collector73-300x300.jpg 300w, https:\/\/www.motocultura.com.br\/home\/wp-content\/uploads\/2023\/02\/moto-21-ducati-749-dark-collector73-150x150.jpg 150w, https:\/\/www.motocultura.com.br\/home\/wp-content\/uploads\/2023\/02\/moto-21-ducati-749-dark-collector73-365x365.jpg 365w, https:\/\/www.motocultura.com.br\/home\/wp-content\/uploads\/2023\/02\/moto-21-ducati-749-dark-collector73-500x500.jpg 500w\" sizes=\"(max-width: 696px) 100vw, 696px\" \/><figcaption id=\"caption-attachment-4357\" class=\"wp-caption-text\">A n\u00famero 21: divisor de \u00e1guas para uma nova abordagem.<\/figcaption><\/figure>\n<h4>Uma BMW especial e uma despedida<\/h4>\n<p>Como uma forma de retribuir e agradecer n\u00e3o s\u00f3 a heran\u00e7a da<strong> paix\u00e3o pelas duas rodas<\/strong> mas tamb\u00e9m uma vida de companheirismo, exemplo, amor e carinho, Carlos decidiu projetar <strong>uma moto para seu pai<\/strong>, Paulo Delgado, para que se aposentasse em grande estilo.<\/p>\n<p>Como viveram grandes aventuras juntos indo ao Atacama e Patag\u00f4nia, nada mais adequado que partir de uma grande aventureira. A escolha foi uma <strong>BMW R1150GS<\/strong>. Paulo acompanhou de perto todo o processo.<\/p>\n<div class=\"mceTemp\"><\/div>\n<figure id=\"attachment_4362\" aria-describedby=\"caption-attachment-4362\" style=\"width: 1024px\" class=\"wp-caption aligncenter\"><img decoding=\"async\" loading=\"lazy\" class=\"size-large wp-image-4362\" src=\"https:\/\/www.motocultura.com.br\/home\/wp-content\/uploads\/2023\/03\/BMW-R1150GS-collector73-1024x768.jpg\" alt=\"BMW R1150GS\" width=\"1024\" height=\"768\" srcset=\"https:\/\/www.motocultura.com.br\/home\/wp-content\/uploads\/2023\/03\/BMW-R1150GS-collector73-1024x768.jpg 1024w, https:\/\/www.motocultura.com.br\/home\/wp-content\/uploads\/2023\/03\/BMW-R1150GS-collector73-300x225.jpg 300w, https:\/\/www.motocultura.com.br\/home\/wp-content\/uploads\/2023\/03\/BMW-R1150GS-collector73-768x576.jpg 768w, https:\/\/www.motocultura.com.br\/home\/wp-content\/uploads\/2023\/03\/BMW-R1150GS-collector73.jpg 1080w\" sizes=\"(max-width: 1024px) 100vw, 1024px\" \/><figcaption id=\"caption-attachment-4362\" class=\"wp-caption-text\">BMW R1150GS: aventureira modificada para o pai<\/figcaption><\/figure>\n<p>&nbsp;<\/p>\n<p>As <strong>mensagens trocadas entre pai e filho<\/strong> sobre a moto voc\u00ea confere a seguir.<\/p>\n<p><strong>Carlos:<\/strong> <i>Bom dia pai! Testada e aprovada. T\u00e1 animal a moto! Acho que voc\u00ea vai gostar!<\/i><\/p>\n<p><strong>Paulo: <\/strong><i>Estou emocionado, filho. Essa hist\u00f3ria toda come\u00e7ou com voc\u00ea, ainda garotinho, desmontando, reformando e pintando comigo sua primeira bicicletinha, aquela que havia ganho usada de seu primo. Escolheu pintar ela de preto porque era a cor da minha CB550 na \u00e9poca, lembra?&#8230; Depois, j\u00e1 jovenzinho, montando comigo sua primeira mountain bike, adaptando marchas naquela Caloi pesada, nesta mesma oficina da nossa casa onde agora acompanho todas as suas cria\u00e7\u00f5es, verdadeiras obras de arte.<br \/>\n<\/i><i>N\u00e3o tem nada mais emocionante do que essa homenagem daquele que foi sempre meu melhor e constante parceiro, n\u00e3o s\u00f3 de duas rodas mas de toda vida.<br \/>\n<\/i><i>Obrigado Senhor.<\/i><\/p>\n<figure id=\"attachment_4363\" aria-describedby=\"caption-attachment-4363\" style=\"width: 1024px\" class=\"wp-caption aligncenter\"><img decoding=\"async\" loading=\"lazy\" class=\"size-full wp-image-4363\" src=\"https:\/\/www.motocultura.com.br\/home\/wp-content\/uploads\/2023\/03\/carlos-delgado-paulo-delgado-bmw.jpg\" alt=\"\" width=\"1024\" height=\"891\" srcset=\"https:\/\/www.motocultura.com.br\/home\/wp-content\/uploads\/2023\/03\/carlos-delgado-paulo-delgado-bmw.jpg 1024w, https:\/\/www.motocultura.com.br\/home\/wp-content\/uploads\/2023\/03\/carlos-delgado-paulo-delgado-bmw-300x261.jpg 300w, https:\/\/www.motocultura.com.br\/home\/wp-content\/uploads\/2023\/03\/carlos-delgado-paulo-delgado-bmw-768x668.jpg 768w\" sizes=\"(max-width: 1024px) 100vw, 1024px\" \/><figcaption id=\"caption-attachment-4363\" class=\"wp-caption-text\">Projeto especial de filho para pai<\/figcaption><\/figure>\n<p>&nbsp;<\/p>\n<p>Tristemente, em novembro de 2021, pouco depois da motocicleta ficar pronta, Paulo faleceu, antes de poder andar na <strong>motocicleta<\/strong> constru\u00edda para ele. Mas com toda a certeza, ainda em vida, se orgulhou e se encheu de alegria frente ao amor e dedica\u00e7\u00e3o do filho. Involuntariamente, a BMW tornou-se uma materializa\u00e7\u00e3o do amor entre pai e filho. Carlos hoje sente saudades do \u201cv\u00e9io\u201d, piloto e super companheiro de muitas viagens e rol\u00eas.<\/p>\n<p>&nbsp;<\/p>\n<figure id=\"attachment_4364\" aria-describedby=\"caption-attachment-4364\" style=\"width: 900px\" class=\"wp-caption aligncenter\"><img decoding=\"async\" loading=\"lazy\" class=\"size-full wp-image-4364\" src=\"https:\/\/www.motocultura.com.br\/home\/wp-content\/uploads\/2023\/03\/paulo-delgado-e-os-filhos.jpg\" alt=\"\" width=\"900\" height=\"675\" srcset=\"https:\/\/www.motocultura.com.br\/home\/wp-content\/uploads\/2023\/03\/paulo-delgado-e-os-filhos.jpg 900w, https:\/\/www.motocultura.com.br\/home\/wp-content\/uploads\/2023\/03\/paulo-delgado-e-os-filhos-300x225.jpg 300w, https:\/\/www.motocultura.com.br\/home\/wp-content\/uploads\/2023\/03\/paulo-delgado-e-os-filhos-768x576.jpg 768w\" sizes=\"(max-width: 900px) 100vw, 900px\" \/><figcaption id=\"caption-attachment-4364\" class=\"wp-caption-text\">Duas rodas em fam\u00edlia: Carlos na garupa de seu pai.<\/figcaption><\/figure>\n<p>&nbsp;<\/p>\n<figure id=\"attachment_4397\" aria-describedby=\"caption-attachment-4397\" style=\"width: 900px\" class=\"wp-caption aligncenter\"><img decoding=\"async\" loading=\"lazy\" class=\"size-full wp-image-4397\" src=\"https:\/\/www.motocultura.com.br\/home\/wp-content\/uploads\/2023\/03\/viagem-atacama.jpg\" alt=\"\" width=\"900\" height=\"675\" srcset=\"https:\/\/www.motocultura.com.br\/home\/wp-content\/uploads\/2023\/03\/viagem-atacama.jpg 900w, https:\/\/www.motocultura.com.br\/home\/wp-content\/uploads\/2023\/03\/viagem-atacama-300x225.jpg 300w, https:\/\/www.motocultura.com.br\/home\/wp-content\/uploads\/2023\/03\/viagem-atacama-768x576.jpg 768w\" sizes=\"(max-width: 900px) 100vw, 900px\" \/><figcaption id=\"caption-attachment-4397\" class=\"wp-caption-text\">Aventura a dois no Atacama<\/figcaption><\/figure>\n<h4><b>Ajuste de processos e<\/b> uma<b> nova abordagem<\/b><\/h4>\n<p>Atualmente o curso foi ajustado. Hoje, al\u00e9m de vender as motocicletas prontas, Carlos tamb\u00e9m prospecta o desejo de um potencial cliente, desde que haja\u00a0 sinergia com a proposta do acervo da <b>Collector73<\/b>. Ele desenha o projeto e <b>direciona a compra da moto adequada \u00e0 vis\u00e3o do cliente<\/b>. E isso evita muita, mas muita dor de cabe\u00e7a. Qualquer um que trabalha com customiza\u00e7\u00e3o sabe que, talvez, um dos passos mais importantes \u00e9 a <b>escolha da moto de acordo com o estilo de customiza\u00e7\u00e3o<\/b>. Para ilustrar de maneira clara, imagine um cliente que tem uma <b>Harley Davidson<\/b> t\u00edpica, custom, e dela quer fazer uma <b>cafe racer<\/b>. \u00c9 poss\u00edvel? Sim. Sempre \u00e9. A quest\u00e3o \u00e9 que o trabalho ser\u00e1 imenso e o custo, consequentemente, alt\u00edssimo. <b>Partir da moto mais adequada torna tudo muito, mas muito mais f\u00e1cil em todas as etapas do projeto.<\/b><\/p>\n<p>E aqui entra um detalhe importante. <b>Quem dirige a cria\u00e7\u00e3o \u00e9 Carlos<\/b>. O cliente n\u00e3o opina. Claro que isso \u00e9 acertado diplomaticamente com todas as palavras e argumentos antes, para que n\u00e3o haja nenhum tipo de atrito ou conflito como consequ\u00eancia. Carlos quer ler o cliente e surpreend\u00ea-lo, coisa que, de certa forma, marcas de luxo e qualidade fazem o tempo todo. O acordo funciona mais ou menos como uma consultoria. Carlos se coloca como o especialista e como a figura que faz a ponte important\u00edssima entre o desenho e o trabalho dos construtores. At\u00e9 porque a ideia \u00e9 que a motocicleta leve a assinatura do <b>Collector 73<\/b>. E a gente sabe que o que mais tem por a\u00ed \u00e9 cliente que n\u00e3o conhece absolutamente nada sobre customiza\u00e7\u00e3o, n\u00e3o conhece as possibilidades, os estilos e, por isso, n\u00e3o tem a m\u00ednima condi\u00e7\u00e3o de fazer uma moto harmoniosa e bem acabada. Na maioria das vezes \u00e9 aquele<b> cliente que n\u00e3o tem nem a m\u00ednima ideia do que quer<\/b>. E deixar esse sujeito apitar no desenho e na constru\u00e7\u00e3o da moto \u00e9 a receita para o desastre que acaba colocando todos os dias nas ruas projetos de motocicletas Frankensteins mutiladas e horrorosas de todas as maneiras. A ideia de uma esp\u00e9cie de grife e controle de qualidade <b>Collector 73<\/b> jamais pode deixar esse tipo de coisa acontecer. Uma curiosidade: a constru\u00e7\u00e3o \u00e9 sempre silenciosa. O cliente n\u00e3o recebe fotos do processo no melhor\/pior estilo <i>\u201cDeixa eu ver como est\u00e1 ficando?\u201d<\/i>. De certa forma isso cria zero ru\u00eddo entre cliente, projetista e construtor. No fundo, estabelece-se uma <b>rela\u00e7\u00e3o de extrema confian\u00e7a entre cliente e projetista<\/b>, como na verdade deve ser, criando e fortalecendo um la\u00e7o de proximidade e amizade entre os integrantes\/pilotos do grupo <b>Collector 73<\/b>.<\/p>\n<h4>Acompanhe um passeio da Collector 73 em v\u00eddeo:<\/h4>\n<p><iframe loading=\"lazy\" title=\"Primeiro COLLECTOR 73 RIDE - Motos customizadas ao melhor estilo Cafe Racer, pelas ruas de SP.\" width=\"1200\" height=\"675\" src=\"https:\/\/www.youtube.com\/embed\/WsOphVQ3o7w?feature=oembed\" frameborder=\"0\" allow=\"accelerometer; autoplay; clipboard-write; encrypted-media; gyroscope; picture-in-picture; web-share\" allowfullscreen><\/iframe><\/p>\n<p>&nbsp;<\/p>\n<p>Portanto, al\u00e9m de eventualmente vender as <b>motocicletas <\/b>prontas, Carlos agora <b>vende um projeto, uma consultoria<\/b> e, claro, uma confraria amarrando toda a ideia inicial de um grupo coeso e pronto para participar de eventos, passeios ou at\u00e9 mesmo um churrasco informal no quintal da casa da <b>Collector 73<\/b>. O cliente n\u00e3o compra apenas uma motocicleta, ele leva de b\u00f4nus um estilo de vida e um grupo de entusiastas com paix\u00f5es e afinidades em comum.<\/p>\n<p>Os <b>dois modelos de trabalho<\/b>, vender o projeto finalizado ou vender a ideia inicial, tem suas particularidades e dificuldades.Um projeto pronto tem de achar o dono certo, que bate o olho na moto e pensa <i>\u201c\u00c9 a minha cara\u201d<\/i>. E isso n\u00e3o \u00e9 l\u00e1 muito f\u00e1cil j\u00e1 que customiza\u00e7\u00e3o \u00e9 algo bastante particular e pessoal. Por outro lado, agora com um portf\u00f3lio consistente de motocicletas prontas e rodando, Carlos tem muito mais argumentos e chancela para vender apenas a ideia inicial e pedir a confian\u00e7a do cliente para entregar algo dentro dos padr\u00f5es de exig\u00eancia e qualidade da <b>Collector 73<\/b> pois, de certa forma, o cliente sabe o que esperar e o fato do futuro propriet\u00e1rio fazer parte de um seleto grupo tamb\u00e9m auxilia no argumento de convencimento.<\/p>\n<p>No fundo, a <b>intermedia\u00e7\u00e3o e exig\u00eancias da Collector <\/b>s\u00e3o um fator <b>facilitador <\/b>e um <b>controle de qualidade<\/b> muito bem vindo. O eventual encontro de um construtor muito aberto aos desejos de um cliente sem muito conhecimento e que n\u00e3o sabe muito bem o que quer pode resultar em uma <b>motocicleta <\/b>que, quando conclu\u00edda, <b>n\u00e3o vai agradar nem um e nem o outro <\/b>e, provavelmente, mais\u00a0 ningu\u00e9m. E acredite, isso acontece o tempo inteiro. A r\u00e9dea curta de Carlos, al\u00e9m de fazer com que o processo flua mais leve e eficiente, tamb\u00e9m evita surpresas desagrad\u00e1veis e contratempos. Querendo ou n\u00e3o a Collector faz uma <b>curadoria <\/b>de <b>motocicletas <\/b>e tamb\u00e9m de <b>p\u00fablico<\/b>. Mas n\u00e3o de uma maneira elitista ou\u00a0 esnobe. S\u00e3o meios que justificam os fins. \u00c9 pr\u00e1tico e objetivo visando uma meta clara e bem delineada. Sair desse m\u00e9todo arruinaria a ideia como um todo. O <b>cliente da Collector<\/b> tem de ser aquele cara que <b>entende o valor<\/b> de um projeto e n\u00e3o somente o pre\u00e7o.<\/p>\n<p>A prop\u00f3sito, falando em pre\u00e7o, n\u00e3o, Carlos n\u00e3o ficou rico com sua empreitada. A concep\u00e7\u00e3o \u00e9 aberta e declaradamente um <b>hobby <\/b>(remunerado, obviamente) que intenta ser prazeroso trazendo curti\u00e7\u00e3o, experi\u00eancia, habilidade e conhecimento. Todo\u00a0 mundo sabe que <b>customiza\u00e7\u00e3o \u00e9 um ramo de atua\u00e7\u00e3o extremamente dif\u00edcil <\/b>e n\u00e3o deixa ningu\u00e9m numa situa\u00e7\u00e3o financeira relativamente confort\u00e1vel. Na maioria das vezes a conta nunca fecha. Se dividir o pre\u00e7o do projeto pelo tempo gasto desde o desenho inicial at\u00e9 a entrega da moto, o valor mensal que se recebe n\u00e3o \u00e9 nada demais. At\u00e9 porque a capacidade de produ\u00e7\u00e3o de Carlos hoje \u00e9 de 6 ou no m\u00e1ximo 7 motos por ano. Poderia ampliar a rede de fornecedores e assim conseguir produzir mais em menos tempo? Provavelmente. Mas isso criaria um caos de gest\u00e3o que Carlos n\u00e3o deseja j\u00e1 que os projetos s\u00e3o feitos com todo o cuidado e aten\u00e7\u00e3o que merecem. Ou seja, <b>o neg\u00f3cio em si n\u00e3o \u00e9 escal\u00e1vel <\/b>e Carlos nem quer isso pois, lembre-se, quando a<b> moto de n\u00famero 73 <\/b>sair da oficina, o objetivo final estar\u00e1 conclu\u00eddo. E a partir deste ponto Carlos quer partir para uma outra empreitada, talvez envolvendo a pr\u00f3pria marca <b>Collectors 73<\/b>, s\u00f3 que em outras frentes e de uma outra maneira.<\/p>\n<p>Mas ent\u00e3o, <b>o que \u00e9 preciso para ser parte do Collector 73?<\/b><\/p>\n<p>Carlos \u00e9 claro e objetivo. S\u00e3o tr\u00eas pr\u00e9 requisitos b\u00e1sicos:<\/p>\n<p>1 &#8211; ter experi\u00eancia em duas rodas pra rodar (n\u00e3o \u00e9 um grupo de motos para ficarem paradas)<br \/>\n2 &#8211; a moto tem de estar em S\u00e3o Paulo (capital) por conta dos projetos estarem quase sempre juntos e a m\u00e3o para eventos e encontros.<br \/>\n3 &#8211; compatibilidade de empatia e valores baseados no bom senso. Um grupo coeso tem de ter o m\u00e1ximo de valores e aspira\u00e7\u00f5es em comum.<br \/>\nObs:<b> o valor da moto ou do projeto n\u00e3o interessa<\/b>. Por mais que o grupo tenha motos de alta cilindrada, uma moto menor cujo aspirante ao clube preencha os requisitos \u00e9 muito bem vinda.<\/p>\n<h4>Confira na galeria as motocicletas da Collector 73.<\/h4>\n<div class=\"tiled-gallery type-square tiled-gallery-unresized\" data-original-width=\"1200\" data-carousel-extra='null' itemscope itemtype=\"http:\/\/schema.org\/ImageGallery\" > <div class=\"gallery-row\" style=\"width: 1200px; height: 1200px;\" data-original-width=\"1200\" data-original-height=\"1200\" > <div class=\"gallery-group\" style=\"width: 1200px; height: 1200px;\" data-original-width=\"1200\" data-original-height=\"1200\" > <div class=\"tiled-gallery-item \" itemprop=\"associatedMedia\" itemscope itemtype=\"http:\/\/schema.org\/ImageObject\"> <meta itemprop=\"width\" content=\"1196\"> <meta itemprop=\"height\" content=\"1196\"> <img data-attachment-id=\"4407\" data-orig-file=\"https:\/\/www.motocultura.com.br\/home\/wp-content\/uploads\/2023\/03\/galeria-016.jpg\" data-orig-size=\"1200,1200\" data-comments-opened=\"1\" data-image-meta=\"{&quot;aperture&quot;:&quot;0&quot;,&quot;credit&quot;:&quot;&quot;,&quot;camera&quot;:&quot;&quot;,&quot;caption&quot;:&quot;&quot;,&quot;created_timestamp&quot;:&quot;0&quot;,&quot;copyright&quot;:&quot;&quot;,&quot;focal_length&quot;:&quot;0&quot;,&quot;iso&quot;:&quot;0&quot;,&quot;shutter_speed&quot;:&quot;0&quot;,&quot;title&quot;:&quot;&quot;,&quot;orientation&quot;:&quot;0&quot;}\" data-image-title=\"galeria-016\" data-image-description=\"\" data-medium-file=\"https:\/\/www.motocultura.com.br\/home\/wp-content\/uploads\/2023\/03\/galeria-016-300x300.jpg\" data-large-file=\"https:\/\/www.motocultura.com.br\/home\/wp-content\/uploads\/2023\/03\/galeria-016-1024x1024.jpg\" src=\"https:\/\/i0.wp.com\/www.motocultura.com.br\/home\/wp-content\/uploads\/2023\/03\/galeria-016.jpg?w=1196&#038;h=1196&#038;crop=1&#038;ssl=1\" width=\"1196\" height=\"1196\" data-original-width=\"1196\" data-original-height=\"1196\" itemprop=\"http:\/\/schema.org\/image\" title=\"galeria-016\" alt=\"galeria-016\" style=\"width: 1196px; height: 1196px;\" \/> <\/div> <\/div> <\/div> <div class=\"gallery-row\" style=\"width: 1200px; height: 600px;\" data-original-width=\"1200\" data-original-height=\"600\" > <div class=\"gallery-group\" style=\"width: 600px; height: 600px;\" data-original-width=\"600\" data-original-height=\"600\" > <div class=\"tiled-gallery-item \" itemprop=\"associatedMedia\" itemscope itemtype=\"http:\/\/schema.org\/ImageObject\"> <meta itemprop=\"width\" content=\"596\"> <meta itemprop=\"height\" content=\"596\"> <img data-attachment-id=\"4404\" data-orig-file=\"https:\/\/www.motocultura.com.br\/home\/wp-content\/uploads\/2023\/03\/galeria-21.jpg\" data-orig-size=\"1080,1080\" data-comments-opened=\"1\" data-image-meta=\"{&quot;aperture&quot;:&quot;0&quot;,&quot;credit&quot;:&quot;&quot;,&quot;camera&quot;:&quot;&quot;,&quot;caption&quot;:&quot;&quot;,&quot;created_timestamp&quot;:&quot;0&quot;,&quot;copyright&quot;:&quot;&quot;,&quot;focal_length&quot;:&quot;0&quot;,&quot;iso&quot;:&quot;0&quot;,&quot;shutter_speed&quot;:&quot;0&quot;,&quot;title&quot;:&quot;&quot;,&quot;orientation&quot;:&quot;0&quot;}\" data-image-title=\"galeria-21\" data-image-description=\"\" data-medium-file=\"https:\/\/www.motocultura.com.br\/home\/wp-content\/uploads\/2023\/03\/galeria-21-300x300.jpg\" data-large-file=\"https:\/\/www.motocultura.com.br\/home\/wp-content\/uploads\/2023\/03\/galeria-21-1024x1024.jpg\" src=\"https:\/\/i0.wp.com\/www.motocultura.com.br\/home\/wp-content\/uploads\/2023\/03\/galeria-21.jpg?w=596&#038;h=596&#038;crop=1&#038;ssl=1\" width=\"596\" height=\"596\" data-original-width=\"596\" data-original-height=\"596\" itemprop=\"http:\/\/schema.org\/image\" title=\"galeria-21\" alt=\"galeria-21\" style=\"width: 596px; height: 596px;\" \/> <\/div> <\/div> <div class=\"gallery-group\" style=\"width: 600px; height: 600px;\" data-original-width=\"600\" data-original-height=\"600\" > <div class=\"tiled-gallery-item \" itemprop=\"associatedMedia\" itemscope itemtype=\"http:\/\/schema.org\/ImageObject\"> <meta itemprop=\"width\" content=\"596\"> <meta itemprop=\"height\" content=\"596\"> <img data-attachment-id=\"4379\" data-orig-file=\"https:\/\/www.motocultura.com.br\/home\/wp-content\/uploads\/2023\/03\/galeria-002.jpg\" data-orig-size=\"1080,1080\" data-comments-opened=\"1\" data-image-meta=\"{&quot;aperture&quot;:&quot;0&quot;,&quot;credit&quot;:&quot;&quot;,&quot;camera&quot;:&quot;&quot;,&quot;caption&quot;:&quot;&quot;,&quot;created_timestamp&quot;:&quot;0&quot;,&quot;copyright&quot;:&quot;&quot;,&quot;focal_length&quot;:&quot;0&quot;,&quot;iso&quot;:&quot;0&quot;,&quot;shutter_speed&quot;:&quot;0&quot;,&quot;title&quot;:&quot;&quot;,&quot;orientation&quot;:&quot;0&quot;}\" data-image-title=\"galeria 002\" data-image-description=\"\" data-medium-file=\"https:\/\/www.motocultura.com.br\/home\/wp-content\/uploads\/2023\/03\/galeria-002-300x300.jpg\" data-large-file=\"https:\/\/www.motocultura.com.br\/home\/wp-content\/uploads\/2023\/03\/galeria-002-1024x1024.jpg\" src=\"https:\/\/i0.wp.com\/www.motocultura.com.br\/home\/wp-content\/uploads\/2023\/03\/galeria-002.jpg?w=596&#038;h=596&#038;crop=1&#038;ssl=1\" width=\"596\" height=\"596\" data-original-width=\"596\" data-original-height=\"596\" itemprop=\"http:\/\/schema.org\/image\" title=\"galeria 002\" alt=\"galeria 002\" style=\"width: 596px; height: 596px;\" \/> <\/div> <\/div> <\/div> <div class=\"gallery-row\" style=\"width: 1200px; height: 600px;\" data-original-width=\"1200\" data-original-height=\"600\" > <div class=\"gallery-group\" style=\"width: 600px; height: 600px;\" data-original-width=\"600\" data-original-height=\"600\" > <div class=\"tiled-gallery-item \" itemprop=\"associatedMedia\" itemscope itemtype=\"http:\/\/schema.org\/ImageObject\"> <meta itemprop=\"width\" content=\"596\"> <meta itemprop=\"height\" content=\"596\"> <img data-attachment-id=\"4382\" data-orig-file=\"https:\/\/www.motocultura.com.br\/home\/wp-content\/uploads\/2023\/03\/galeria-005.jpg\" data-orig-size=\"1080,1080\" data-comments-opened=\"1\" data-image-meta=\"{&quot;aperture&quot;:&quot;0&quot;,&quot;credit&quot;:&quot;&quot;,&quot;camera&quot;:&quot;&quot;,&quot;caption&quot;:&quot;&quot;,&quot;created_timestamp&quot;:&quot;0&quot;,&quot;copyright&quot;:&quot;&quot;,&quot;focal_length&quot;:&quot;0&quot;,&quot;iso&quot;:&quot;0&quot;,&quot;shutter_speed&quot;:&quot;0&quot;,&quot;title&quot;:&quot;&quot;,&quot;orientation&quot;:&quot;0&quot;}\" data-image-title=\"galeria 005\" data-image-description=\"\" data-medium-file=\"https:\/\/www.motocultura.com.br\/home\/wp-content\/uploads\/2023\/03\/galeria-005-300x300.jpg\" data-large-file=\"https:\/\/www.motocultura.com.br\/home\/wp-content\/uploads\/2023\/03\/galeria-005-1024x1024.jpg\" src=\"https:\/\/i0.wp.com\/www.motocultura.com.br\/home\/wp-content\/uploads\/2023\/03\/galeria-005.jpg?w=596&#038;h=596&#038;crop=1&#038;ssl=1\" width=\"596\" height=\"596\" data-original-width=\"596\" data-original-height=\"596\" itemprop=\"http:\/\/schema.org\/image\" title=\"galeria 005\" alt=\"galeria 005\" style=\"width: 596px; height: 596px;\" \/> <\/div> <\/div> <div class=\"gallery-group\" style=\"width: 600px; height: 600px;\" data-original-width=\"600\" data-original-height=\"600\" > <div class=\"tiled-gallery-item \" itemprop=\"associatedMedia\" itemscope itemtype=\"http:\/\/schema.org\/ImageObject\"> <meta itemprop=\"width\" content=\"596\"> <meta itemprop=\"height\" content=\"596\"> <img data-attachment-id=\"4380\" data-orig-file=\"https:\/\/www.motocultura.com.br\/home\/wp-content\/uploads\/2023\/03\/galeria-003.jpg\" data-orig-size=\"1080,1080\" data-comments-opened=\"1\" data-image-meta=\"{&quot;aperture&quot;:&quot;0&quot;,&quot;credit&quot;:&quot;&quot;,&quot;camera&quot;:&quot;&quot;,&quot;caption&quot;:&quot;&quot;,&quot;created_timestamp&quot;:&quot;0&quot;,&quot;copyright&quot;:&quot;&quot;,&quot;focal_length&quot;:&quot;0&quot;,&quot;iso&quot;:&quot;0&quot;,&quot;shutter_speed&quot;:&quot;0&quot;,&quot;title&quot;:&quot;&quot;,&quot;orientation&quot;:&quot;0&quot;}\" data-image-title=\"galeria 003\" data-image-description=\"\" data-medium-file=\"https:\/\/www.motocultura.com.br\/home\/wp-content\/uploads\/2023\/03\/galeria-003-300x300.jpg\" data-large-file=\"https:\/\/www.motocultura.com.br\/home\/wp-content\/uploads\/2023\/03\/galeria-003-1024x1024.jpg\" src=\"https:\/\/i0.wp.com\/www.motocultura.com.br\/home\/wp-content\/uploads\/2023\/03\/galeria-003.jpg?w=596&#038;h=596&#038;crop=1&#038;ssl=1\" width=\"596\" height=\"596\" data-original-width=\"596\" data-original-height=\"596\" itemprop=\"http:\/\/schema.org\/image\" title=\"galeria 003\" alt=\"galeria 003\" style=\"width: 596px; height: 596px;\" \/> <\/div> <\/div> <\/div> <div class=\"gallery-row\" style=\"width: 1200px; height: 600px;\" data-original-width=\"1200\" data-original-height=\"600\" > <div class=\"gallery-group\" style=\"width: 600px; height: 600px;\" data-original-width=\"600\" data-original-height=\"600\" > <div class=\"tiled-gallery-item \" itemprop=\"associatedMedia\" itemscope itemtype=\"http:\/\/schema.org\/ImageObject\"> <meta itemprop=\"width\" content=\"596\"> <meta itemprop=\"height\" content=\"596\"> <img data-attachment-id=\"4396\" data-orig-file=\"https:\/\/www.motocultura.com.br\/home\/wp-content\/uploads\/2023\/03\/galeria-001-1.jpg\" data-orig-size=\"675,675\" data-comments-opened=\"1\" data-image-meta=\"{&quot;aperture&quot;:&quot;0&quot;,&quot;credit&quot;:&quot;&quot;,&quot;camera&quot;:&quot;&quot;,&quot;caption&quot;:&quot;&quot;,&quot;created_timestamp&quot;:&quot;0&quot;,&quot;copyright&quot;:&quot;&quot;,&quot;focal_length&quot;:&quot;0&quot;,&quot;iso&quot;:&quot;0&quot;,&quot;shutter_speed&quot;:&quot;0&quot;,&quot;title&quot;:&quot;&quot;,&quot;orientation&quot;:&quot;1&quot;}\" data-image-title=\"galeria 001\" data-image-description=\"\" data-medium-file=\"https:\/\/www.motocultura.com.br\/home\/wp-content\/uploads\/2023\/03\/galeria-001-1-300x300.jpg\" data-large-file=\"https:\/\/www.motocultura.com.br\/home\/wp-content\/uploads\/2023\/03\/galeria-001-1.jpg\" src=\"https:\/\/i0.wp.com\/www.motocultura.com.br\/home\/wp-content\/uploads\/2023\/03\/galeria-001-1.jpg?w=596&#038;h=596&#038;crop=1&#038;ssl=1\" width=\"596\" height=\"596\" data-original-width=\"596\" data-original-height=\"596\" itemprop=\"http:\/\/schema.org\/image\" title=\"galeria 001\" alt=\"galeria 001\" style=\"width: 596px; height: 596px;\" \/> <\/div> <\/div> <div class=\"gallery-group\" style=\"width: 600px; height: 600px;\" data-original-width=\"600\" data-original-height=\"600\" > <div class=\"tiled-gallery-item \" itemprop=\"associatedMedia\" itemscope itemtype=\"http:\/\/schema.org\/ImageObject\"> <meta itemprop=\"width\" content=\"596\"> <meta itemprop=\"height\" content=\"596\"> <img data-attachment-id=\"4381\" data-orig-file=\"https:\/\/www.motocultura.com.br\/home\/wp-content\/uploads\/2023\/03\/galeria-004.jpg\" data-orig-size=\"1080,1080\" data-comments-opened=\"1\" data-image-meta=\"{&quot;aperture&quot;:&quot;0&quot;,&quot;credit&quot;:&quot;&quot;,&quot;camera&quot;:&quot;&quot;,&quot;caption&quot;:&quot;&quot;,&quot;created_timestamp&quot;:&quot;0&quot;,&quot;copyright&quot;:&quot;&quot;,&quot;focal_length&quot;:&quot;0&quot;,&quot;iso&quot;:&quot;0&quot;,&quot;shutter_speed&quot;:&quot;0&quot;,&quot;title&quot;:&quot;&quot;,&quot;orientation&quot;:&quot;0&quot;}\" data-image-title=\"galeria 004\" data-image-description=\"\" data-medium-file=\"https:\/\/www.motocultura.com.br\/home\/wp-content\/uploads\/2023\/03\/galeria-004-300x300.jpg\" data-large-file=\"https:\/\/www.motocultura.com.br\/home\/wp-content\/uploads\/2023\/03\/galeria-004-1024x1024.jpg\" src=\"https:\/\/i0.wp.com\/www.motocultura.com.br\/home\/wp-content\/uploads\/2023\/03\/galeria-004.jpg?w=596&#038;h=596&#038;crop=1&#038;ssl=1\" width=\"596\" height=\"596\" data-original-width=\"596\" data-original-height=\"596\" itemprop=\"http:\/\/schema.org\/image\" title=\"galeria 004\" alt=\"galeria 004\" style=\"width: 596px; height: 596px;\" \/> <\/div> <\/div> <\/div> <div class=\"gallery-row\" style=\"width: 1200px; height: 600px;\" data-original-width=\"1200\" data-original-height=\"600\" > <div class=\"gallery-group\" style=\"width: 600px; height: 600px;\" data-original-width=\"600\" data-original-height=\"600\" > <div class=\"tiled-gallery-item \" itemprop=\"associatedMedia\" itemscope itemtype=\"http:\/\/schema.org\/ImageObject\"> <meta itemprop=\"width\" content=\"596\"> <meta itemprop=\"height\" content=\"596\"> <img data-attachment-id=\"4383\" data-orig-file=\"https:\/\/www.motocultura.com.br\/home\/wp-content\/uploads\/2023\/03\/galeria-006.jpg\" data-orig-size=\"1080,1080\" data-comments-opened=\"1\" data-image-meta=\"{&quot;aperture&quot;:&quot;0&quot;,&quot;credit&quot;:&quot;&quot;,&quot;camera&quot;:&quot;&quot;,&quot;caption&quot;:&quot;&quot;,&quot;created_timestamp&quot;:&quot;0&quot;,&quot;copyright&quot;:&quot;&quot;,&quot;focal_length&quot;:&quot;0&quot;,&quot;iso&quot;:&quot;0&quot;,&quot;shutter_speed&quot;:&quot;0&quot;,&quot;title&quot;:&quot;&quot;,&quot;orientation&quot;:&quot;0&quot;}\" data-image-title=\"galeria 006\" data-image-description=\"\" data-medium-file=\"https:\/\/www.motocultura.com.br\/home\/wp-content\/uploads\/2023\/03\/galeria-006-300x300.jpg\" data-large-file=\"https:\/\/www.motocultura.com.br\/home\/wp-content\/uploads\/2023\/03\/galeria-006-1024x1024.jpg\" src=\"https:\/\/i0.wp.com\/www.motocultura.com.br\/home\/wp-content\/uploads\/2023\/03\/galeria-006.jpg?w=596&#038;h=596&#038;crop=1&#038;ssl=1\" width=\"596\" height=\"596\" data-original-width=\"596\" data-original-height=\"596\" itemprop=\"http:\/\/schema.org\/image\" title=\"galeria 006\" alt=\"galeria 006\" style=\"width: 596px; height: 596px;\" \/> <\/div> <\/div> <div class=\"gallery-group\" style=\"width: 600px; height: 600px;\" data-original-width=\"600\" data-original-height=\"600\" > <div class=\"tiled-gallery-item \" itemprop=\"associatedMedia\" itemscope itemtype=\"http:\/\/schema.org\/ImageObject\"> <meta itemprop=\"width\" content=\"596\"> <meta itemprop=\"height\" content=\"596\"> <img data-attachment-id=\"4384\" data-orig-file=\"https:\/\/www.motocultura.com.br\/home\/wp-content\/uploads\/2023\/03\/galeria-007.jpg\" data-orig-size=\"1080,1080\" data-comments-opened=\"1\" data-image-meta=\"{&quot;aperture&quot;:&quot;0&quot;,&quot;credit&quot;:&quot;&quot;,&quot;camera&quot;:&quot;&quot;,&quot;caption&quot;:&quot;&quot;,&quot;created_timestamp&quot;:&quot;0&quot;,&quot;copyright&quot;:&quot;&quot;,&quot;focal_length&quot;:&quot;0&quot;,&quot;iso&quot;:&quot;0&quot;,&quot;shutter_speed&quot;:&quot;0&quot;,&quot;title&quot;:&quot;&quot;,&quot;orientation&quot;:&quot;0&quot;}\" data-image-title=\"galeria 007\" data-image-description=\"\" data-medium-file=\"https:\/\/www.motocultura.com.br\/home\/wp-content\/uploads\/2023\/03\/galeria-007-300x300.jpg\" data-large-file=\"https:\/\/www.motocultura.com.br\/home\/wp-content\/uploads\/2023\/03\/galeria-007-1024x1024.jpg\" src=\"https:\/\/i0.wp.com\/www.motocultura.com.br\/home\/wp-content\/uploads\/2023\/03\/galeria-007.jpg?w=596&#038;h=596&#038;crop=1&#038;ssl=1\" width=\"596\" height=\"596\" data-original-width=\"596\" data-original-height=\"596\" itemprop=\"http:\/\/schema.org\/image\" title=\"galeria 007\" alt=\"galeria 007\" style=\"width: 596px; height: 596px;\" \/> <\/div> <\/div> <\/div> <div class=\"gallery-row\" style=\"width: 1200px; height: 600px;\" data-original-width=\"1200\" data-original-height=\"600\" > <div class=\"gallery-group\" style=\"width: 600px; height: 600px;\" data-original-width=\"600\" data-original-height=\"600\" > <div class=\"tiled-gallery-item \" itemprop=\"associatedMedia\" itemscope itemtype=\"http:\/\/schema.org\/ImageObject\"> <meta itemprop=\"width\" content=\"596\"> <meta itemprop=\"height\" content=\"596\"> <img data-attachment-id=\"4386\" data-orig-file=\"https:\/\/www.motocultura.com.br\/home\/wp-content\/uploads\/2023\/03\/galeria-009.jpg\" data-orig-size=\"879,879\" data-comments-opened=\"1\" data-image-meta=\"{&quot;aperture&quot;:&quot;0&quot;,&quot;credit&quot;:&quot;&quot;,&quot;camera&quot;:&quot;&quot;,&quot;caption&quot;:&quot;&quot;,&quot;created_timestamp&quot;:&quot;0&quot;,&quot;copyright&quot;:&quot;&quot;,&quot;focal_length&quot;:&quot;0&quot;,&quot;iso&quot;:&quot;0&quot;,&quot;shutter_speed&quot;:&quot;0&quot;,&quot;title&quot;:&quot;&quot;,&quot;orientation&quot;:&quot;0&quot;}\" data-image-title=\"galeria 009\" data-image-description=\"\" data-medium-file=\"https:\/\/www.motocultura.com.br\/home\/wp-content\/uploads\/2023\/03\/galeria-009-300x300.jpg\" data-large-file=\"https:\/\/www.motocultura.com.br\/home\/wp-content\/uploads\/2023\/03\/galeria-009.jpg\" src=\"https:\/\/i0.wp.com\/www.motocultura.com.br\/home\/wp-content\/uploads\/2023\/03\/galeria-009.jpg?w=596&#038;h=596&#038;crop=1&#038;ssl=1\" width=\"596\" height=\"596\" data-original-width=\"596\" data-original-height=\"596\" itemprop=\"http:\/\/schema.org\/image\" title=\"galeria 009\" alt=\"galeria 009\" style=\"width: 596px; height: 596px;\" \/> <\/div> <\/div> <div class=\"gallery-group\" style=\"width: 600px; height: 600px;\" data-original-width=\"600\" data-original-height=\"600\" > <div class=\"tiled-gallery-item \" itemprop=\"associatedMedia\" itemscope itemtype=\"http:\/\/schema.org\/ImageObject\"> <meta itemprop=\"width\" content=\"596\"> <meta itemprop=\"height\" content=\"596\"> <img data-attachment-id=\"4410\" data-orig-file=\"https:\/\/www.motocultura.com.br\/home\/wp-content\/uploads\/2023\/03\/galeria-003-1.jpg\" data-orig-size=\"733,733\" data-comments-opened=\"1\" data-image-meta=\"{&quot;aperture&quot;:&quot;0&quot;,&quot;credit&quot;:&quot;&quot;,&quot;camera&quot;:&quot;&quot;,&quot;caption&quot;:&quot;&quot;,&quot;created_timestamp&quot;:&quot;0&quot;,&quot;copyright&quot;:&quot;&quot;,&quot;focal_length&quot;:&quot;0&quot;,&quot;iso&quot;:&quot;0&quot;,&quot;shutter_speed&quot;:&quot;0&quot;,&quot;title&quot;:&quot;&quot;,&quot;orientation&quot;:&quot;0&quot;}\" data-image-title=\"galeria-003\" data-image-description=\"\" data-medium-file=\"https:\/\/www.motocultura.com.br\/home\/wp-content\/uploads\/2023\/03\/galeria-003-1-300x300.jpg\" data-large-file=\"https:\/\/www.motocultura.com.br\/home\/wp-content\/uploads\/2023\/03\/galeria-003-1.jpg\" src=\"https:\/\/i0.wp.com\/www.motocultura.com.br\/home\/wp-content\/uploads\/2023\/03\/galeria-003-1.jpg?w=596&#038;h=596&#038;crop=1&#038;ssl=1\" width=\"596\" height=\"596\" data-original-width=\"596\" data-original-height=\"596\" itemprop=\"http:\/\/schema.org\/image\" title=\"galeria-003\" alt=\"galeria-003\" style=\"width: 596px; height: 596px;\" \/> <\/div> <\/div> <\/div> <div class=\"gallery-row\" style=\"width: 1200px; height: 600px;\" data-original-width=\"1200\" data-original-height=\"600\" > <div class=\"gallery-group\" style=\"width: 600px; height: 600px;\" data-original-width=\"600\" data-original-height=\"600\" > <div class=\"tiled-gallery-item \" itemprop=\"associatedMedia\" itemscope itemtype=\"http:\/\/schema.org\/ImageObject\"> <meta itemprop=\"width\" content=\"596\"> <meta itemprop=\"height\" content=\"596\"> <img data-attachment-id=\"4387\" data-orig-file=\"https:\/\/www.motocultura.com.br\/home\/wp-content\/uploads\/2023\/03\/galeria-010.jpg\" data-orig-size=\"1080,1080\" data-comments-opened=\"1\" data-image-meta=\"{&quot;aperture&quot;:&quot;0&quot;,&quot;credit&quot;:&quot;&quot;,&quot;camera&quot;:&quot;&quot;,&quot;caption&quot;:&quot;&quot;,&quot;created_timestamp&quot;:&quot;0&quot;,&quot;copyright&quot;:&quot;&quot;,&quot;focal_length&quot;:&quot;0&quot;,&quot;iso&quot;:&quot;0&quot;,&quot;shutter_speed&quot;:&quot;0&quot;,&quot;title&quot;:&quot;&quot;,&quot;orientation&quot;:&quot;0&quot;}\" data-image-title=\"galeria 010\" data-image-description=\"\" data-medium-file=\"https:\/\/www.motocultura.com.br\/home\/wp-content\/uploads\/2023\/03\/galeria-010-300x300.jpg\" data-large-file=\"https:\/\/www.motocultura.com.br\/home\/wp-content\/uploads\/2023\/03\/galeria-010-1024x1024.jpg\" src=\"https:\/\/i0.wp.com\/www.motocultura.com.br\/home\/wp-content\/uploads\/2023\/03\/galeria-010.jpg?w=596&#038;h=596&#038;crop=1&#038;ssl=1\" width=\"596\" height=\"596\" data-original-width=\"596\" data-original-height=\"596\" itemprop=\"http:\/\/schema.org\/image\" title=\"galeria 010\" alt=\"galeria 010\" style=\"width: 596px; height: 596px;\" \/> <\/div> <\/div> <div class=\"gallery-group\" style=\"width: 600px; height: 600px;\" data-original-width=\"600\" data-original-height=\"600\" > <div class=\"tiled-gallery-item \" itemprop=\"associatedMedia\" itemscope itemtype=\"http:\/\/schema.org\/ImageObject\"> <meta itemprop=\"width\" content=\"596\"> <meta itemprop=\"height\" content=\"596\"> <img data-attachment-id=\"4388\" data-orig-file=\"https:\/\/www.motocultura.com.br\/home\/wp-content\/uploads\/2023\/03\/galeria-011.jpg\" data-orig-size=\"1080,1080\" data-comments-opened=\"1\" data-image-meta=\"{&quot;aperture&quot;:&quot;0&quot;,&quot;credit&quot;:&quot;&quot;,&quot;camera&quot;:&quot;&quot;,&quot;caption&quot;:&quot;&quot;,&quot;created_timestamp&quot;:&quot;0&quot;,&quot;copyright&quot;:&quot;&quot;,&quot;focal_length&quot;:&quot;0&quot;,&quot;iso&quot;:&quot;0&quot;,&quot;shutter_speed&quot;:&quot;0&quot;,&quot;title&quot;:&quot;&quot;,&quot;orientation&quot;:&quot;0&quot;}\" data-image-title=\"galeria 011\" data-image-description=\"\" data-medium-file=\"https:\/\/www.motocultura.com.br\/home\/wp-content\/uploads\/2023\/03\/galeria-011-300x300.jpg\" data-large-file=\"https:\/\/www.motocultura.com.br\/home\/wp-content\/uploads\/2023\/03\/galeria-011-1024x1024.jpg\" src=\"https:\/\/i0.wp.com\/www.motocultura.com.br\/home\/wp-content\/uploads\/2023\/03\/galeria-011.jpg?w=596&#038;h=596&#038;crop=1&#038;ssl=1\" width=\"596\" height=\"596\" data-original-width=\"596\" data-original-height=\"596\" itemprop=\"http:\/\/schema.org\/image\" title=\"galeria 011\" alt=\"galeria 011\" style=\"width: 596px; height: 596px;\" \/> <\/div> <\/div> <\/div> <div class=\"gallery-row\" style=\"width: 1200px; height: 600px;\" data-original-width=\"1200\" data-original-height=\"600\" > <div class=\"gallery-group\" style=\"width: 600px; height: 600px;\" data-original-width=\"600\" data-original-height=\"600\" > <div class=\"tiled-gallery-item \" itemprop=\"associatedMedia\" itemscope itemtype=\"http:\/\/schema.org\/ImageObject\"> <meta itemprop=\"width\" content=\"596\"> <meta itemprop=\"height\" content=\"596\"> <img data-attachment-id=\"4402\" data-orig-file=\"https:\/\/www.motocultura.com.br\/home\/wp-content\/uploads\/2023\/03\/galeria-20.jpg\" data-orig-size=\"888,889\" data-comments-opened=\"1\" data-image-meta=\"{&quot;aperture&quot;:&quot;0&quot;,&quot;credit&quot;:&quot;&quot;,&quot;camera&quot;:&quot;&quot;,&quot;caption&quot;:&quot;&quot;,&quot;created_timestamp&quot;:&quot;0&quot;,&quot;copyright&quot;:&quot;&quot;,&quot;focal_length&quot;:&quot;0&quot;,&quot;iso&quot;:&quot;0&quot;,&quot;shutter_speed&quot;:&quot;0&quot;,&quot;title&quot;:&quot;&quot;,&quot;orientation&quot;:&quot;0&quot;}\" data-image-title=\"galeria-20\" data-image-description=\"\" data-medium-file=\"https:\/\/www.motocultura.com.br\/home\/wp-content\/uploads\/2023\/03\/galeria-20-300x300.jpg\" data-large-file=\"https:\/\/www.motocultura.com.br\/home\/wp-content\/uploads\/2023\/03\/galeria-20.jpg\" src=\"https:\/\/i0.wp.com\/www.motocultura.com.br\/home\/wp-content\/uploads\/2023\/03\/galeria-20.jpg?w=596&#038;h=596&#038;crop=1&#038;ssl=1\" width=\"596\" height=\"596\" data-original-width=\"596\" data-original-height=\"596\" itemprop=\"http:\/\/schema.org\/image\" title=\"galeria-20\" alt=\"galeria-20\" style=\"width: 596px; height: 596px;\" \/> <\/div> <\/div> <div class=\"gallery-group\" style=\"width: 600px; height: 600px;\" data-original-width=\"600\" data-original-height=\"600\" > <div class=\"tiled-gallery-item \" itemprop=\"associatedMedia\" itemscope itemtype=\"http:\/\/schema.org\/ImageObject\"> <meta itemprop=\"width\" content=\"596\"> <meta itemprop=\"height\" content=\"596\"> <img data-attachment-id=\"4390\" data-orig-file=\"https:\/\/www.motocultura.com.br\/home\/wp-content\/uploads\/2023\/03\/galeria-013.jpg\" data-orig-size=\"1080,1080\" data-comments-opened=\"1\" data-image-meta=\"{&quot;aperture&quot;:&quot;0&quot;,&quot;credit&quot;:&quot;&quot;,&quot;camera&quot;:&quot;&quot;,&quot;caption&quot;:&quot;&quot;,&quot;created_timestamp&quot;:&quot;0&quot;,&quot;copyright&quot;:&quot;&quot;,&quot;focal_length&quot;:&quot;0&quot;,&quot;iso&quot;:&quot;0&quot;,&quot;shutter_speed&quot;:&quot;0&quot;,&quot;title&quot;:&quot;&quot;,&quot;orientation&quot;:&quot;0&quot;}\" data-image-title=\"galeria 013\" data-image-description=\"\" data-medium-file=\"https:\/\/www.motocultura.com.br\/home\/wp-content\/uploads\/2023\/03\/galeria-013-300x300.jpg\" data-large-file=\"https:\/\/www.motocultura.com.br\/home\/wp-content\/uploads\/2023\/03\/galeria-013-1024x1024.jpg\" src=\"https:\/\/i0.wp.com\/www.motocultura.com.br\/home\/wp-content\/uploads\/2023\/03\/galeria-013.jpg?w=596&#038;h=596&#038;crop=1&#038;ssl=1\" width=\"596\" height=\"596\" data-original-width=\"596\" data-original-height=\"596\" itemprop=\"http:\/\/schema.org\/image\" title=\"galeria 013\" alt=\"galeria 013\" style=\"width: 596px; height: 596px;\" \/> <\/div> <\/div> <\/div> <div class=\"gallery-row\" style=\"width: 1200px; height: 600px;\" data-original-width=\"1200\" data-original-height=\"600\" > <div class=\"gallery-group\" style=\"width: 600px; height: 600px;\" data-original-width=\"600\" data-original-height=\"600\" > <div class=\"tiled-gallery-item \" itemprop=\"associatedMedia\" itemscope itemtype=\"http:\/\/schema.org\/ImageObject\"> <meta itemprop=\"width\" content=\"596\"> <meta itemprop=\"height\" content=\"596\"> <img data-attachment-id=\"4391\" data-orig-file=\"https:\/\/www.motocultura.com.br\/home\/wp-content\/uploads\/2023\/03\/galeria-014.jpg\" data-orig-size=\"1080,1080\" data-comments-opened=\"1\" data-image-meta=\"{&quot;aperture&quot;:&quot;0&quot;,&quot;credit&quot;:&quot;&quot;,&quot;camera&quot;:&quot;&quot;,&quot;caption&quot;:&quot;&quot;,&quot;created_timestamp&quot;:&quot;0&quot;,&quot;copyright&quot;:&quot;&quot;,&quot;focal_length&quot;:&quot;0&quot;,&quot;iso&quot;:&quot;0&quot;,&quot;shutter_speed&quot;:&quot;0&quot;,&quot;title&quot;:&quot;&quot;,&quot;orientation&quot;:&quot;0&quot;}\" data-image-title=\"galeria 014\" data-image-description=\"\" data-medium-file=\"https:\/\/www.motocultura.com.br\/home\/wp-content\/uploads\/2023\/03\/galeria-014-300x300.jpg\" data-large-file=\"https:\/\/www.motocultura.com.br\/home\/wp-content\/uploads\/2023\/03\/galeria-014-1024x1024.jpg\" src=\"https:\/\/i0.wp.com\/www.motocultura.com.br\/home\/wp-content\/uploads\/2023\/03\/galeria-014.jpg?w=596&#038;h=596&#038;crop=1&#038;ssl=1\" width=\"596\" height=\"596\" data-original-width=\"596\" data-original-height=\"596\" itemprop=\"http:\/\/schema.org\/image\" title=\"galeria 014\" alt=\"galeria 014\" style=\"width: 596px; height: 596px;\" \/> <\/div> <\/div> <div class=\"gallery-group\" style=\"width: 600px; height: 600px;\" data-original-width=\"600\" data-original-height=\"600\" > <div class=\"tiled-gallery-item \" itemprop=\"associatedMedia\" itemscope itemtype=\"http:\/\/schema.org\/ImageObject\"> <meta itemprop=\"width\" content=\"596\"> <meta itemprop=\"height\" content=\"596\"> <img data-attachment-id=\"4392\" data-orig-file=\"https:\/\/www.motocultura.com.br\/home\/wp-content\/uploads\/2023\/03\/galeria-015.jpg\" data-orig-size=\"1080,1076\" data-comments-opened=\"1\" data-image-meta=\"{&quot;aperture&quot;:&quot;0&quot;,&quot;credit&quot;:&quot;&quot;,&quot;camera&quot;:&quot;&quot;,&quot;caption&quot;:&quot;&quot;,&quot;created_timestamp&quot;:&quot;0&quot;,&quot;copyright&quot;:&quot;&quot;,&quot;focal_length&quot;:&quot;0&quot;,&quot;iso&quot;:&quot;0&quot;,&quot;shutter_speed&quot;:&quot;0&quot;,&quot;title&quot;:&quot;&quot;,&quot;orientation&quot;:&quot;0&quot;}\" data-image-title=\"galeria 015\" data-image-description=\"\" data-medium-file=\"https:\/\/www.motocultura.com.br\/home\/wp-content\/uploads\/2023\/03\/galeria-015-300x300.jpg\" data-large-file=\"https:\/\/www.motocultura.com.br\/home\/wp-content\/uploads\/2023\/03\/galeria-015-1024x1020.jpg\" src=\"https:\/\/i0.wp.com\/www.motocultura.com.br\/home\/wp-content\/uploads\/2023\/03\/galeria-015.jpg?w=596&#038;h=596&#038;crop=1&#038;ssl=1\" width=\"596\" height=\"596\" data-original-width=\"596\" data-original-height=\"596\" itemprop=\"http:\/\/schema.org\/image\" title=\"galeria 015\" alt=\"galeria 015\" style=\"width: 596px; height: 596px;\" \/> <\/div> <\/div> <\/div> <div class=\"gallery-row\" style=\"width: 1200px; height: 600px;\" data-original-width=\"1200\" data-original-height=\"600\" > <div class=\"gallery-group\" style=\"width: 600px; height: 600px;\" data-original-width=\"600\" data-original-height=\"600\" > <div class=\"tiled-gallery-item \" itemprop=\"associatedMedia\" itemscope itemtype=\"http:\/\/schema.org\/ImageObject\"> <meta itemprop=\"width\" content=\"596\"> <meta itemprop=\"height\" content=\"596\"> <img data-attachment-id=\"4395\" data-orig-file=\"https:\/\/www.motocultura.com.br\/home\/wp-content\/uploads\/2023\/03\/cbx750f-1986-collectors73.jpg\" data-orig-size=\"750,719\" data-comments-opened=\"1\" data-image-meta=\"{&quot;aperture&quot;:&quot;0&quot;,&quot;credit&quot;:&quot;&quot;,&quot;camera&quot;:&quot;&quot;,&quot;caption&quot;:&quot;&quot;,&quot;created_timestamp&quot;:&quot;0&quot;,&quot;copyright&quot;:&quot;&quot;,&quot;focal_length&quot;:&quot;0&quot;,&quot;iso&quot;:&quot;0&quot;,&quot;shutter_speed&quot;:&quot;0&quot;,&quot;title&quot;:&quot;&quot;,&quot;orientation&quot;:&quot;0&quot;}\" data-image-title=\"cbx750f-1986-collectors73\" data-image-description=\"\" data-medium-file=\"https:\/\/www.motocultura.com.br\/home\/wp-content\/uploads\/2023\/03\/cbx750f-1986-collectors73-300x288.jpg\" data-large-file=\"https:\/\/www.motocultura.com.br\/home\/wp-content\/uploads\/2023\/03\/cbx750f-1986-collectors73.jpg\" src=\"https:\/\/i0.wp.com\/www.motocultura.com.br\/home\/wp-content\/uploads\/2023\/03\/cbx750f-1986-collectors73.jpg?w=596&#038;h=596&#038;crop=1&#038;ssl=1\" width=\"596\" height=\"596\" data-original-width=\"596\" data-original-height=\"596\" itemprop=\"http:\/\/schema.org\/image\" title=\"cbx750f-1986-collectors73\" alt=\"cbx750f-1986-collectors73\" style=\"width: 596px; height: 596px;\" \/> <\/div> <\/div> <div class=\"gallery-group\" style=\"width: 600px; height: 600px;\" data-original-width=\"600\" data-original-height=\"600\" > <div class=\"tiled-gallery-item \" itemprop=\"associatedMedia\" itemscope itemtype=\"http:\/\/schema.org\/ImageObject\"> <meta itemprop=\"width\" content=\"596\"> <meta itemprop=\"height\" content=\"596\"> <img data-attachment-id=\"4398\" data-orig-file=\"https:\/\/www.motocultura.com.br\/home\/wp-content\/uploads\/2023\/03\/galeria-17.jpg\" data-orig-size=\"800,800\" data-comments-opened=\"1\" data-image-meta=\"{&quot;aperture&quot;:&quot;0&quot;,&quot;credit&quot;:&quot;&quot;,&quot;camera&quot;:&quot;&quot;,&quot;caption&quot;:&quot;&quot;,&quot;created_timestamp&quot;:&quot;0&quot;,&quot;copyright&quot;:&quot;&quot;,&quot;focal_length&quot;:&quot;0&quot;,&quot;iso&quot;:&quot;0&quot;,&quot;shutter_speed&quot;:&quot;0&quot;,&quot;title&quot;:&quot;&quot;,&quot;orientation&quot;:&quot;0&quot;}\" data-image-title=\"galeria-17\" data-image-description=\"\" data-medium-file=\"https:\/\/www.motocultura.com.br\/home\/wp-content\/uploads\/2023\/03\/galeria-17-300x300.jpg\" data-large-file=\"https:\/\/www.motocultura.com.br\/home\/wp-content\/uploads\/2023\/03\/galeria-17.jpg\" src=\"https:\/\/i0.wp.com\/www.motocultura.com.br\/home\/wp-content\/uploads\/2023\/03\/galeria-17.jpg?w=596&#038;h=596&#038;crop=1&#038;ssl=1\" width=\"596\" height=\"596\" data-original-width=\"596\" data-original-height=\"596\" itemprop=\"http:\/\/schema.org\/image\" title=\"galeria-17\" alt=\"galeria-17\" style=\"width: 596px; height: 596px;\" \/> <\/div> <\/div> <\/div> <div class=\"gallery-row\" style=\"width: 1200px; height: 600px;\" data-original-width=\"1200\" data-original-height=\"600\" > <div class=\"gallery-group\" style=\"width: 600px; height: 600px;\" data-original-width=\"600\" data-original-height=\"600\" > <div class=\"tiled-gallery-item \" itemprop=\"associatedMedia\" itemscope itemtype=\"http:\/\/schema.org\/ImageObject\"> <meta itemprop=\"width\" content=\"596\"> <meta itemprop=\"height\" content=\"596\"> <img data-attachment-id=\"4400\" data-orig-file=\"https:\/\/www.motocultura.com.br\/home\/wp-content\/uploads\/2023\/03\/galeria-18-1.jpg\" data-orig-size=\"1080,1080\" data-comments-opened=\"1\" data-image-meta=\"{&quot;aperture&quot;:&quot;0&quot;,&quot;credit&quot;:&quot;&quot;,&quot;camera&quot;:&quot;&quot;,&quot;caption&quot;:&quot;&quot;,&quot;created_timestamp&quot;:&quot;0&quot;,&quot;copyright&quot;:&quot;&quot;,&quot;focal_length&quot;:&quot;0&quot;,&quot;iso&quot;:&quot;0&quot;,&quot;shutter_speed&quot;:&quot;0&quot;,&quot;title&quot;:&quot;&quot;,&quot;orientation&quot;:&quot;0&quot;}\" data-image-title=\"galeria-18\" data-image-description=\"\" data-medium-file=\"https:\/\/www.motocultura.com.br\/home\/wp-content\/uploads\/2023\/03\/galeria-18-1-300x300.jpg\" data-large-file=\"https:\/\/www.motocultura.com.br\/home\/wp-content\/uploads\/2023\/03\/galeria-18-1-1024x1024.jpg\" src=\"https:\/\/i0.wp.com\/www.motocultura.com.br\/home\/wp-content\/uploads\/2023\/03\/galeria-18-1.jpg?w=596&#038;h=596&#038;crop=1&#038;ssl=1\" width=\"596\" height=\"596\" data-original-width=\"596\" data-original-height=\"596\" itemprop=\"http:\/\/schema.org\/image\" title=\"galeria-18\" alt=\"galeria-18\" style=\"width: 596px; height: 596px;\" \/> <\/div> <\/div> <div class=\"gallery-group\" style=\"width: 600px; height: 600px;\" data-original-width=\"600\" data-original-height=\"600\" > <div class=\"tiled-gallery-item \" itemprop=\"associatedMedia\" itemscope itemtype=\"http:\/\/schema.org\/ImageObject\"> <meta itemprop=\"width\" content=\"596\"> <meta itemprop=\"height\" content=\"596\"> <img data-attachment-id=\"4401\" data-orig-file=\"https:\/\/www.motocultura.com.br\/home\/wp-content\/uploads\/2023\/03\/galeria-19.jpg\" data-orig-size=\"872,872\" data-comments-opened=\"1\" data-image-meta=\"{&quot;aperture&quot;:&quot;0&quot;,&quot;credit&quot;:&quot;&quot;,&quot;camera&quot;:&quot;&quot;,&quot;caption&quot;:&quot;&quot;,&quot;created_timestamp&quot;:&quot;0&quot;,&quot;copyright&quot;:&quot;&quot;,&quot;focal_length&quot;:&quot;0&quot;,&quot;iso&quot;:&quot;0&quot;,&quot;shutter_speed&quot;:&quot;0&quot;,&quot;title&quot;:&quot;&quot;,&quot;orientation&quot;:&quot;0&quot;}\" data-image-title=\"galeria-19\" data-image-description=\"\" data-medium-file=\"https:\/\/www.motocultura.com.br\/home\/wp-content\/uploads\/2023\/03\/galeria-19-300x300.jpg\" data-large-file=\"https:\/\/www.motocultura.com.br\/home\/wp-content\/uploads\/2023\/03\/galeria-19.jpg\" src=\"https:\/\/i0.wp.com\/www.motocultura.com.br\/home\/wp-content\/uploads\/2023\/03\/galeria-19.jpg?w=596&#038;h=596&#038;crop=1&#038;ssl=1\" width=\"596\" height=\"596\" data-original-width=\"596\" data-original-height=\"596\" itemprop=\"http:\/\/schema.org\/image\" title=\"galeria-19\" alt=\"galeria-19\" style=\"width: 596px; height: 596px;\" \/> <\/div> <\/div> <\/div> <\/div>\n<p>O <b>Collectors 73<\/b> tem um <a href=\"https:\/\/www.instagram.com\/collector_73_\/\">perfil no Instagram<\/a> que faz sucesso entre customizadores e entusiastas. Mas essa exposi\u00e7\u00e3o toda que a internet traz j\u00e1 fez Carlos dizer muitos <b>n\u00e3os<\/b>. Recusar projetos, principalmente em fun\u00e7\u00e3o da quest\u00e3o geogr\u00e1fica, acaba fazendo um importante papel de um primeiro filtro.<\/p>\n<figure id=\"attachment_4365\" aria-describedby=\"caption-attachment-4365\" style=\"width: 870px\" class=\"wp-caption aligncenter\"><img decoding=\"async\" loading=\"lazy\" class=\"size-full wp-image-4365\" src=\"https:\/\/www.motocultura.com.br\/home\/wp-content\/uploads\/2023\/03\/instagram-collector-73.jpg\" alt=\"\" width=\"870\" height=\"870\" srcset=\"https:\/\/www.motocultura.com.br\/home\/wp-content\/uploads\/2023\/03\/instagram-collector-73.jpg 870w, https:\/\/www.motocultura.com.br\/home\/wp-content\/uploads\/2023\/03\/instagram-collector-73-300x300.jpg 300w, https:\/\/www.motocultura.com.br\/home\/wp-content\/uploads\/2023\/03\/instagram-collector-73-150x150.jpg 150w, https:\/\/www.motocultura.com.br\/home\/wp-content\/uploads\/2023\/03\/instagram-collector-73-768x768.jpg 768w, https:\/\/www.motocultura.com.br\/home\/wp-content\/uploads\/2023\/03\/instagram-collector-73-365x365.jpg 365w, https:\/\/www.motocultura.com.br\/home\/wp-content\/uploads\/2023\/03\/instagram-collector-73-500x500.jpg 500w\" sizes=\"(max-width: 870px) 100vw, 870px\" \/><figcaption id=\"caption-attachment-4365\" class=\"wp-caption-text\">Instagram da Collector 73: inspira\u00e7\u00e3o e refer\u00eancia para o mundo.<\/figcaption><\/figure>\n<p>&nbsp;<\/p>\n<h4>O mercado da customiza\u00e7\u00e3o e as perspectivas futuras<\/h4>\n<p>Indagado sobre as <b>percep\u00e7\u00f5es desse mercado de customiza\u00e7\u00e3o<\/b>, Carlos acha que a pandemia prejudicou um pouco o meio j\u00e1 que acabou afetando praticamente tudo. Mas o p\u00f3s-pandemia pode ser um momento do mercado voltar com tudo e com for\u00e7a. A pr\u00f3pria chegada da franquia <a href=\"https:\/\/br.deuscustoms.com\"><b>Deus Ex Machina<\/b><\/a> ao Brasil nesse per\u00edodo \u00e9 um sinal claro desse movimento de retorno e consolida\u00e7\u00e3o.<\/p>\n<p>Outro ponto importante, frente \u00e0 crescente onda de viol\u00eancia urbana e roubo de motos, \u00e9 o fato das customizadas n\u00e3o serem visadas. A maior dificuldade, como sempre, \u00e9 a legaliza\u00e7\u00e3o dos projetos (a Collector regulariza todos junto ao <b>INMETRO <\/b>e ao <b>Detran<\/b>) frente a uma legisla\u00e7\u00e3o obscura e autoridades pouco tolerantes e flex\u00edveis.<\/p>\n<p>De qualquer forma, Carlos acredita que ainda<b> estamos longe da vibe do mercado Europeu e Americano<\/b> que, devidamente consolidado, prospera e gera muitas oportunidades e movimentos. Claro que parte do motivo de estarmos ainda patinando \u00e9 nossa economia sempre cambaleante que traz a desigualdade social e transforma a moto customizada em praticamente um objeto de luxo, limitando muito o mercado.<\/p>\n<p>Com toda sua experi\u00eancia, Carlos tem uma <b>\u00fanica e importante dica para quem pretende customizar uma moto<\/b>: <i>\u201cPense em um projeto que cabe na moto que voc\u00ea tem. Se for o caso, venda sua moto e compre outra que seja mais adequada a seu tipo de projeto.\u201d<\/i><\/p>\n<p>Uma ideia que pode ganhar a luz do dia em algum momento, segundo Carlos, \u00e9 <b>eternizar a cole\u00e7\u00e3o das 73 motos em um livro<\/b>. Mas isso s\u00f3 depois que a<b> n\u00famero 73<\/b> estiver rodando por a\u00ed. At\u00e9 l\u00e1 vamos ficar esperando ansiosamente pela cole\u00e7\u00e3o completa e pelo livro!<\/p>\n<p>&nbsp;<\/p>\n<figure id=\"attachment_4374\" aria-describedby=\"caption-attachment-4374\" style=\"width: 1000px\" class=\"wp-caption aligncenter\"><img decoding=\"async\" loading=\"lazy\" class=\"wp-image-4374 size-full\" src=\"https:\/\/www.motocultura.com.br\/home\/wp-content\/uploads\/2023\/03\/capa-livro-collector-73-1.jpg\" alt=\"\" width=\"1000\" height=\"750\" srcset=\"https:\/\/www.motocultura.com.br\/home\/wp-content\/uploads\/2023\/03\/capa-livro-collector-73-1.jpg 1000w, https:\/\/www.motocultura.com.br\/home\/wp-content\/uploads\/2023\/03\/capa-livro-collector-73-1-300x225.jpg 300w, https:\/\/www.motocultura.com.br\/home\/wp-content\/uploads\/2023\/03\/capa-livro-collector-73-1-768x576.jpg 768w\" sizes=\"(max-width: 1000px) 100vw, 1000px\" \/><figcaption id=\"caption-attachment-4374\" class=\"wp-caption-text\">Livro: poss\u00edvel projeto futuro<\/figcaption><\/figure>\n<p>&nbsp;<\/p>\n<blockquote>\n<h4><b>Servi\u00e7o:<\/b><\/h4>\n<p>Instagram: <a href=\"https:\/\/www.instagram.com\/collector_73_\/\">Collector 73<\/a><\/p><\/blockquote>\n","protected":false},"excerpt":{"rendered":"<p>A precoce influ\u00eancia paterna e o \u00edmpeto de exercitar a criatividade, aliados ao fasc\u00ednio pelas duas rodas, plantou uma ideia persistente na cabe\u00e7a do administrador de empresas Carlos Delgado de Carvalho: materializar uma cole\u00e7\u00e3o exclusiva de motocicletas customizadas atreladas ao melhor do esp\u00edrito do motociclismo em uma esp\u00e9cie de confraria movida a amizade, paix\u00e3o e, [&hellip;]<\/p>\n","protected":false},"author":2,"featured_media":4376,"comment_status":"open","ping_status":"open","sticky":false,"template":"","format":"standard","meta":[],"categories":[4,5,7],"tags":[20,215,510,509,435,511,508,12,463,457,274,173],"jetpack_featured_media_url":"https:\/\/www.motocultura.com.br\/home\/wp-content\/uploads\/2023\/03\/abre-materia-collector-73.jpg","jetpack-related-posts":[{"id":1390,"url":"https:\/\/www.motocultura.com.br\/home\/moto-customizada-do-ano-motocultura-segunda-finalista-suzuki-freewind-650\/","url_meta":{"origin":4338,"position":0},"title":"Moto Customizada do Ano Motocultura \u2013 Segunda Finalista: Suzuki Freewind 650","author":"Guilhes Damian","date":"17 de julho de 2017","format":false,"excerpt":"Dia 12 de julho aconteceu a segunda etapa do Concurso Moto Customizada do Ano Motocultura, mais uma vez no Delirium Caf\u00e9 S\u00e3o Paulo. Depois da escolha da primeira finalista na primeira edi\u00e7\u00e3o, novamente 8 jurados escolheram 5 motocicletas entre as quais foi eleita mais uma finalista para concorrer a grande\u2026","rel":"","context":"Em &quot;CUSTOMIZA\u00c7\u00c3O&quot;","block_context":{"text":"CUSTOMIZA\u00c7\u00c3O","link":"https:\/\/www.motocultura.com.br\/home\/category\/customizacao\/"},"img":{"alt_text":"","src":"https:\/\/i0.wp.com\/www.motocultura.com.br\/home\/wp-content\/uploads\/2017\/07\/destaque.png?resize=350%2C200&ssl=1","width":350,"height":200},"classes":[]},{"id":3865,"url":"https:\/\/www.motocultura.com.br\/home\/bmw-f650-scrambler-customizada-por-frateschi-garage\/","url_meta":{"origin":4338,"position":1},"title":"BMW F650 Scrambler customizada por Frateschi Garage","author":"Guilhes Damian","date":"5 de outubro de 2020","format":false,"excerpt":"Um dos grandes desafios dos customizadores muitas vezes \u00e9 a pr\u00f3pria moto base. Muitas motocicletas s\u00e3o sucesso de p\u00fablico e cr\u00edtica no quesito desempenho, performance, conforto e tantos outros adjetivos afins. E \u00e9 justamente esse o caso da mono cil\u00edndrica BMW F650. Por\u00e9m, nem tudo s\u00e3o flores. Cria dos anos\u2026","rel":"","context":"Em &quot;CUSTOMIZA\u00c7\u00c3O&quot;","block_context":{"text":"CUSTOMIZA\u00c7\u00c3O","link":"https:\/\/www.motocultura.com.br\/home\/category\/customizacao\/"},"img":{"alt_text":"","src":"https:\/\/i0.wp.com\/www.motocultura.com.br\/home\/wp-content\/uploads\/2020\/10\/bmw-f650-chamada.jpg?resize=350%2C200&ssl=1","width":350,"height":200,"srcset":"https:\/\/i0.wp.com\/www.motocultura.com.br\/home\/wp-content\/uploads\/2020\/10\/bmw-f650-chamada.jpg?resize=350%2C200&ssl=1 1x, https:\/\/i0.wp.com\/www.motocultura.com.br\/home\/wp-content\/uploads\/2020\/10\/bmw-f650-chamada.jpg?resize=700%2C400&ssl=1 2x"},"classes":[]},{"id":3997,"url":"https:\/\/www.motocultura.com.br\/home\/moto-customizada-yamaha-factor-150-scrambler-benta-handmade\/","url_meta":{"origin":4338,"position":2},"title":"Moto customizada Yamaha Factor 150 Scrambler Benta Handmade","author":"Guilhes Damian","date":"12 de abril de 2021","format":false,"excerpt":"Nem sempre \u00e9 preciso um trabalho insano e moroso para dar uma nova cara e estilo a uma motocicleta. Principalmente quando se trata da customiza\u00e7\u00e3o de uma moto de baixa cilindrada onde, geralmente, a estrutura mais enxuta possibilita que poucas e pontuais altera\u00e7\u00f5es transformem as campe\u00e3s de vendas e mais\u2026","rel":"","context":"Em &quot;CUSTOMIZA\u00c7\u00c3O&quot;","block_context":{"text":"CUSTOMIZA\u00c7\u00c3O","link":"https:\/\/www.motocultura.com.br\/home\/category\/customizacao\/"},"img":{"alt_text":"Yamaha Factor 150 Scrambler Benta Handemade","src":"https:\/\/i0.wp.com\/www.motocultura.com.br\/home\/wp-content\/uploads\/2021\/04\/foto-abertura-materia.jpg?resize=350%2C200&ssl=1","width":350,"height":200,"srcset":"https:\/\/i0.wp.com\/www.motocultura.com.br\/home\/wp-content\/uploads\/2021\/04\/foto-abertura-materia.jpg?resize=350%2C200&ssl=1 1x, https:\/\/i0.wp.com\/www.motocultura.com.br\/home\/wp-content\/uploads\/2021\/04\/foto-abertura-materia.jpg?resize=700%2C400&ssl=1 2x"},"classes":[]},{"id":4046,"url":"https:\/\/www.motocultura.com.br\/home\/moto-honda-cg-125-cafe-racer-por-santiago-cafe\/","url_meta":{"origin":4338,"position":3},"title":"Moto Honda CG 125 cafe racer por Santiago Cafe","author":"Guilhes Damian","date":"9 de julho de 2022","format":false,"excerpt":"O chamado objeto de desejo nem sempre diz respeito a algum bem material car\u00edssimo, provavelmente acess\u00edvel a poucos com saldo banc\u00e1rio suficiente para tornar realidade um sonho de consumo em particular. Objeto de desejo, muitas vezes, tem rela\u00e7\u00e3o com identidade e, principalmente, em transformar algo ordin\u00e1rio, comum, em um objeto\u2026","rel":"","context":"Em &quot;CUSTOMIZA\u00c7\u00c3O&quot;","block_context":{"text":"CUSTOMIZA\u00c7\u00c3O","link":"https:\/\/www.motocultura.com.br\/home\/category\/customizacao\/"},"img":{"alt_text":"","src":"https:\/\/i0.wp.com\/www.motocultura.com.br\/home\/wp-content\/uploads\/2022\/07\/honda-cg-125-cafe-racer-001.jpg?resize=350%2C200&ssl=1","width":350,"height":200,"srcset":"https:\/\/i0.wp.com\/www.motocultura.com.br\/home\/wp-content\/uploads\/2022\/07\/honda-cg-125-cafe-racer-001.jpg?resize=350%2C200&ssl=1 1x, https:\/\/i0.wp.com\/www.motocultura.com.br\/home\/wp-content\/uploads\/2022\/07\/honda-cg-125-cafe-racer-001.jpg?resize=700%2C400&ssl=1 2x, https:\/\/i0.wp.com\/www.motocultura.com.br\/home\/wp-content\/uploads\/2022\/07\/honda-cg-125-cafe-racer-001.jpg?resize=1050%2C600&ssl=1 3x"},"classes":[]},{"id":1705,"url":"https:\/\/www.motocultura.com.br\/home\/barbara-custom-motorcycles-o-futuro-do-design-de-motocicletas\/","url_meta":{"origin":4338,"position":4},"title":"Barbara Custom Motorcycles &#8211; O Futuro do Design de Motocicletas","author":"Guilhes Damian","date":"4 de dezembro de 2017","format":false,"excerpt":"Nem s\u00f3 de olhar para o passado vive a customiza\u00e7\u00e3o de motocicletas. Atualmente, e provavelmente desde sempre, a maior tend\u00eancia na customiza\u00e7\u00e3o \u00e9 buscar refer\u00eancias retr\u00f4 e remeter as motocicletas de \u00e9pocas passadas. A customiza\u00e7\u00e3o contempor\u00e2nea est\u00e1 por a\u00ed em upgrades visuais e de performance com o que temos dispon\u00edvel\u2026","rel":"","context":"Em &quot;CUSTOMIZA\u00c7\u00c3O&quot;","block_context":{"text":"CUSTOMIZA\u00c7\u00c3O","link":"https:\/\/www.motocultura.com.br\/home\/category\/customizacao\/"},"img":{"alt_text":"","src":"https:\/\/i0.wp.com\/www.motocultura.com.br\/home\/wp-content\/uploads\/2017\/12\/barbara.png?resize=350%2C200&ssl=1","width":350,"height":200},"classes":[]},{"id":4170,"url":"https:\/\/www.motocultura.com.br\/home\/concurso-de-motos-customizadas-motocultura-2022\/","url_meta":{"origin":4338,"position":5},"title":"Concurso de Motos Customizadas Motocultura 2022","author":"Motocultura","date":"22 de fevereiro de 2023","format":false,"excerpt":"Em sua sexta edi\u00e7\u00e3o, o tradicional concurso de motocicletas customizadas Motocultura aconteceu em dezembro de 2022 no Johnnie Wash, em S\u00e3o Paulo. Desde a \u00faltima edi\u00e7\u00e3o o concurso acontece de forma virtual e aceita inscri\u00e7\u00f5es de qualquer lugar do mundo. O an\u00fancio das motos vencedoras foi feito no dia 6\u2026","rel":"","context":"Em &quot;CUSTOMIZA\u00c7\u00c3O&quot;","block_context":{"text":"CUSTOMIZA\u00c7\u00c3O","link":"https:\/\/www.motocultura.com.br\/home\/category\/customizacao\/"},"img":{"alt_text":"","src":"https:\/\/i0.wp.com\/www.motocultura.com.br\/home\/wp-content\/uploads\/2023\/02\/abre-concurso-motocultura-2022.jpg?resize=350%2C200&ssl=1","width":350,"height":200,"srcset":"https:\/\/i0.wp.com\/www.motocultura.com.br\/home\/wp-content\/uploads\/2023\/02\/abre-concurso-motocultura-2022.jpg?resize=350%2C200&ssl=1 1x, https:\/\/i0.wp.com\/www.motocultura.com.br\/home\/wp-content\/uploads\/2023\/02\/abre-concurso-motocultura-2022.jpg?resize=700%2C400&ssl=1 2x, https:\/\/i0.wp.com\/www.motocultura.com.br\/home\/wp-content\/uploads\/2023\/02\/abre-concurso-motocultura-2022.jpg?resize=1050%2C600&ssl=1 3x"},"classes":[]}],"jetpack_sharing_enabled":true,"_links":{"self":[{"href":"https:\/\/www.motocultura.com.br\/home\/wp-json\/wp\/v2\/posts\/4338"}],"collection":[{"href":"https:\/\/www.motocultura.com.br\/home\/wp-json\/wp\/v2\/posts"}],"about":[{"href":"https:\/\/www.motocultura.com.br\/home\/wp-json\/wp\/v2\/types\/post"}],"author":[{"embeddable":true,"href":"https:\/\/www.motocultura.com.br\/home\/wp-json\/wp\/v2\/users\/2"}],"replies":[{"embeddable":true,"href":"https:\/\/www.motocultura.com.br\/home\/wp-json\/wp\/v2\/comments?post=4338"}],"version-history":[{"count":26,"href":"https:\/\/www.motocultura.com.br\/home\/wp-json\/wp\/v2\/posts\/4338\/revisions"}],"predecessor-version":[{"id":4412,"href":"https:\/\/www.motocultura.com.br\/home\/wp-json\/wp\/v2\/posts\/4338\/revisions\/4412"}],"wp:featuredmedia":[{"embeddable":true,"href":"https:\/\/www.motocultura.com.br\/home\/wp-json\/wp\/v2\/media\/4376"}],"wp:attachment":[{"href":"https:\/\/www.motocultura.com.br\/home\/wp-json\/wp\/v2\/media?parent=4338"}],"wp:term":[{"taxonomy":"category","embeddable":true,"href":"https:\/\/www.motocultura.com.br\/home\/wp-json\/wp\/v2\/categories?post=4338"},{"taxonomy":"post_tag","embeddable":true,"href":"https:\/\/www.motocultura.com.br\/home\/wp-json\/wp\/v2\/tags?post=4338"}],"curies":[{"name":"wp","href":"https:\/\/api.w.org\/{rel}","templated":true}]}}