{"id":712,"date":"2017-03-21T23:04:37","date_gmt":"2017-03-22T02:04:37","guid":{"rendered":"https:\/\/www.motocultura.com.br\/home\/?p=712"},"modified":"2017-03-21T23:04:55","modified_gmt":"2017-03-22T02:04:55","slug":"um-incrivel-curta-sobre-o-globo-da-morte","status":"publish","type":"post","link":"https:\/\/www.motocultura.com.br\/home\/um-incrivel-curta-sobre-o-globo-da-morte\/","title":{"rendered":"Um incr\u00edvel curta sobre o globo da morte"},"content":{"rendered":"<p>A produtora inglesa <a href=\"http:\/\/www.madebyautobahn.com\/\" target=\"_blank\">Autobahn<\/a> produziu um curta metragem muito legal sobre Lucius Zafalon, \u00a0um artista perform\u00e1tico da incr\u00edvel atra\u00e7\u00e3o circense conhecida como Globo da Morte. Lucius criou um time de exibi\u00e7\u00e3o chamado <a href=\"https:\/\/www.facebook.com\/pg\/LUCIOZAFALON\/\" target=\"_blank\">The Lucius Team<\/a>\u00a0e apresenta-se com regularidade com sua equipe pela Europa.<!--more--><\/p>\n<p>Confira abaixo o curta super bem produzido mostrando um pouco do estilo de vida de quem vive da motocicleta da forma mais perigosa poss\u00edvel!<\/p>\n<p><iframe loading=\"lazy\" src=\"https:\/\/player.vimeo.com\/video\/189050258?color=ffffff&amp;title=0&amp;byline=0&amp;portrait=0\" width=\"870\" height=\"348\" frameborder=\"0\" allowfullscreen=\"allowfullscreen\"><\/iframe><\/p>\n<p>A atra\u00e7\u00e3o nasceu oficialmente por volta de 1904 quando\u00a0a gaiola onde os motociclistas se apresentam foi patenteada provavelmente pela primeira vez.<\/p>\n<p>O Globo \u00e9 particularmente popular na Am\u00e9rica Latina e, caso voc\u00ea n\u00e3o saiba, os brasileiros s\u00e3o considerados os melhores pilotos.<\/p>\n<p>Voc\u00ea tamb\u00e9m pode assistir outros v\u00eddeos das apresenta\u00e7\u00f5es no <a href=\"https:\/\/www.youtube.com\/channel\/UCVige4iyNN_2mqp427YA9vg\" target=\"_blank\">canal do Youtube de Lucius<\/a>.<\/p>\n","protected":false},"excerpt":{"rendered":"<p>A produtora inglesa Autobahn produziu um curta metragem muito legal sobre Lucius Zafalon, \u00a0um artista perform\u00e1tico da incr\u00edvel atra\u00e7\u00e3o circense conhecida como Globo da Morte. Lucius criou um time de exibi\u00e7\u00e3o chamado The Lucius Team\u00a0e apresenta-se com regularidade com sua equipe pela Europa.<\/p>\n","protected":false},"author":1,"featured_media":714,"comment_status":"open","ping_status":"open","sticky":false,"template":"","format":"standard","meta":[],"categories":[4,6],"tags":[43,44,45],"jetpack_featured_media_url":"https:\/\/www.motocultura.com.br\/home\/wp-content\/uploads\/2017\/03\/globo.png","jetpack-related-posts":[{"id":736,"url":"https:\/\/www.motocultura.com.br\/home\/moto-laser-o-seriado-de-televisao-dos-anos-80\/","url_meta":{"origin":712,"position":0},"title":"Moto Laser &#8211; o seriado de televis\u00e3o dos anos 80","author":"Guilhes Damian","date":"24 de mar\u00e7o de 2017","format":false,"excerpt":"No dia 6 de setembro de 1985 a crian\u00e7ada brasileira ficou em polvorosa com a exibi\u00e7\u00e3o do piloto de um seriado no qual a grande estrela era uma motocicleta negra, super tecnol\u00f3gica que, al\u00e9m de disparar lasers, m\u00edsseis e metralhadoras, saltava de maneiras inimagin\u00e1veis\u00a0e alcan\u00e7ava 300 quil\u00f4metros por hora. Na\u2026","rel":"","context":"Em &quot;CULTURA&quot;","block_context":{"text":"CULTURA","link":"https:\/\/www.motocultura.com.br\/home\/category\/cultura\/"},"img":{"alt_text":"","src":"https:\/\/i0.wp.com\/www.motocultura.com.br\/home\/wp-content\/uploads\/2017\/03\/destaque2.jpg?resize=350%2C200&ssl=1","width":350,"height":200},"classes":[]},{"id":787,"url":"https:\/\/www.motocultura.com.br\/home\/documentario-o-sol-poente-o-passado-e-o-presente-dos-bosozoku\/","url_meta":{"origin":712,"position":1},"title":"Document\u00e1rio: O Sol Poente &#8211; O passado e o presente dos Bosozoku","author":"Guilhes Damian","date":"27 de mar\u00e7o de 2017","format":false,"excerpt":"Os bosozoku s\u00e3o a vers\u00e3o japonesa dos t\u00edpicos grupos de motociclistas fora da lei. Mas a \u00fanica semelhan\u00e7a com grupos pelo mundo afora \u00e9 o fato de serem outsiders. Todo o resto \u00e9 completamente diferente. As diferen\u00e7as culturais gigantescas do oriente para o ocidente, assim como o contexto hist\u00f3rico, fizeram\u2026","rel":"","context":"Em &quot;CULTURA&quot;","block_context":{"text":"CULTURA","link":"https:\/\/www.motocultura.com.br\/home\/category\/cultura\/"},"img":{"alt_text":"","src":"https:\/\/i0.wp.com\/www.motocultura.com.br\/home\/wp-content\/uploads\/2017\/03\/bosozoku.png?resize=350%2C200&ssl=1","width":350,"height":200},"classes":[]},{"id":4037,"url":"https:\/\/www.motocultura.com.br\/home\/podcast-numero-1-motocultura-como-nasceu-o-projeto-customizacao-motocicletas-e-motociclismo\/","url_meta":{"origin":712,"position":2},"title":"Podcast n\u00famero 1 Motocultura &#8211; Como nasceu o projeto, customiza\u00e7\u00e3o, motocicletas e motociclismo","author":"Motocultura","date":"9 de abril de 2022","format":false,"excerpt":"Sorrateiramente, em um encontro \u00e0s escuras na cidade de S\u00e3o Paulo, Motocultura reuniu-se em est\u00fadio para mais uma iniciativa para seus leitores e seguidores. Agora Motocultura tem seu pr\u00f3prio podcast e nele vamos soltar o verbo sobre o mundo da moto e, principalmente, continuar nossa miss\u00e3o de divulgar o incr\u00edvel\u2026","rel":"","context":"Em &quot;CULTURA&quot;","block_context":{"text":"CULTURA","link":"https:\/\/www.motocultura.com.br\/home\/category\/cultura\/"},"img":{"alt_text":"","src":"https:\/\/i0.wp.com\/www.motocultura.com.br\/home\/wp-content\/uploads\/2022\/04\/chamada-podcast.png?resize=350%2C200&ssl=1","width":350,"height":200,"srcset":"https:\/\/i0.wp.com\/www.motocultura.com.br\/home\/wp-content\/uploads\/2022\/04\/chamada-podcast.png?resize=350%2C200&ssl=1 1x, https:\/\/i0.wp.com\/www.motocultura.com.br\/home\/wp-content\/uploads\/2022\/04\/chamada-podcast.png?resize=700%2C400&ssl=1 2x, https:\/\/i0.wp.com\/www.motocultura.com.br\/home\/wp-content\/uploads\/2022\/04\/chamada-podcast.png?resize=1050%2C600&ssl=1 3x"},"classes":[]},{"id":2568,"url":"https:\/\/www.motocultura.com.br\/home\/motorama-entrevista-e-a-historia-do-canal\/","url_meta":{"origin":712,"position":3},"title":"Motorama: Entrevista e a hist\u00f3ria do canal","author":"Guilhes Damian","date":"26 de julho de 2019","format":false,"excerpt":"Como a maioria dos nossos leitores j\u00e1 sabem, Motocultura tem como um de seus pilares falar sobre as pessoas que fazem da motocicleta um estilo de vida e, tamb\u00e9m, contar suas boas hist\u00f3rias e trajet\u00f3rias. E ningu\u00e9m melhor que a dupla din\u00e2mica Guigo Pinheiro e Hugo Renault, do divertido e\u2026","rel":"","context":"Em &quot;CULTURA&quot;","block_context":{"text":"CULTURA","link":"https:\/\/www.motocultura.com.br\/home\/category\/cultura\/"},"img":{"alt_text":"","src":"https:\/\/i0.wp.com\/www.motocultura.com.br\/home\/wp-content\/uploads\/2019\/07\/abre.jpg?resize=350%2C200&ssl=1","width":350,"height":200},"classes":[]},{"id":2725,"url":"https:\/\/www.motocultura.com.br\/home\/ducati-xdiavel-reale-por-luan-moura\/","url_meta":{"origin":712,"position":4},"title":"Ducati XDiavel Reale por Luan Moura","author":"Guilhes Damian","date":"22 de novembro de 2019","format":false,"excerpt":"J\u00e1 quase tradi\u00e7\u00e3o de Motocultura, todo ano realizamos junto \u00e0s concession\u00e1rias da Ducati um concurso de grafismo com as desejadas m\u00e1quinas italianas. A inten\u00e7\u00e3o \u00e9 estimular\u00a0 e revelar novos talentos no meio das duas rodas. Em 2019, um dos projetos enviados deixou todo mundo de queixo ca\u00eddo: uma XDiavel incr\u00edvel\u2026","rel":"","context":"Em &quot;CUSTOMIZA\u00c7\u00c3O&quot;","block_context":{"text":"CUSTOMIZA\u00c7\u00c3O","link":"https:\/\/www.motocultura.com.br\/home\/category\/customizacao\/"},"img":{"alt_text":"","src":"https:\/\/i0.wp.com\/www.motocultura.com.br\/home\/wp-content\/uploads\/2019\/11\/xdiavel-reale.jpg?resize=350%2C200&ssl=1","width":350,"height":200},"classes":[]},{"id":2714,"url":"https:\/\/www.motocultura.com.br\/home\/as-ducati-scrambler-e-x-diavel-criadas-pelos-leitores-de-motocultura-vencedoras-do-concurso-de-grafismo-ducati-dos-sonhos\/","url_meta":{"origin":712,"position":5},"title":"As Ducati Scrambler e X Diavel criadas pelos leitores de Motocultura vencedoras do concurso de grafismo Ducati dos Sonhos","author":"Guilhes Damian","date":"22 de novembro de 2019","format":false,"excerpt":"Motocultura promoveu em 2019, pela segunda vez, um concurso chamando os talentos do design e seus leitores a desenvolverem um grafismo exclusivo para os modelos Scrambler e XDiavel da italiana Ducati. Entre todos os projetos recebidos, dois foram escolhidos a dedo pelas concession\u00e1rias Ducati Mooca e Ducati Campinas para se\u2026","rel":"","context":"Em &quot;CUSTOMIZA\u00c7\u00c3O&quot;","block_context":{"text":"CUSTOMIZA\u00c7\u00c3O","link":"https:\/\/www.motocultura.com.br\/home\/category\/customizacao\/"},"img":{"alt_text":"","src":"https:\/\/i0.wp.com\/www.motocultura.com.br\/home\/wp-content\/uploads\/2019\/11\/ducati-dos-sonhos.jpg?resize=350%2C200&ssl=1","width":350,"height":200},"classes":[]}],"jetpack_sharing_enabled":true,"_links":{"self":[{"href":"https:\/\/www.motocultura.com.br\/home\/wp-json\/wp\/v2\/posts\/712"}],"collection":[{"href":"https:\/\/www.motocultura.com.br\/home\/wp-json\/wp\/v2\/posts"}],"about":[{"href":"https:\/\/www.motocultura.com.br\/home\/wp-json\/wp\/v2\/types\/post"}],"author":[{"embeddable":true,"href":"https:\/\/www.motocultura.com.br\/home\/wp-json\/wp\/v2\/users\/1"}],"replies":[{"embeddable":true,"href":"https:\/\/www.motocultura.com.br\/home\/wp-json\/wp\/v2\/comments?post=712"}],"version-history":[{"count":0,"href":"https:\/\/www.motocultura.com.br\/home\/wp-json\/wp\/v2\/posts\/712\/revisions"}],"wp:featuredmedia":[{"embeddable":true,"href":"https:\/\/www.motocultura.com.br\/home\/wp-json\/wp\/v2\/media\/714"}],"wp:attachment":[{"href":"https:\/\/www.motocultura.com.br\/home\/wp-json\/wp\/v2\/media?parent=712"}],"wp:term":[{"taxonomy":"category","embeddable":true,"href":"https:\/\/www.motocultura.com.br\/home\/wp-json\/wp\/v2\/categories?post=712"},{"taxonomy":"post_tag","embeddable":true,"href":"https:\/\/www.motocultura.com.br\/home\/wp-json\/wp\/v2\/tags?post=712"}],"curies":[{"name":"wp","href":"https:\/\/api.w.org\/{rel}","templated":true}]}}