{"id":782,"date":"2017-03-26T12:00:54","date_gmt":"2017-03-26T15:00:54","guid":{"rendered":"https:\/\/www.motocultura.com.br\/home\/?p=782"},"modified":"2017-03-25T17:29:28","modified_gmt":"2017-03-25T20:29:28","slug":"como-sao-montadas-as-motos-da-motogp","status":"publish","type":"post","link":"https:\/\/www.motocultura.com.br\/home\/como-sao-montadas-as-motos-da-motogp\/","title":{"rendered":"Como s\u00e3o montadas as motos da MotoGP"},"content":{"rendered":"<p>O <a href=\"https:\/\/www.youtube.com\/channel\/UC8pYaQzbBBXg9GIOHRvTmDQ\" target=\"_blank\">canal oficial no Youtube da MotoGP<\/a>, principal categoria de competi\u00e7\u00e3o quando o assunto \u00e9 esporte em duas rodas, entre uma temporada e outra, sempre traz coisas bastante interessantes no quadro chamado <em><strong>Off Season Show<\/strong><\/em>. Um\u00a0destes programas,\u00a0no in\u00edcio de 2016, mostra como as motos s\u00e3o montadas no vai e vem do circo das competi\u00e7\u00f5es anuais. \u00a0<!--more--><\/p>\n<p>O rep\u00f3rter Dylan Gray visita a oficina da<a href=\"http:\/\/www.gresiniracing.com\/\" target=\"_blank\">\u00a0<em>Gresini Racing<\/em><\/a>, na It\u00e1lia, para<strong>\u00a0<\/strong>entender como uma <em><strong>Aprilia<\/strong><\/em>, assim como\u00a0todas as outras motos, \u00e9\u00a0montada em grandes blocos pr\u00e9-montados, para facilitar e acelerar\u00a0o processo\u00a0ou mesmo facilitar a troca de blocos inteiros de pe\u00e7as, j\u00e1 que estas motos viajam sempre desmontadas de um ponto a outro.<\/p>\n<p>S\u00e3o 20 minutos muito interessantes com v\u00e1rias curiosidades sobre as m\u00e1quina de competi\u00e7\u00e3o. Uma delas \u00e9 que at\u00e9 as incr\u00edveis motos da <em><strong>MotoGP<\/strong><\/em> utilizam\u00a0tie-wrap para deixar algumas coisas no lugar!<\/p>\n<p><strong>Assista:<\/strong><\/p>\n<p><iframe loading=\"lazy\" width=\"1200\" height=\"675\" src=\"https:\/\/www.youtube.com\/embed\/JOwKyThAw2M?feature=oembed\" frameborder=\"0\" allowfullscreen><\/iframe><\/p>\n<p>&nbsp;<\/p>\n","protected":false},"excerpt":{"rendered":"<p>O canal oficial no Youtube da MotoGP, principal categoria de competi\u00e7\u00e3o quando o assunto \u00e9 esporte em duas rodas, entre uma temporada e outra, sempre traz coisas bastante interessantes no quadro chamado Off Season Show. Um\u00a0destes programas,\u00a0no in\u00edcio de 2016, mostra como as motos s\u00e3o montadas no vai e vem do circo das competi\u00e7\u00f5es anuais. [&hellip;]<\/p>\n","protected":false},"author":1,"featured_media":783,"comment_status":"open","ping_status":"open","sticky":false,"template":"","format":"standard","meta":[],"categories":[7],"tags":[21,54,56,55,45],"jetpack_featured_media_url":"https:\/\/www.motocultura.com.br\/home\/wp-content\/uploads\/2017\/03\/montagem-motogp.jpg","jetpack-related-posts":[{"id":771,"url":"https:\/\/www.motocultura.com.br\/home\/documentarios-sobre-moto-no-netflix\/","url_meta":{"origin":782,"position":0},"title":"Document\u00e1rios sobre moto no NETFLIX","author":"Guilhes Damian","date":"25 de mar\u00e7o de 2017","format":false,"excerpt":"Se voc\u00ea \u00e9 um dos entusiastas, e assinante, do servi\u00e7o de streaming mais querido do momento, separamos para voc\u00ea 4 filmes que est\u00e3o atualmente no cat\u00e1logo brasileiro da NETFLIX cujo tema \u00e9 seu tema favorito: motos. O grande problema \u00e9 que os filmes v\u00e3o e vem pois o cat\u00e1logo n\u00e3o\u2026","rel":"","context":"Em &quot;CULTURA&quot;","block_context":{"text":"CULTURA","link":"https:\/\/www.motocultura.com.br\/home\/category\/cultura\/"},"img":{"alt_text":"","src":"https:\/\/i0.wp.com\/www.motocultura.com.br\/home\/wp-content\/uploads\/2017\/03\/fastest.jpg?resize=350%2C200&ssl=1","width":350,"height":200},"classes":[]},{"id":1225,"url":"https:\/\/www.motocultura.com.br\/home\/sr-corse-a-oficina-especializada-em-marcas-europeias-fundada-por-um-uruguaio-apaixonado-por-motos\/","url_meta":{"origin":782,"position":1},"title":"SR Corse &#8211; a oficina especializada em marcas europeias fundada por um uruguaio apaixonado por motos","author":"Guilhes Damian","date":"24 de maio de 2017","format":false,"excerpt":"Em uma rua tranquila no cora\u00e7\u00e3o do bairro mais bo\u00eamio da cidade de S\u00e3o Paulo, Vila Madalena, vive e trabalha um simp\u00e1tico\u00a0uruguaio que veio para o Brasil com a ideia de trabalhar com sua paix\u00e3o: motocicletas. Sebasti\u00e1n Roch\u00f3n\u00a0 herdou o gosto pelas motos e motores de seu pai, veio para\u2026","rel":"","context":"Em &quot;CULTURA&quot;","block_context":{"text":"CULTURA","link":"https:\/\/www.motocultura.com.br\/home\/category\/cultura\/"},"img":{"alt_text":"","src":"https:\/\/i0.wp.com\/www.motocultura.com.br\/home\/wp-content\/uploads\/2017\/05\/destaque.png?resize=350%2C200&ssl=1","width":350,"height":200,"srcset":"https:\/\/i0.wp.com\/www.motocultura.com.br\/home\/wp-content\/uploads\/2017\/05\/destaque.png?resize=350%2C200&ssl=1 1x, https:\/\/i0.wp.com\/www.motocultura.com.br\/home\/wp-content\/uploads\/2017\/05\/destaque.png?resize=700%2C400&ssl=1 2x"},"classes":[]},{"id":1194,"url":"https:\/\/www.motocultura.com.br\/home\/cagiva-mito-125-a-historia-de-uma-classica-moderna\/","url_meta":{"origin":782,"position":2},"title":"Cagiva Mito 125 &#8211; A hist\u00f3ria de uma cl\u00e1ssica moderna","author":"Guilhes Damian","date":"6 de maio de 2017","format":false,"excerpt":"Nem s\u00f3 de super esportivas de quatro cilindros e\u00a01000cc vive o homem. Existem\u00a0pequenas j\u00f3ias de 125 cilindradas que, em termos de design, tecnologia e acabamento n\u00e3o devem absolutamente nada para ningu\u00e9m. Um bel\u00edssimo exemplar desta categoria e que tornou-se um cl\u00e1ssico moderno \u00e9 a Cagiva Mito. Uma pequena fant\u00e1stica que,\u2026","rel":"","context":"Em &quot;MOTOCICLETAS&quot;","block_context":{"text":"MOTOCICLETAS","link":"https:\/\/www.motocultura.com.br\/home\/category\/motocicletas\/"},"img":{"alt_text":"","src":"https:\/\/i0.wp.com\/www.motocultura.com.br\/home\/wp-content\/uploads\/2017\/05\/POST-MOTOCULTURA.png?resize=350%2C200&ssl=1","width":350,"height":200},"classes":[]},{"id":371,"url":"https:\/\/www.motocultura.com.br\/home\/museu-de-motos-classicas-honda-em-sao-paulo\/","url_meta":{"origin":782,"position":3},"title":"Museu de motos cl\u00e1ssicas Honda em S\u00e3o Paulo","author":"Motocultura","date":"26 de fevereiro de 2017","format":false,"excerpt":"Um passeio bacana para quem est\u00e1 na cidade de S\u00e3o Paulo \u00e9 visitar um incr\u00edvel\u00a0museu permanente montado pela concession\u00e1ria Honda Moto Remazza. L\u00e1 voc\u00ea vai poder ver de perto, em estado de conserva\u00e7\u00e3o impec\u00e1vel, muitas motocicletas da marca que fizeram hist\u00f3ria no Brasil e tamb\u00e9m no mundo. A cole\u00e7\u00e3o do\u2026","rel":"","context":"Em &quot;CULTURA&quot;","block_context":{"text":"CULTURA","link":"https:\/\/www.motocultura.com.br\/home\/category\/cultura\/"},"img":{"alt_text":"","src":"https:\/\/i0.wp.com\/www.motocultura.com.br\/home\/wp-content\/uploads\/2017\/02\/2d8a9373b-12.jpg?resize=350%2C200&ssl=1","width":350,"height":200},"classes":[]},{"id":3246,"url":"https:\/\/www.motocultura.com.br\/home\/filmes-de-moto-para-motociclistas-nas-plataformas-de-streaming\/","url_meta":{"origin":782,"position":4},"title":"Filmes de moto para motociclistas nas plataformas de streaming","author":"Guilhes Damian","date":"3 de abril de 2020","format":false,"excerpt":"Motociclismo e motocicletas, quando o assunto \u00e9 cinema, s\u00e3o um nicho muito espec\u00edfico. Apesar de existir uma oferta razo\u00e1vel de t\u00edtulos que tratam do tema, seja direta ou indiretamente, digamos que a qualidade como produ\u00e7\u00e3o cinematogr\u00e1fica n\u00e3o \u00e9 exatamente um denominador comum. Mas se colocarmos para escanteio nosso lado Rubens\u2026","rel":"","context":"Em &quot;CULTURA&quot;","block_context":{"text":"CULTURA","link":"https:\/\/www.motocultura.com.br\/home\/category\/cultura\/"},"img":{"alt_text":"","src":"https:\/\/i0.wp.com\/www.motocultura.com.br\/home\/wp-content\/uploads\/2020\/04\/imagem-destaque.jpg?resize=350%2C200&ssl=1","width":350,"height":200,"srcset":"https:\/\/i0.wp.com\/www.motocultura.com.br\/home\/wp-content\/uploads\/2020\/04\/imagem-destaque.jpg?resize=350%2C200&ssl=1 1x, https:\/\/i0.wp.com\/www.motocultura.com.br\/home\/wp-content\/uploads\/2020\/04\/imagem-destaque.jpg?resize=700%2C400&ssl=1 2x"},"classes":[]},{"id":2083,"url":"https:\/\/www.motocultura.com.br\/home\/moto-customizada-do-ano-etapa-scrambler-e-brat\/","url_meta":{"origin":782,"position":5},"title":"Moto Customizada do Ano &#8211; Etapa Scrambler e Brat","author":"Guilhes Damian","date":"17 de setembro de 2018","format":false,"excerpt":"No dia 29 de agosto de 2018 o grupo\u00a0Cafe Racer Brasil, Motocultura,\u00a0Bratstyle Brasil\u00a0e\u00a0Garagem Cafe Racer\u00a0reuniram mais 6 motocicletas customizadas, desta vez nos estilos scrambler e brat para concorrerem ao t\u00edtulo de moto customizada do ano. A iniciativa surgiu em 2017 (voc\u00ea pode conferir como foi a edi\u00e7\u00e3o 2017 aqui) tendo\u2026","rel":"","context":"Em &quot;CUSTOMIZA\u00c7\u00c3O&quot;","block_context":{"text":"CUSTOMIZA\u00c7\u00c3O","link":"https:\/\/www.motocultura.com.br\/home\/category\/customizacao\/"},"img":{"alt_text":"","src":"https:\/\/i0.wp.com\/www.motocultura.com.br\/home\/wp-content\/uploads\/2018\/09\/post-mot.png?resize=350%2C200&ssl=1","width":350,"height":200},"classes":[]}],"jetpack_sharing_enabled":true,"_links":{"self":[{"href":"https:\/\/www.motocultura.com.br\/home\/wp-json\/wp\/v2\/posts\/782"}],"collection":[{"href":"https:\/\/www.motocultura.com.br\/home\/wp-json\/wp\/v2\/posts"}],"about":[{"href":"https:\/\/www.motocultura.com.br\/home\/wp-json\/wp\/v2\/types\/post"}],"author":[{"embeddable":true,"href":"https:\/\/www.motocultura.com.br\/home\/wp-json\/wp\/v2\/users\/1"}],"replies":[{"embeddable":true,"href":"https:\/\/www.motocultura.com.br\/home\/wp-json\/wp\/v2\/comments?post=782"}],"version-history":[{"count":0,"href":"https:\/\/www.motocultura.com.br\/home\/wp-json\/wp\/v2\/posts\/782\/revisions"}],"wp:featuredmedia":[{"embeddable":true,"href":"https:\/\/www.motocultura.com.br\/home\/wp-json\/wp\/v2\/media\/783"}],"wp:attachment":[{"href":"https:\/\/www.motocultura.com.br\/home\/wp-json\/wp\/v2\/media?parent=782"}],"wp:term":[{"taxonomy":"category","embeddable":true,"href":"https:\/\/www.motocultura.com.br\/home\/wp-json\/wp\/v2\/categories?post=782"},{"taxonomy":"post_tag","embeddable":true,"href":"https:\/\/www.motocultura.com.br\/home\/wp-json\/wp\/v2\/tags?post=782"}],"curies":[{"name":"wp","href":"https:\/\/api.w.org\/{rel}","templated":true}]}}